    
{"id":70435,"date":"2023-10-09T12:26:56","date_gmt":"2023-10-09T10:26:56","guid":{"rendered":"https:\/\/www.praha7.cz\/?p=70435"},"modified":"2023-10-09T12:26:56","modified_gmt":"2023-10-09T10:26:56","slug":"praha-7-vyvesila-na-radnici-vlajky-izraele-a-osn","status":"publish","type":"post","link":"https:\/\/www.praha7.cz\/praha-7-vyvesila-na-radnici-vlajky-izraele-a-osn\/","title":{"rendered":"Praha&nbsp;7 vyv\u011bsila na radnici vlajky Izraele a&nbsp;OSN"},"content":{"rendered":"<p>[perex]<\/p>\r\n<p>M\u010c Praha&nbsp;7 v&nbsp;pond\u011bl\u00ed 9.&nbsp;\u0159\u00edjna 2023 vyv\u011bsila na budov\u011b radnice vlajku Izraele jako vyj\u00e1d\u0159en\u00ed hlubok\u00e9 l\u00edtosti nad ob\u011b\u0165mi teroru a&nbsp;soun\u00e1le\u017eitosti s&nbsp;lidmi, kte\u0159\u00ed trp\u00ed v&nbsp;d\u016fsledku konfliktu v&nbsp;regionu. Sedm\u00e1 m\u011bstsk\u00e1 \u010d\u00e1st vyv\u011bsila tak\u00e9 vlajku OSN jako symbol podpory m\u00edrov\u00e9ho \u0159e\u0161en\u00ed.<\/p>\r\n<p>[\/perex]<\/p>","protected":false},"excerpt":{"rendered":"[perex] M\u010c Praha&nbsp;7 v&nbsp;pond\u011bl\u00ed 9.&nbsp;\u0159\u00edjna 2023 vyv\u011bsila na budov\u011b radnice vlajku Izraele jako vyj\u00e1d\u0159en\u00ed hlubok\u00e9 l\u00edtosti nad ob\u011b\u0165mi teroru a&nbsp;soun\u00e1le\u017eitosti s&nbsp;lidmi, kte\u0159\u00ed trp\u00ed v&nbsp;d\u016fsledku konfliktu v&nbsp;regionu. Sedm\u00e1 m\u011bstsk\u00e1 \u010d\u00e1st vyv\u011bsila tak\u00e9 vlajku OSN jako symbol podpory m\u00edrov\u00e9ho \u0159e\u0161en\u00ed. [\/perex]","protected":false},"author":251,"featured_media":70436,"comment_status":"closed","ping_status":"open","sticky":false,"template":"","format":"standard","meta":[],"categories":[34],"tags":[],"_links":{"self":[{"href":"https:\/\/www.praha7.cz\/api\/wp\/v2\/posts\/70435"}],"collection":[{"href":"https:\/\/www.praha7.cz\/api\/wp\/v2\/posts"}],"about":[{"href":"https:\/\/www.praha7.cz\/api\/wp\/v2\/types\/post"}],"author":[{"embeddable":true,"href":"https:\/\/www.praha7.cz\/api\/wp\/v2\/users\/251"}],"replies":[{"embeddable":true,"href":"https:\/\/www.praha7.cz\/api\/wp\/v2\/comments?post=70435"}],"version-history":[{"count":1,"href":"https:\/\/www.praha7.cz\/api\/wp\/v2\/posts\/70435\/revisions"}],"predecessor-version":[{"id":70437,"href":"https:\/\/www.praha7.cz\/api\/wp\/v2\/posts\/70435\/revisions\/70437"}],"wp:featuredmedia":[{"embeddable":true,"href":"https:\/\/www.praha7.cz\/api\/wp\/v2\/media\/70436"}],"wp:attachment":[{"href":"https:\/\/www.praha7.cz\/api\/wp\/v2\/media?parent=70435"}],"wp:term":[{"taxonomy":"category","embeddable":true,"href":"https:\/\/www.praha7.cz\/api\/wp\/v2\/categories?post=70435"},{"taxonomy":"post_tag","embeddable":true,"href":"https:\/\/www.praha7.cz\/api\/wp\/v2\/tags?post=70435"}],"curies":[{"name":"wp","href":"https:\/\/api.w.org\/{rel}","templated":true}]}}