    
{"id":70421,"date":"2023-10-06T13:00:09","date_gmt":"2023-10-06T11:00:09","guid":{"rendered":"https:\/\/www.praha7.cz\/?p=70421"},"modified":"2024-01-22T15:19:09","modified_gmt":"2024-01-22T14:19:09","slug":"pozvanka-na-7-radne-jednani-zastupitelstva-mc-praha-7","status":"publish","type":"post","link":"https:\/\/www.praha7.cz\/pozvanka-na-7-radne-jednani-zastupitelstva-mc-praha-7\/","title":{"rendered":"Pozv\u00e1nka na 7.&nbsp;\u0159\u00e1dn\u00e9 jedn\u00e1n\u00ed Zastupitelstva M\u010c Praha&nbsp;7"},"content":{"rendered":"<p style=\"text-align: justify;\">[perex]<\/p>\r\n<p style=\"text-align: justify;\">7.&nbsp;\u0159\u00e1dn\u00e9 jedn\u00e1n\u00ed Zastupitelstva M\u010c Praha&nbsp;7 se kon\u00e1 v&nbsp;pond\u011bl\u00ed 16.&nbsp;\u0159\u00edjna 2023 od 17.00 hodin.<\/p>\r\n<p style=\"text-align: justify;\">P\u0159enos jedn\u00e1n\u00ed m\u016f\u017eete sledovat\u00a0<a href=\"https:\/\/www.youtube.com\/watch?v=kRslVPn6jVs\">ZDE<\/a>.\u00a0<\/p>\r\n<p style=\"text-align: justify;\">Materi\u00e1ly k&nbsp;7.&nbsp;\u0159\u00e1dn\u00e9mu jedn\u00e1n\u00ed Zastupitelstva M\u010c Praha&nbsp;7 najdete <a href=\"https:\/\/usneseni.praha7.cz\/usneseni\/organ\/1\" target=\"_blank\" rel=\"noopener\">ZDE<\/a>.<\/p>\r\n<p style=\"text-align: justify;\">[\/perex]<\/p>\r\n<p style=\"text-align: justify;\"><strong>Program 7.&nbsp;\u0159\u00e1dn\u00e9ho jedn\u00e1n\u00ed Zastupitelstva M\u010c Praha&nbsp;7\u00a0<\/strong><\/p>\r\n<ul>\r\n\t<li>Pravideln\u00fd bod programu za\u0159azen\u00fd za bod \u010d. 2 \u2013 Dotazy a&nbsp;p\u0159ipom\u00ednky ob\u010dan\u016f 1<\/li>\r\n\t<li>Pravideln\u00fd bod programu za\u0159azen\u00fd pevn\u011b na 18 hodinu \u2013 Dotazy a&nbsp;p\u0159ipom\u00ednky ob\u010dan\u016f 2\u00a0<\/li>\r\n<\/ul>\r\n<p style=\"text-align: justify;\"><strong>1.\u00a0<\/strong> Zah\u00e1jen\u00ed, volba n\u00e1vrhov\u00e9ho a&nbsp;volebn\u00edho v\u00fdboru<\/p>\r\n<p style=\"text-align: justify;\"><strong>2.\u00a0 <\/strong>Schv\u00e1len\u00ed programu jedn\u00e1n\u00ed Zastupitelstva M\u010c Praha&nbsp;7<\/p>\r\n<p style=\"text-align: justify;\"><strong>3.<\/strong>\u00a0 N\u00c1VRH ke sn\u00ed\u017een\u00ed po\u010dtu funkc\u00ed s&nbsp;\u00fa\u010dinnost\u00ed od 01.&nbsp;11.&nbsp;2023, pro kter\u00e9 budou \u010dlenov\u00e9 Zastupitelstva M\u010c Praha&nbsp;7 uvoln\u011bni pro volebn\u00ed obdob\u00ed 2022 \u2013 2026<\/p>\r\n<p style=\"text-align: justify;\"><strong>4.\u00a0<\/strong> N\u00c1VRH k&nbsp;Memorandu o&nbsp;spolupr\u00e1ci hlavn\u00edho m\u011bsta Prahy a&nbsp;M\u010c Praha&nbsp;7 p\u0159i zaji\u0161t\u011bn\u00ed nestavebn\u00ed \u00fadr\u017eby pozemn\u00edch komunikac\u00ed na \u00fazem\u00ed hl. m. Prahy<\/p>\r\n<p style=\"text-align: justify;\"><strong>5.\u00a0<\/strong> N\u00c1VRH na po\u0159\u00edzen\u00ed zm\u011bny \u00dazemn\u00edho pl\u00e1nu hl. m. Prahy zkr\u00e1cen\u00fdm postupem pro soubor pozemk\u016f v&nbsp;k. \u00fa. Hole\u0161ovice um\u00edst\u011bn\u00fdch v&nbsp;severoz\u00e1padn\u00ed \u010d\u00e1sti are\u00e1lu TJ Lokomotiva Praha p\u0159i ulici U&nbsp;M\u011bstsk\u00fdch dom\u016f\u201c<\/p>\r\n<p style=\"text-align: justify;\"><strong>6.\u00a0<\/strong> N\u00c1VRH k&nbsp;za\u0159azen\u00ed nov\u00e9 investi\u010dn\u00ed akce s&nbsp;n\u00e1zvem po\u0159\u00edzen\u00ed hern\u00edch a&nbsp;sportovn\u00edch prvk\u016f do upraven\u00e9ho rozpo\u010dtu v\u00fddaj\u016f M\u010c Praha&nbsp;7 v&nbsp;rozpo\u010dtov\u00e9m roce 2023 &#8211; v&nbsp;celkov\u00e9m objemu finan\u010dn\u00edch prost\u0159edk\u016f 45&nbsp;072,50&nbsp;K\u010d (rozpo\u010dtov\u011b 45,10 tis. K\u010d<\/p>\r\n<p style=\"text-align: justify;\"><strong>7.\u00a0<\/strong> N\u00c1VRH k&nbsp;poskytnut\u00ed individu\u00e1ln\u00edch dotac\u00ed v&nbsp;oblasti soci\u00e1ln\u00ed a&nbsp;zdravotn\u00ed dle \u017e\u00e1dost\u00ed podan\u00fdch v&nbsp;\u010dervnu 2023<\/p>\r\n<p style=\"text-align: justify;\"><strong>8.\u00a0<\/strong> INFORMACE o&nbsp;stavu rozvoje VR\u00da Bubny &#8211; Z\u00e1tor<\/p>\r\n<p style=\"text-align: justify;\"><strong>9.\u00a0<\/strong> INFORMACE o&nbsp;\u010derp\u00e1n\u00ed finan\u010dn\u00edch prost\u0159edk\u016f z&nbsp;Humanitn\u00edho fondu v&nbsp;1.&nbsp;pololet\u00ed 2023<\/p>\r\n<p style=\"text-align: justify;\"><strong>10.<\/strong> INFORMACE o&nbsp;\u010dinnosti Rady M\u010c Praha&nbsp;7 a&nbsp;pln\u011bn\u00ed \u00fakol\u016f ulo\u017een\u00fdch Rad\u011b M\u010c Praha&nbsp;7 Zastupitelstvem\u00a0 M\u010c Praha&nbsp;7 v&nbsp;obdob\u00ed mezi 6.&nbsp;a&nbsp;7.&nbsp;zased\u00e1n\u00edm Zastupitelstva v&nbsp;roce 2023<\/p>\r\n<p style=\"text-align: justify;\"><strong>11.<\/strong> INFORMACE o&nbsp;\u010dinnosti Kontroln\u00edho v\u00fdboru Zastupitelstva M\u010c Praha&nbsp;7 obdob\u00ed mezi 6.&nbsp;a&nbsp;7.&nbsp;zased\u00e1n\u00edm Zastupitelstva M\u010c P7 v\u00a0roce 2023<\/p>\r\n<p style=\"text-align: justify;\"><strong>12.<\/strong> INFORMACE o&nbsp;\u010dinnosti Finan\u010dn\u00edho v\u00fdboru Zastupitelstva M\u010c Praha&nbsp;7 v\u00a0obdob\u00ed mezi 6.&nbsp;a&nbsp;7.&nbsp;zased\u00e1n\u00edm Zastupitelstva M\u010c Praha&nbsp;7 v\u00a0roce 2023<\/p>\r\n<p style=\"text-align: justify;\"><strong>13.<\/strong> INFORMACE o&nbsp;\u010dinnosti V\u00fdboru pro vzd\u011bl\u00e1v\u00e1n\u00ed, soci\u00e1ln\u00ed politiku a&nbsp;zdravotnictv\u00ed Zastupitelstva M\u010c Praha&nbsp;7 v\u00a0obdob\u00ed mezi 6.&nbsp;a&nbsp;7.&nbsp;zased\u00e1n\u00edm Zastupitelstva M\u010c Praha&nbsp;7 v\u00a0roce 2023<\/p>\r\n<p style=\"text-align: justify;\"><strong>14.<\/strong> Dopisy, adresovan\u00e9 Z\u00a0M\u010c P7<\/p>\r\n<p style=\"text-align: justify;\"><strong>15.<\/strong> R\u016fzn\u00e9<\/p>\r\n<p style=\"text-align: justify;\"><strong>16.<\/strong> Z\u00e1v\u011br<\/p>\r\n<p style=\"text-align: justify;\">Mgr. Jan \u010ci\u017einsk\u00fd<br \/>\r\nStarosta m\u011bstsk\u00e9 \u010d\u00e1sti Praha&nbsp;7<\/p>","protected":false},"excerpt":{"rendered":"[perex] 7.&nbsp;\u0159\u00e1dn\u00e9 jedn\u00e1n\u00ed Zastupitelstva M\u010c Praha&nbsp;7 se kon\u00e1 v&nbsp;pond\u011bl\u00ed 16.&nbsp;\u0159\u00edjna 2023 od 17.00 hodin. P\u0159enos jedn\u00e1n\u00ed m\u016f\u017eete sledovat\u00a0ZDE.\u00a0 Materi\u00e1ly k&nbsp;7.&nbsp;\u0159\u00e1dn\u00e9mu jedn\u00e1n\u00ed Zastupitelstva M\u010c Praha&nbsp;7 najdete ZDE. [\/perex] Program 7.&nbsp;\u0159\u00e1dn\u00e9ho jedn\u00e1n\u00ed Zastupitelstva M\u010c Praha&nbsp;7\u00a0 Pravideln\u00fd bod programu za\u0159azen\u00fd za bod \u010d. 2 \u2013 Dotazy a&nbsp;p\u0159ipom\u00ednky ob\u010dan\u016f 1 Pravideln\u00fd bod programu za\u0159azen\u00fd pevn\u011b na 18 hodinu \u2013 [&hellip;]","protected":false},"author":14,"featured_media":33780,"comment_status":"closed","ping_status":"open","sticky":false,"template":"","format":"standard","meta":[],"categories":[34],"tags":[],"_links":{"self":[{"href":"https:\/\/www.praha7.cz\/api\/wp\/v2\/posts\/70421"}],"collection":[{"href":"https:\/\/www.praha7.cz\/api\/wp\/v2\/posts"}],"about":[{"href":"https:\/\/www.praha7.cz\/api\/wp\/v2\/types\/post"}],"author":[{"embeddable":true,"href":"https:\/\/www.praha7.cz\/api\/wp\/v2\/users\/14"}],"replies":[{"embeddable":true,"href":"https:\/\/www.praha7.cz\/api\/wp\/v2\/comments?post=70421"}],"version-history":[{"count":5,"href":"https:\/\/www.praha7.cz\/api\/wp\/v2\/posts\/70421\/revisions"}],"predecessor-version":[{"id":73083,"href":"https:\/\/www.praha7.cz\/api\/wp\/v2\/posts\/70421\/revisions\/73083"}],"wp:featuredmedia":[{"embeddable":true,"href":"https:\/\/www.praha7.cz\/api\/wp\/v2\/media\/33780"}],"wp:attachment":[{"href":"https:\/\/www.praha7.cz\/api\/wp\/v2\/media?parent=70421"}],"wp:term":[{"taxonomy":"category","embeddable":true,"href":"https:\/\/www.praha7.cz\/api\/wp\/v2\/categories?post=70421"},{"taxonomy":"post_tag","embeddable":true,"href":"https:\/\/www.praha7.cz\/api\/wp\/v2\/tags?post=70421"}],"curies":[{"name":"wp","href":"https:\/\/api.w.org\/{rel}","templated":true}]}}