    
{"id":70306,"date":"2023-10-03T13:16:19","date_gmt":"2023-10-03T11:16:19","guid":{"rendered":"https:\/\/www.praha7.cz\/?p=70306"},"modified":"2023-10-03T13:25:25","modified_gmt":"2023-10-03T11:25:25","slug":"mate-pravo-bydlet","status":"publish","type":"post","link":"https:\/\/www.praha7.cz\/mate-pravo-bydlet\/","title":{"rendered":"M\u00e1te pr\u00e1vo bydlet?"},"content":{"rendered":"<p>[perex]<\/p>\r\n<p>Bydlen\u00ed v&nbsp;Praze se pomalu st\u00e1v\u00e1 nedostupn\u00fdm snem. Situace v\u0161ak nen\u00ed r\u016f\u017eov\u00e1 ani v&nbsp;dal\u0161\u00edch \u010desk\u00fdch \u010di evropsk\u00fdch m\u011bstech. T\u00fdk\u00e1 se to nejen soci\u00e1ln\u011b slab\u0161\u00edch, ale probl\u00e9m za\u010d\u00edn\u00e1 postihovat ji\u017e i&nbsp;st\u0159edn\u00ed t\u0159\u00eddu. M\u016f\u017eete pracovat, ale stejn\u011b na vlastn\u00ed byt \u010di n\u00e1jem prost\u011b nedos\u00e1hnete nebo za bydlen\u00ed d\u00e1te tolik, \u017ee to pohlt\u00ed v\u011bt\u0161inu va\u0161eho p\u0159\u00edjmu. M\u00e1 tato krize, kter\u00e1 zat\u00edm nevypad\u00e1, \u017ee jen tak skon\u010d\u00ed, n\u011bjak\u00e9 \u0159e\u0161en\u00ed? A&nbsp;co se d\u011bje ohledn\u011b podpory bydlen\u00ed v&nbsp;Praze 7?<\/p>\r\n<p>[\/perex]<\/p>\r\n<p>V \u010cesku to s&nbsp;bydlen\u00edm v&nbsp;sou\u010dasnosti vypad\u00e1 bled\u011b. Nejde jen o&nbsp;pocit, dokl\u00e1daj\u00ed to i&nbsp;data. Zat\u00edm nejucelen\u011bj\u0161\u00ed informace poch\u00e1zej\u00ed ze Zpr\u00e1vy o&nbsp;vylou\u010den\u00ed z&nbsp;bydlen\u00ed, kterou v&nbsp;roce 2021 vydala iniciativa Za bydlen\u00ed. Aktu\u00e1ln\u011b m\u00e1 podle t\u00e9to anal\u00fdzy probl\u00e9my s&nbsp;bydlen\u00edm p\u016fl milionu \u010desk\u00fdch dom\u00e1cnost\u00ed, ve kter\u00fdch \u017eije skoro milion lid\u00ed. Jsou v&nbsp;bytov\u00e9 nouzi, hroz\u00ed jim ztr\u00e1ta bydlen\u00ed nebo trp\u00ed nadm\u011brn\u00fdmi n\u00e1klady na jeho udr\u017een\u00ed, vynakl\u00e1daj\u00ed na n\u011bj v\u00edce ne\u017e 40&nbsp;% sv\u00fdch p\u0159\u00edjm\u016f, co\u017e plat\u00ed i&nbsp;pro v\u00edce ne\u017e sto tis\u00edc seniorsk\u00fdch dom\u00e1cnost\u00ed.<\/p>\r\n<p>K tomu je ale pot\u0159eba p\u0159ipo\u010d\u00edst je\u0161t\u011b dal\u0161\u00ed velkou skupinu t\u011bch, kte\u0159\u00ed sice n\u011bjak bydl\u00ed, ale i&nbsp;tak se jich v\u0161eobecn\u00e1 nedostupnost bydlen\u00ed t\u00fdk\u00e1: p\u00e1ry, je\u017e cht\u011bj\u00ed zalo\u017eit rodinu, ale nemohou si dovolit adekv\u00e1tn\u00ed bydlen\u00ed, mlad\u00ed lid\u00e9, kte\u0159\u00ed mus\u00ed z\u016fst\u00e1vat u&nbsp;rodi\u010d\u016f nebo ve spolubydlen\u00ed, lid\u00e9 s&nbsp;posti\u017een\u00edm, pro n\u011b\u017e nejsou bezbari\u00e9rov\u00e9 byty, i&nbsp;v\u0161ichni ti, kte\u0159\u00ed se pot\u00fdkaj\u00ed s&nbsp;diskriminac\u00ed na trhu s&nbsp;bydlen\u00edm.<\/p>\r\n<p>Experti p\u0159itom p\u0159edpokl\u00e1daj\u00ed, \u017ee situace se v&nbsp;d\u016fsledku v\u00e1lky na Ukrajin\u011b (zdra\u017een\u00ed energi\u00ed, p\u0159\u00edchod velk\u00e9 vlny uprchl\u00edk\u016f) je\u0161t\u011b zkomplikovala. Dostupnost bydlen\u00ed v&nbsp;\u010cesku byla p\u0159itom ji\u017e p\u0159ed dv\u011bma lety jedna z&nbsp;nejhor\u0161\u00edch v&nbsp;cel\u00e9 Evrop\u011b. Krize bydlen\u00ed se ov\u0161em net\u00fdk\u00e1 jen \u010cech\u016f, podobn\u00e9 pot\u00ed\u017ee se sklo\u0148uj\u00ed nap\u0159\u00ed\u010d kontinentem.<\/p>\r\n<p><strong>Kdo p\u0159evezme zodpov\u011bdnost<\/strong><br \/>\r\n\u201e\u2026 st\u00e1t se st\u00e1hl z&nbsp;bytov\u00e9 politiky a&nbsp;v\u00fdstavby ve v\u00ed\u0159e, \u017ee dostupn\u00e9 bydlen\u00ed zajist\u00ed trh. Dnes v\u00edme, \u017ee to trh neza\u0159\u00edd\u00ed a&nbsp;\u017ee jako st\u00e1t mus\u00edme za dostupn\u00e9 bydlen\u00ed p\u0159evz\u00edt odpov\u011bdnost,\u201c shrnula lapid\u00e1rn\u011b letos v&nbsp;\u010dervnu Saskia Esken, p\u0159edsedkyn\u011b n\u011bmeck\u00e9 soci\u00e1ln\u00ed demokracie (SPD), v&nbsp;rozhovoru pro tuzemsk\u00fd \u010dasopis Respekt, co se vlastn\u011b s&nbsp;bydlen\u00edm v&nbsp;posledn\u00ed dob\u011b d\u011bje. Popisovala situaci p\u0159edev\u0161\u00edm v&nbsp;N\u011bmecku, ale to sam\u00e9 plat\u00ed o&nbsp;v\u011bt\u0161in\u011b evropsk\u00fdch zem\u00ed. P\u0159es region\u00e1ln\u00ed rozd\u00edly se dnes probl\u00e9my s&nbsp;bydlen\u00edm ve st\u00e1tech Evropsk\u00e9 unie podobaj\u00ed jako vejce vejci.<\/p>\r\n<p>Minim\u00e1ln\u011b z\u00e1padn\u00ed Evropa byla p\u0159itom na tomto poli dlouho premiantem. V\u011bt\u0161ina zem\u00ed m\u011bla funk\u010dn\u00ed politiky bydlen\u00ed, d\u00edky kter\u00fdm se da\u0159ilo zajistit mo\u017enost m\u00edt \u201esv\u00e9 doma\u201c \u0161irok\u00fdm skupin\u00e1m obyvatel. Krom\u011b komer\u010dn\u00edho bydlen\u00ed \u0161lo obvykle o&nbsp;mix slo\u017een\u00fd z&nbsp;v\u00fdstavby m\u011bstsk\u00fdch byt\u016f, podpory dru\u017estevn\u00edho bydlen\u00ed, regulace n\u00e1jm\u016f a&nbsp;soci\u00e1ln\u00edho bydlen\u00ed.<\/p>\r\n<p>Na p\u0159elomu osmdes\u00e1t\u00fdch a&nbsp;devades\u00e1t\u00fdch let se ale za\u010dala prosazovat my\u0161lenka, \u017ee dostupnost bydlen\u00ed nejl\u00e9pe vy\u0159e\u0161\u00ed trh. Podpora bydlen\u00ed sice neskon\u010dila, ale postupn\u011b se zmen\u0161oval jej\u00ed rozsah. Podle studie organizace Housing Europe (Evropsk\u00e1 federace poskytovatel\u016f obecn\u00edho, dru\u017estevn\u00edho a&nbsp;soci\u00e1ln\u00edho bydlen\u00ed) to znamenalo jedin\u00e9: ceny bydlen\u00ed za\u010daly r\u016fst rychleji, ne\u017e se zvy\u0161ovaly platy, a&nbsp;z\u00e1rove\u0148 se zpomalila v\u00fdstavba nov\u00fdch byt\u016f.<\/p>\r\n<p>Nav\u00edc podstatn\u00fd kus kol\u00e1\u010de za\u010dali ukusovat investo\u0159i, kte\u0159\u00ed si po\u0159izuj\u00ed byty nikoliv k&nbsp;bydlen\u00ed, ale pouze na zhodnocen\u00ed \u00faspor a&nbsp;sv\u00e9 nemovitosti nech\u00e1vaj\u00ed pr\u00e1zdn\u00e9. Spolu s&nbsp;nimi se do podnik\u00e1n\u00ed s&nbsp;bydlen\u00edm pustily velk\u00e9 investi\u010dn\u00ed skupiny, kter\u00e9 sice byty pronaj\u00edmaj\u00ed, ale prvotn\u011b cht\u011bj\u00ed p\u0159edev\u0161\u00edm generovat zisk pro sv\u00e9 akcion\u00e1\u0159e. Z&nbsp;logiky v\u011bci pak tla\u010d\u00ed na neust\u00e1l\u00e9 zvy\u0161ov\u00e1n\u00ed n\u00e1jm\u016f. K&nbsp;tomu se p\u0159idaly kr\u00e1tkodob\u00e9 pron\u00e1jmy a&nbsp;na krizi bylo zad\u011bl\u00e1no.<\/p>\r\n<p>\u010cesk\u00fdm dom\u00e1cnostem se viditeln\u00e9 pot\u00ed\u017ee relativn\u011b dlouho vyh\u00fdbaly, a&nbsp;to i&nbsp;p\u0159esto, \u017ee zde o&nbsp;n\u011bjak\u00e9 politice bydlen\u00ed prakticky nelze mluvit. Po revoluci podpora bydlen\u00ed asociovala skoro bezv\u00fdhradn\u011b neschopnost \u201esoci\u00e1ln\u00edho in\u017een\u00fdrstv\u00ed\u201c p\u0159edchoz\u00edch dek\u00e1d. P\u0159edstava o&nbsp;v\u0161emocn\u00e9m trhu se u&nbsp;n\u00e1s proto velmi lehce ujala.<\/p>\r\n<p>Masivn\u00ed privatizace st\u00e1tn\u00edch byt\u016f pak probl\u00e9my na jednu generaci paradoxn\u011b odd\u00e1lila. Bydlen\u00ed se t\u00e9m\u011b\u0159 zcela p\u0159esunulo do komer\u010dn\u00edch vod a&nbsp;chv\u00edli se zd\u00e1lo, \u017ee to funguje. Nyn\u00ed p\u0159i\u0161el siln\u00fd n\u00e1raz, kter\u00fd i&nbsp;d\u00edky p\u0159ede\u0161l\u00e9mu bytov\u00e9mu v\u00fdprodeji a&nbsp;chyb\u011bj\u00edc\u00edmu know-how nen\u00ed jak brzdit.<\/p>\r\n<p><strong>V\u00fdjimky tu jsou<\/strong><br \/>\r\nSed\u00ed v&nbsp;mal\u00e9m pokoji s&nbsp;velk\u00fdmi okny a&nbsp;kuchy\u0148sk\u00fdm koutem. Za z\u00e1dy m\u00e1 kr\u00e1tkou chodbu s&nbsp;koupelnou. P\u0159ed sebou v\u00fdhled na ru\u0161nou ulici doln\u00edch Hole\u0161ovic. Bydl\u00ed v&nbsp;m\u011bstsk\u00e9m byt\u011b a&nbsp;vypad\u00e1, \u017ee ani po letech nedok\u00e1\u017ee uv\u011b\u0159it sv\u00e9mu \u0161t\u011bst\u00ed. \u201eStal se z\u00e1zrak,\u201c \u0159\u00edk\u00e1 \u0161edes\u00e1tn\u00edk Georg o&nbsp;okam\u017eiku, kdy p\u0159ed \u0161esti roky zaklepal na dve\u0159e Soci\u00e1ln\u00edho odboru Prahy&nbsp;7 (dnes Odbor soci\u00e1ln\u00edho za\u010dle\u0148ov\u00e1n\u00ed). \u201eNemohl jsem d\u00e1l, nem\u011bl jsem tu \u017e\u00e1dnou oporu. Byl jsem v&nbsp;takov\u00e9m stavu, \u017ee jsem myslel, \u017ee u\u017e mohu jenom zem\u0159\u00edt,\u201c vypr\u00e1v\u00ed b\u00fdval\u00fd \u0161\u00e9f energetik\u016f z&nbsp;p\u0159\u00edstavu v&nbsp;gruz\u00ednsk\u00e9m Batumi.<\/p>\r\n<p>Do \u010ceska p\u0159i\u0161el v&nbsp;roce 2001 kv\u016fli t\u011b\u017ek\u00e9 nemoci nevlastn\u00ed dcery. V&nbsp;Gruzii podle jeho slov panoval chaos umocn\u011bn\u00fd p\u0159edchoz\u00edm ozbrojen\u00fdm konfliktem mezi Osety a&nbsp;Gruz\u00ednci, jen\u017e na za\u010d\u00e1tku 90.&nbsp;let hrozil p\u0159er\u016fst v&nbsp;ob\u010danskou v\u00e1lku. Zem\u011b pak byla je\u0161t\u011b dlouho zm\u00edtan\u00e1 rozbroji mezi jednotliv\u00fdmi politick\u00fdmi frakcemi za neust\u00e1l\u00e9ho vm\u011b\u0161ov\u00e1n\u00ed Ruska, st\u00e1tn\u00ed instituce byly slab\u00e9. Zajistit zdravotn\u00ed p\u00e9\u010di pro d\u00edt\u011b, je\u017e se mohlo pohybovat jen s&nbsp;pomoc\u00ed invalidn\u00edho voz\u00edku, bylo krajn\u011b obt\u00ed\u017en\u00e9.<\/p>\r\n<p>Zpo\u010d\u00e1tku se rodin\u011b v&nbsp;nov\u00e9 zemi pom\u011brn\u011b da\u0159ilo. Nejprve zam\u00ed\u0159ili do Brunt\u00e1lu, pak se kv\u016fli pr\u00e1ci a&nbsp;\u0161kole usadili na del\u0161\u00ed dobu v&nbsp;Hav\u00ed\u0159ov\u011b. V&nbsp;roce 2003 cel\u00e1 rodina dostala humanit\u00e1rn\u00ed azyl a&nbsp;o&nbsp;p\u011bt let pozd\u011bji i&nbsp;\u010desk\u00e9 ob\u010danstv\u00ed. V&nbsp;Hav\u00ed\u0159ov\u011b a&nbsp;pozd\u011bji i&nbsp;v&nbsp;Praze bral vystudovan\u00fd in\u017een\u00fdr Georg jakoukoliv pr\u00e1ci. Byl za pokladnou v&nbsp;Tescu i&nbsp;v&nbsp;ostraze, kde pracuje dodnes. Roku 2013 se partnerka s&nbsp;dcerou kv\u016fli studiu na vysok\u00e9 \u0161kole p\u0159ist\u011bhovaly do Prahy. Bydlely tak\u00e9 v&nbsp;Hole\u0161ovic\u00edch, jen o&nbsp;p\u00e1r ulic d\u00e1l ne\u017e nyn\u00ed pan Georg. Ten se za nimi p\u0159ist\u011bhoval o&nbsp;n\u011bco pozd\u011bji.<\/p>\r\n<p>V Praze se jeho \u017eivotn\u00ed p\u0159\u00edb\u011bh po\u0159\u00e1dn\u011b zkomplikoval. Se \u017eenou si p\u0159estali rozum\u011bt a&nbsp;vztah nevydr\u017eel. Rozchod neprob\u011bhl \u00fapln\u011b p\u0159\u00e1telsky. Pan Georg p\u0159i\u0161el o&nbsp;bydlen\u00ed a&nbsp;jeho psychick\u00fd a&nbsp;zdravotn\u00ed stav se rychle zhor\u0161oval. V&nbsp;okam\u017eiku, kdy zaklepal na osudov\u00e9 dve\u0159e, m\u011bl p\u0159edeps\u00e1no 22 l\u00e9k\u016f, byl t\u00e9m\u011b\u0159 na ulici a&nbsp;netu\u0161il, jak d\u00e1l. O&nbsp;tom, \u017ee Praha&nbsp;7 m\u00e1 pro sv\u00e9 ob\u010dany programy podporovan\u00e9ho bydlen\u00ed, nev\u011bd\u011bl. Stejn\u011b jako \u017ee by na m\u011bstsk\u00fd byt mohl m\u00edt n\u00e1rok.<\/p>\r\n<p><strong>M\u00edt jasn\u00e1 pravidla, opravovat a\u00a0stav\u011bt<\/strong><br \/>\r\nPan Georg byl na Sedmi\u010dce jedn\u00edm z&nbsp;prvn\u00edch klient\u016f nov\u011b vznikl\u00e9ho syst\u00e9mu podporovan\u00e9ho bydlen\u00ed, kter\u00fd zde za\u010dal fungovat v&nbsp;roce 2015. \u201eZa\u010d\u00e1tky byly n\u00e1ro\u010dn\u00e9, zp\u016fsob p\u0159id\u011blov\u00e1n\u00ed m\u011bstsk\u00fdch byt\u016f nebyl p\u0159\u00edli\u0161 pr\u016fhledn\u00fd a&nbsp;bytov\u00fd fond byl hodn\u011b zanedban\u00fd,\u201c \u0159\u00edk\u00e1 Kate\u0159ina Laskovsk\u00e1, vedouc\u00ed Odboru soci\u00e1ln\u00edho za\u010dle\u0148ov\u00e1n\u00ed.<\/p>\r\n<p>Postupn\u011b se nastavila jasn\u00e1 pravidla, padlo rozhodnut\u00ed o&nbsp;ukon\u010den\u00ed privatizac\u00ed zbytku bytov\u00e9ho fondu, m\u011bstsk\u00e9 byty se za\u010daly naopak opravovat a&nbsp;nov\u00e9 stav\u011bt. P\u00e1te\u0159\u00ed cel\u00e9ho syst\u00e9mu je nyn\u00ed Kontaktn\u00ed m\u00edsto pro bydlen\u00ed, kter\u00e9 nab\u00edz\u00ed z\u00e1kladn\u00ed orientaci a&nbsp;pomoc p\u0159i \u0159e\u0161en\u00ed pot\u00ed\u017e\u00ed s&nbsp;bydlen\u00edm.<\/p>\r\n<p>N\u00e1jemn\u00ed smlouvy v&nbsp;m\u011bstsk\u00fdch bytech Prahy&nbsp;7 mohou z\u00edskat senio\u0159i, zdravotn\u011b posti\u017een\u00ed, rodiny s&nbsp;d\u011btmi i&nbsp;lid\u00e9 v&nbsp;soci\u00e1ln\u00ed t\u00edsni. Ka\u017ed\u00fd rok je \u010d\u00e1st byt\u016f poskytnuta tak\u00e9 zam\u011bstnanc\u016fm vybran\u00fdch profes\u00ed: u\u010ditel\u016fm, policist\u016fm, zdravotn\u00edk\u016fm nebo hasi\u010d\u016fm.<\/p>\r\n<p>Odbor soci\u00e1ln\u00edho za\u010dle\u0148ov\u00e1n\u00ed, pod kter\u00fd Kontaktn\u00ed m\u00edsto spad\u00e1, \u00fazce spolupracuje s&nbsp;dal\u0161\u00edmi akt\u00e9ry nap\u0159\u00ed\u010d celou radnic\u00ed: soci\u00e1ln\u00edm odborem, odborem majetku, pr\u00e1vn\u00edm odd\u011blen\u00edm, sedmi\u010dkovou firmou 7U, ale tak\u00e9 nap\u0159\u00edklad neziskov\u00fdmi organizacemi, jako je Arm\u00e1da sp\u00e1sy, Pe\u010dovatelsk\u00e9 centrum Praha&nbsp;7, K\u00a0srdci kl\u00ed\u010d nebo Platforma pro soci\u00e1ln\u00ed bydlen\u00ed.<\/p>\r\n<p>D\u00edky tomu m\u016f\u017ee m\u00edt odbor mnohem \u0161ir\u0161\u00ed z\u00e1b\u011br, jak dob\u0159e ilustruje i&nbsp;zku\u0161enost pana Georga. \u201ePomohli mi z\u00edskat a&nbsp;za\u0159\u00eddit byt, vy\u0159\u00eddit pap\u00edry, ob\u011bhat doktory. Tak\u00e9 jsem si hodn\u011b zlep\u0161il \u010de\u0161tinu. Do t\u00e9 doby jsem se styd\u011bl mluvit, proto\u017ee jsem v\u011bd\u011bl, \u017ee d\u011bl\u00e1m spoustu chyb.\u201c D\u00edky nim objevil po\u0159\u00e1dn\u011b i&nbsp;m\u011bsto, ve kter\u00e9m \u017eije. Jako zam\u011bstnanec ostrahy zn\u00e1 Prahu p\u0159edev\u0161\u00edm z&nbsp;perspektivy objekt\u016f, kter\u00e9 p\u0159i mnohahodinov\u00fdch sm\u011bn\u00e1ch hl\u00edd\u00e1.<\/p>\r\n<p>Pracovn\u00edci soci\u00e1ln\u00edch slu\u017eeb ve spolupr\u00e1ci s&nbsp;radnic\u00ed mu pomohli i&nbsp;b\u011bhem covidu, kdy\u017e kv\u016fli \u00fabytku pr\u00e1ce nemohl na\u010das platit plnou v\u00fd\u0161i n\u00e1jmu. Za to v\u0161e nep\u0159est\u00e1v\u00e1 b\u00fdt vd\u011b\u010dn\u00fd: \u201eZ t\u011bch 22 l\u00e9k\u016f dnes beru jen p\u011bt,\u201c usm\u00edv\u00e1 se.<\/p>\r\n<p><strong>Bydlen\u00ed jako z\u00e1klad<br \/>\r\n<\/strong>Pomysln\u00e1 cesta pana Georga vzh\u016fru ale nejd\u0159\u00edve vedla p\u0159es bydlen\u00ed. \u201eBydlen\u00ed je \u00fapln\u00fd z\u00e1klad, bez n\u011bj se nedaj\u00ed \u017eivotn\u00ed situace, nejen na\u0161ich klient\u016f, v\u016fbec \u0159e\u0161it,\u201c podot\u00fdk\u00e1 k&nbsp;tomu Kate\u0159ina Laskovsk\u00e1. V&nbsp;tom se shoduje s&nbsp;\u0159adou \u010desk\u00fdch i&nbsp;zahrani\u010dn\u00edch expert\u016f.<\/p>\r\n<p>Konec konc\u016f pr\u00e1vo na bydlen\u00ed upravila ji\u017e Evropsk\u00e1 soci\u00e1ln\u00ed charta v&nbsp;roce 1961. Podle n\u00ed maj\u00ed st\u00e1ty podporovat dostupnost bydlen\u00ed p\u0159im\u011b\u0159en\u00e9 \u00farovn\u011b, p\u0159edch\u00e1zet bezdomovectv\u00ed a&nbsp;omezovat ho s&nbsp;c\u00edlem jeho postupn\u00e9ho odstran\u011bn\u00ed a&nbsp;stanovit ceny bydlen\u00ed tak, aby byly p\u0159\u00edstupn\u00e9 v\u0161em, kte\u0159\u00ed nemaj\u00ed dostatek prost\u0159edk\u016f.<\/p>\r\n<p>\u010cesk\u00e1 republika k&nbsp;chart\u011b p\u0159istoupila v&nbsp;roce 1999. V&nbsp;praxi se j\u00ed ale ne\u0159\u00edd\u00ed, na co\u017e letos pom\u011brn\u011b ost\u0159e upozornil i&nbsp;\u00dastavn\u00ed soud. V&nbsp;roce 2021 pak s&nbsp;prohlubuj\u00edc\u00ed se bytovou kriz\u00ed Evropsk\u00fd parlament p\u0159\u00edmo vyzval \u010dlensk\u00e9 st\u00e1ty, aby pr\u00e1vo na bydlen\u00ed uznaly jako jedno ze z\u00e1kladn\u00edch lidsk\u00fdch pr\u00e1v a&nbsp;p\u0159izp\u016fsobily tomu svoji legislativu. P\u0159edev\u0161\u00edm mo\u017enost pr\u00e1vo na bydlen\u00ed vym\u00e1hat.<\/p>\r\n<p>V \u010cesku se podobn\u00e9 my\u0161lenky prosazuj\u00ed zat\u00edm velmi pomalu a&nbsp;t\u011b\u017ece. Zaji\u0161t\u011bn\u00ed bydlen\u00ed tu st\u00e1le nen\u00ed vn\u00edm\u00e1no jako slu\u017eba, na kterou by m\u011bli m\u00edt lid\u00e9 n\u00e1rok, ale sp\u00ed\u0161e jako n\u011bco, o&nbsp;co se maj\u00ed, nejl\u00e9pe sami, zaslou\u017eit. Nav\u00edc i&nbsp;v&nbsp;m\u00edstech, kde je podobn\u011b jako v&nbsp;Praze 7 podpora bydlen\u00ed prioritou, projekty \u010dasto nep\u0159e\u017eij\u00ed horizont jednoho volebn\u00edho obdob\u00ed. Mo\u017en\u00e1 zm\u011bna se o\u010dek\u00e1v\u00e1 od nov\u00e9ho n\u00e1vrhu, v&nbsp;po\u0159ad\u00ed ji\u017e t\u0159et\u00edho, z\u00e1kona o&nbsp;dostupn\u00e9m bydlen\u00ed, kter\u00fd vznik\u00e1 na Ministerstvu pro m\u00edstn\u00ed rozvoj.<\/p>\r\n<p>Do pokladen obc\u00ed a&nbsp;m\u011bst by tak m\u011bly p\u0159ij\u00edt pen\u00edze na v\u00fdstavbu a&nbsp;opravu bytov\u00e9ho fondu. V&nbsp;z\u00e1kon\u011b se po\u010d\u00edt\u00e1 i&nbsp;s&nbsp;kontaktn\u00edmi m\u00edsty pro bydlen\u00ed a&nbsp;garantovan\u00fdm bydlen\u00edm. Do parlamentu by m\u011bl n\u00e1vrh zam\u00ed\u0159it za\u010d\u00e1tkem p\u0159\u00ed\u0161t\u00edho roku. Jestli a&nbsp;v&nbsp;jak\u00e9 podob\u011b jej z\u00e1konod\u00e1rci schv\u00e1l\u00ed, zat\u00edm ale nen\u00ed jasn\u00e9.<\/p>\r\n<hr \/>\r\n<p><strong>KONTAKTN\u00cd M\u00cdSTO PRO BYDLEN\u00cd PRAHY&nbsp;7<\/strong><br \/>\r\nPokud \u0159e\u0161\u00edte svoji bytovou situaci, m\u016f\u017eete se obr\u00e1tit na Kontaktn\u00ed m\u00edsto pro bydlen\u00ed Prahy&nbsp;7 (KMB), kde se lze poradit ve v\u0161ech z\u00e1le\u017eitostech spojen\u00fdch s&nbsp;bytovou problematikou. C\u00edlem kontaktn\u00edho m\u00edsta je zjednodu\u0161it ob\u010dan\u016fm hled\u00e1n\u00ed odpov\u00eddaj\u00edc\u00edho bydlen\u00ed a&nbsp;pomoci jim p\u0159i \u0159e\u0161en\u00ed soci\u00e1ln\u00edch probl\u00e9m\u016f, kter\u00e9 s&nbsp;touto problematikou souvisej\u00ed. KMB m\u016f\u017ee pomoci zprost\u0159edkovat bezplatnou pr\u00e1vn\u00ed konzultaci t\u00fdkaj\u00edc\u00ed se bydlen\u00ed.<\/p>\r\n<p><strong>Kontaktn\u00ed m\u00edsto pro bydlen\u00ed naleznete ve 2.&nbsp;pat\u0159e \u00da\u0159adu M\u010c Praha&nbsp;7 (U\u00a0Pr\u016fhonu 38, \u010d. dve\u0159\u00ed 2.11)<\/strong><\/p>\r\n<p>pond\u011bl\u00ed a\u00a0st\u0159eda 7.30\u201312.00 a\u00a013.00\u201318.00<br \/>\r\n\u00fater\u00fd, \u010dtvrtek a&nbsp;p\u00e1tek po p\u0159edchoz\u00ed domluv\u011b \/ po objedn\u00e1n\u00ed<br \/>\r\ntel. 220&nbsp;144&nbsp;159, 778&nbsp;966&nbsp;213<br \/>\r\ne-mail <a href=\"mailto:ZadakovaK@Praha7.cz\">ZadakovaK@Praha7.cz<\/a><\/p>\r\n<hr \/>\r\n<p><strong>GARANTOVAN\u00c9 BYDLEN\u00cd<\/strong><br \/>\r\nGarantovan\u00e9 bydlen\u00ed propojuje n\u00e1jemn\u00edky a&nbsp;majitele soukrom\u00fdch byt\u016f. Majitel\u016fm zaji\u0161\u0165uje sadu garanc\u00ed, jako jsou pravideln\u00e9 hrazen\u00ed garantovan\u00e9ho p\u0159\u00edjmu \u010di opravy bytu nad r\u00e1mec b\u011b\u017en\u00fdch. Klient\u016fm pom\u00e1h\u00e1 zaji\u0161\u0165ovat soci\u00e1ln\u00ed slu\u017eby, pokud je pot\u0159ebuj\u00ed. D\u00edky t\u00e9to slu\u017eb\u011b se na trh dost\u00e1vaj\u00ed \u010dasto d\u0159\u00edve pr\u00e1zdn\u00e9 byty, a&nbsp;naopak lid\u00e9 maj\u00ed mo\u017enost bydlet. Jde p\u0159edev\u0161\u00edm o&nbsp;bydlen\u00ed pro dom\u00e1cnosti, kter\u00e9 nemohou za tr\u017en\u00edch podm\u00ednek z\u00edskat p\u0159im\u011b\u0159en\u00e9 a&nbsp;prostorov\u011b nevylou\u010den\u00e9 dlouhodob\u00e9 n\u00e1jemn\u00ed bydlen\u00ed.<\/p>\r\n<p>Garantovan\u00e9 bydlen\u00ed mohou provozovat obce, m\u011bsta i&nbsp;neziskov\u00e9 organizace. Princip garantovan\u00e9ho bydlen\u00ed vznikl v&nbsp;80.&nbsp;letech ve Vl\u00e1msku (Belgie) a&nbsp;rychle se roz\u0161\u00ed\u0159il do v\u011bt\u0161iny evropsk\u00fdch zem\u00ed. V&nbsp;\u010cesk\u00e9 republice nyn\u00ed b\u011b\u017e\u00ed v\u00edce ne\u017e dvac\u00edtka projekt\u016f garantovan\u00e9ho bydlen\u00ed.<\/p>\r\n<p>Text vznikl v&nbsp;r\u00e1mci realizace projektu Strategie a&nbsp;rozvoj Kontaktn\u00edho m\u00edsta pro bydlen\u00ed na \u00fazem\u00ed Prahy&nbsp;7, registra\u010dn\u00ed \u010d\u00edslo CZ.03.02.01\/00\/22_007\/0000919 (spolufinancov\u00e1no Evropskou uni\u00ed \/ Opera\u010dn\u00ed program Zam\u011bstnanost plus).<\/p>","protected":false},"excerpt":{"rendered":"[perex] Bydlen\u00ed v&nbsp;Praze se pomalu st\u00e1v\u00e1 nedostupn\u00fdm snem. Situace v\u0161ak nen\u00ed r\u016f\u017eov\u00e1 ani v&nbsp;dal\u0161\u00edch \u010desk\u00fdch \u010di evropsk\u00fdch m\u011bstech. T\u00fdk\u00e1 se to nejen soci\u00e1ln\u011b slab\u0161\u00edch, ale probl\u00e9m za\u010d\u00edn\u00e1 postihovat ji\u017e i&nbsp;st\u0159edn\u00ed t\u0159\u00eddu. M\u016f\u017eete pracovat, ale stejn\u011b na vlastn\u00ed byt \u010di n\u00e1jem prost\u011b nedos\u00e1hnete nebo za bydlen\u00ed d\u00e1te tolik, \u017ee to pohlt\u00ed v\u011bt\u0161inu va\u0161eho p\u0159\u00edjmu. M\u00e1 tato [&hellip;]","protected":false},"author":292,"featured_media":70313,"comment_status":"closed","ping_status":"open","sticky":false,"template":"","format":"standard","meta":[],"categories":[37],"tags":[],"_links":{"self":[{"href":"https:\/\/www.praha7.cz\/api\/wp\/v2\/posts\/70306"}],"collection":[{"href":"https:\/\/www.praha7.cz\/api\/wp\/v2\/posts"}],"about":[{"href":"https:\/\/www.praha7.cz\/api\/wp\/v2\/types\/post"}],"author":[{"embeddable":true,"href":"https:\/\/www.praha7.cz\/api\/wp\/v2\/users\/292"}],"replies":[{"embeddable":true,"href":"https:\/\/www.praha7.cz\/api\/wp\/v2\/comments?post=70306"}],"version-history":[{"count":1,"href":"https:\/\/www.praha7.cz\/api\/wp\/v2\/posts\/70306\/revisions"}],"predecessor-version":[{"id":70314,"href":"https:\/\/www.praha7.cz\/api\/wp\/v2\/posts\/70306\/revisions\/70314"}],"wp:featuredmedia":[{"embeddable":true,"href":"https:\/\/www.praha7.cz\/api\/wp\/v2\/media\/70313"}],"wp:attachment":[{"href":"https:\/\/www.praha7.cz\/api\/wp\/v2\/media?parent=70306"}],"wp:term":[{"taxonomy":"category","embeddable":true,"href":"https:\/\/www.praha7.cz\/api\/wp\/v2\/categories?post=70306"},{"taxonomy":"post_tag","embeddable":true,"href":"https:\/\/www.praha7.cz\/api\/wp\/v2\/tags?post=70306"}],"curies":[{"name":"wp","href":"https:\/\/api.w.org\/{rel}","templated":true}]}}