    
{"id":70251,"date":"2023-10-02T15:09:17","date_gmt":"2023-10-02T13:09:17","guid":{"rendered":"https:\/\/www.praha7.cz\/?p=70251"},"modified":"2023-10-03T10:33:07","modified_gmt":"2023-10-03T08:33:07","slug":"rekonstrukce-cechova-mostu-pokracuje","status":"publish","type":"post","link":"https:\/\/www.praha7.cz\/rekonstrukce-cechova-mostu-pokracuje\/","title":{"rendered":"Rekonstrukce \u010cechova mostu pokra\u010duje"},"content":{"rendered":"<p>[perex]<\/p>\r\n<p>Rekonstrukce tramvajov\u00fdch zast\u00e1vek \u010cech\u016fv most <a href=\"https:\/\/www.praha7.cz\/praha-bez-barier-cechuv-most\/\">pokra\u010duje<\/a>. Technick\u00e1 spr\u00e1va komunikac\u00ed hl. m. Prahy zde buduje bezbari\u00e9rov\u00e9 p\u0159echody pro chodce v\u010detn\u011b p\u0159isv\u011btlen\u00ed a&nbsp;upravuje sv\u011bteln\u00e9 signaliza\u010dn\u00ed za\u0159\u00edzen\u00ed. V&nbsp;term\u00ednu od 9.&nbsp;do 20.&nbsp;\u0159\u00edjna 2023 ve sm\u011bru z&nbsp;centra (od \u010cechova mostu ke \u0160tef\u00e1nikovu mostu) prob\u011bhne v\u00fdluka tramvaj\u00ed v&nbsp;dan\u00e9m \u00faseku, dot\u010den\u00e9 linky: 15, 17, 42, 93.<\/p>\r\n<p>[\/perex]<\/p>\r\n<h3>Zaveden\u00e1 opat\u0159en\u00ed<\/h3>\r\n<ul>\r\n\t<li>Jednosm\u011brn\u00e1 v\u00fdluka tramvaj\u00ed 15, 17, 42, 93 ve sm\u011bru ke \u0160tef\u00e1nikovu mostu.<\/li>\r\n\t<li>Tramvajov\u00fd provoz sm\u011br do centra (od \u0160tef\u00e1nikova mostu k&nbsp;\u010cechovu mostu) bez omezen\u00ed, stanicov\u00e1n\u00ed norm\u00e1ln\u011b v&nbsp;zast\u00e1vce.<\/li>\r\n\t<li>Ve sm\u011bru z&nbsp;centra (od \u010cechova mostu ke \u0160tef\u00e1nikovu mostu) v\u00fdluka tramvaj\u00ed v&nbsp;dan\u00e9m \u00faseku.<\/li>\r\n\t<li>Automobilov\u00e1 doprava obousm\u011brn\u011b vylou\u010dena.<\/li>\r\n\t<li>Z\u00e1bor pro v\u00fdstavby op\u011brn\u00e9 zdi u&nbsp;zast\u00e1vky (u&nbsp;Letensk\u00fdch sad\u016f).<\/li>\r\n\t<li>Provizorn\u00ed stanice tram na \u010cechov\u011b most\u011b a&nbsp;p\u0159ed k\u0159i\u017eovatkou.<\/li>\r\n<\/ul>\r\n<h4><strong>Detaily k&nbsp;v\u00fdluce jsou zve\u0159ejn\u011bny na <a href=\"https:\/\/www.dpp.cz\/omezeni-a-mimoradne-udalosti\/detail\/4512\" target=\"_blank\" rel=\"noopener\">webu DPP<\/a>.<\/strong><\/h4>\r\n<h4><\/h4>\r\n<h4>Zm\u011bny tras tramvajov\u00fdch linek<\/h4>\r\n<p><strong>Linka \u010d\u00edslo\u00a015<\/strong> je rozd\u011blena na dv\u011b \u010d\u00e1sti:<\/p>\r\n<ul>\r\n\t<li>ve sm\u011bru od Ol\u0161ansk\u00fdch h\u0159bitov\u016f je ze zast\u00e1vky Dlouh\u00e1 t\u0159\u00edda odklon\u011bna p\u0159es zast\u00e1vky Strossmayerovo n\u00e1m\u011bst\u00ed, V\u00fdstavi\u0161t\u011b, N\u00e1dra\u017e\u00ed Hole\u0161ovice, Trojsk\u00e1 a&nbsp;Ke St\u00edrce do zast\u00e1vky Kobylisy (n\u00e1stupn\u00ed zast\u00e1vka B\u0159ezin\u011bvesk\u00e1),<\/li>\r\n\t<li>ve sm\u011bru od Kotl\u00e1\u0159ky je zkr\u00e1cena do zast\u00e1vky \u010cech\u016fv most, d\u00e1le pokra\u010duje jako zaveden\u00e1 linka \u010d\u00edslo 27 sm\u011br Libu\u0161.<\/li>\r\n<\/ul>\r\n<p><strong>Linky \u010d\u00edslo\u00a017\u00a0a\u00a093\u00a0<\/strong>jsou v&nbsp;\u00faseku\u00a0Starom\u011bstsk\u00e1 \u2013 Strossmayerovo\u00a0n\u00e1m\u011bst\u00ed odklon\u011bny p\u0159es zast\u00e1vky\u00a0Malostransk\u00e1,\u00a0Chotkovy sady\u00a0a\u00a0Letensk\u00e9 n\u00e1m\u011bst\u00ed.<br \/>\r\n<strong><\/strong><\/p>\r\n<p><strong>Historick\u00e1 linka\u00a042<\/strong> je v&nbsp;\u00faseku Kr\u00e1lovsk\u00fd letohr\u00e1dek \u2013 Dlouh\u00e1 t\u0159\u00edda odklon\u011bna p\u0159es zast\u00e1vky Sparta, Letensk\u00e9 n\u00e1m\u011bst\u00ed, Kamenick\u00e1, Strossmayerovo n\u00e1m\u011bst\u00ed a&nbsp;N\u00e1b\u0159e\u017e\u00ed Kapit\u00e1na Jaro\u0161e.<\/p>\r\n<p><strong>V denn\u00edm provozu je zavedena linka \u010d\u00edslo 27<\/strong> v&nbsp;trase Libu\u0161 \u2013 Poliklinika Mod\u0159any \u2013 N\u00e1dra\u017e\u00ed Bran\u00edk \u2013 Dvorce \u2013 Palack\u00e9ho n\u00e1m\u011bst\u00ed \u2013 N\u00e1rodn\u00ed divadlo \u2013 Starom\u011bstsk\u00e1 \u2013 Pr\u00e1vnick\u00e1 fakulta \u2013 \u010cech\u016fv most, d\u00e1le pokra\u010duje jako linka \u010d\u00edslo 15 sm\u011br Kotl\u00e1\u0159ka.<\/p>\r\n<h4>Zm\u011bny v&nbsp;zast\u00e1vk\u00e1ch tramvaj\u00ed<\/h4>\r\n<p>Z\u0159izuj\u00ed se zast\u00e1vky \u010cech\u016fv most: sm\u011br Pr\u00e1vnick\u00e1 fakulta na n\u00e1b\u0159e\u017e\u00ed Edvarda Bene\u0161e, p\u0159ed k\u0159i\u017eovatkou s&nbsp;\u010cechov\u00fdm mostem<br \/>\r\nsm\u011br Malostransk\u00e1 na \u010cechov\u011b most\u011b, p\u0159ed k\u0159i\u017eovatkou s&nbsp;n\u00e1b\u0159e\u017e\u00edm Edvarda Bene\u0161e.<br \/>\r\n<br \/>\r\nN\u00e1hradn\u00ed autobusov\u00e1 doprava nen\u00ed zavedena.<\/p>\r\n<hr \/>\r\n<p><strong>Dal\u0161\u00ed podrobnosti k&nbsp;v\u00fdstavb\u011b naleznete <a href=\"https:\/\/opravujeme.to\/action\/1460\/\" target=\"_blank\" rel=\"noopener\">zde<\/a>.<\/strong><\/p>","protected":false},"excerpt":{"rendered":"[perex] Rekonstrukce tramvajov\u00fdch zast\u00e1vek \u010cech\u016fv most pokra\u010duje. Technick\u00e1 spr\u00e1va komunikac\u00ed hl. m. Prahy zde buduje bezbari\u00e9rov\u00e9 p\u0159echody pro chodce v\u010detn\u011b p\u0159isv\u011btlen\u00ed a&nbsp;upravuje sv\u011bteln\u00e9 signaliza\u010dn\u00ed za\u0159\u00edzen\u00ed. V&nbsp;term\u00ednu od 9.&nbsp;do 20.&nbsp;\u0159\u00edjna 2023 ve sm\u011bru z&nbsp;centra (od \u010cechova mostu ke \u0160tef\u00e1nikovu mostu) prob\u011bhne v\u00fdluka tramvaj\u00ed v&nbsp;dan\u00e9m \u00faseku, dot\u010den\u00e9 linky: 15, 17, 42, 93. [\/perex] Zaveden\u00e1 opat\u0159en\u00ed Jednosm\u011brn\u00e1 v\u00fdluka [&hellip;]","protected":false},"author":251,"featured_media":69223,"comment_status":"closed","ping_status":"open","sticky":false,"template":"","format":"standard","meta":[],"categories":[34],"tags":[],"_links":{"self":[{"href":"https:\/\/www.praha7.cz\/api\/wp\/v2\/posts\/70251"}],"collection":[{"href":"https:\/\/www.praha7.cz\/api\/wp\/v2\/posts"}],"about":[{"href":"https:\/\/www.praha7.cz\/api\/wp\/v2\/types\/post"}],"author":[{"embeddable":true,"href":"https:\/\/www.praha7.cz\/api\/wp\/v2\/users\/251"}],"replies":[{"embeddable":true,"href":"https:\/\/www.praha7.cz\/api\/wp\/v2\/comments?post=70251"}],"version-history":[{"count":4,"href":"https:\/\/www.praha7.cz\/api\/wp\/v2\/posts\/70251\/revisions"}],"predecessor-version":[{"id":70281,"href":"https:\/\/www.praha7.cz\/api\/wp\/v2\/posts\/70251\/revisions\/70281"}],"wp:featuredmedia":[{"embeddable":true,"href":"https:\/\/www.praha7.cz\/api\/wp\/v2\/media\/69223"}],"wp:attachment":[{"href":"https:\/\/www.praha7.cz\/api\/wp\/v2\/media?parent=70251"}],"wp:term":[{"taxonomy":"category","embeddable":true,"href":"https:\/\/www.praha7.cz\/api\/wp\/v2\/categories?post=70251"},{"taxonomy":"post_tag","embeddable":true,"href":"https:\/\/www.praha7.cz\/api\/wp\/v2\/tags?post=70251"}],"curies":[{"name":"wp","href":"https:\/\/api.w.org\/{rel}","templated":true}]}}