    
{"id":70249,"date":"2023-10-02T16:29:46","date_gmt":"2023-10-02T14:29:46","guid":{"rendered":"https:\/\/www.praha7.cz\/?p=70249"},"modified":"2023-10-20T12:27:34","modified_gmt":"2023-10-20T10:27:34","slug":"sedmickove-lokaly-hotely-ii","status":"publish","type":"post","link":"https:\/\/www.praha7.cz\/sedmickove-lokaly-hotely-ii\/","title":{"rendered":"Sedmi\u010dkov\u00e9 lok\u00e1ly \u2013 hotely II."},"content":{"rendered":"<p>[perex]<\/p>\r\n<p>V <a href=\"https:\/\/www.praha7.cz\/sedmickove-lokaly-hotely-i\/\">prvn\u00ed \u010d\u00e1sti<\/a> seri\u00e1lu o&nbsp;lok\u00e1lech v&nbsp;Praze 7 jsme se v\u011bnovali letensk\u00fdm hotel\u016fm. T\u00e9ma jsme ale zdaleka nevy\u010derpali, vrac\u00edme se proto na p\u0159elom 19.&nbsp;a&nbsp;20.&nbsp;stolet\u00ed do bou\u0159liv\u011b se rozv\u00edjej\u00edc\u00ed Prahy&nbsp;7, kde jako pov\u011bstn\u00e9 houby po de\u0161ti rostou nejen tov\u00e1rn\u00ed are\u00e1ly, ale i&nbsp;\u010din\u017eovn\u00ed domy. N\u011bkter\u00e9 z&nbsp;nich m\u011bly slou\u017eit pr\u00e1v\u011b k&nbsp;ubytov\u00e1n\u00ed host\u016f. T\u00e9to oblasti tak\u00e9 v\u00fdznamnou m\u011brou p\u0159isp\u011bl fakt, \u017ee Praha&nbsp;7 hostila v&nbsp;devades\u00e1t\u00fdch letech na bubene\u010dsk\u00e9m V\u00fdstavi\u0161ti velk\u00e9 v\u00fdstavn\u00ed akce.<\/p>\r\n<p>[\/perex]<\/p>\r\n<p>Rozhodnut\u00ed po\u0159\u00e1dat nap\u0159\u00ed\u0161t\u011b velk\u00e9 v\u00fdstavy v&nbsp;Praze 7 se pozitivn\u011b odrazilo i&nbsp;ve stavebn\u00edm ruchu v&nbsp;cel\u00e9 \u010dtvrti. Vzhledem k&nbsp;o\u010dek\u00e1van\u00e9mu z\u00e1jmu n\u00e1v\u0161t\u011bvn\u00edk\u016f u\u017e na ja\u0159e 1890 v\u00fdstavn\u00ed v\u00fdbor zji\u0161\u0165oval po\u010det l\u016f\u017eek v&nbsp;pra\u017esk\u00fdch hotel\u00edch. V&nbsp;Praze a&nbsp;na p\u0159edm\u011bst\u00edch bylo tehdy k&nbsp;dispozici 1286 pokoj\u016f s&nbsp;2249 l\u016f\u017eky, vhodn\u00fdch pro ubytov\u00e1n\u00ed cizinc\u016f. Bylo zcela evidentn\u00ed, \u017ee tyto kapacity nebudou dosta\u010dovat a&nbsp;bude t\u0159eba zajistit i&nbsp;voln\u00e1 l\u016f\u017eka v&nbsp;soukrom\u00fdch bytech, proto byla z\u0159\u00edzena zvl\u00e1\u0161tn\u00ed ubytovac\u00ed kancel\u00e1\u0159.<br \/>\r\n<br \/>\r\n<\/p>\r\n<p><img loading=\"lazy\" src=\"https:\/\/www.praha7.cz\/wp-content\/uploads\/2023\/10\/01_DSC_0564_use-267x400.jpg\" alt=\"\" width=\"267\" height=\"400\" class=\"alignnone size-medium wp-image-70257\" srcset=\"https:\/\/www.praha7.cz\/wp-content\/uploads\/2023\/10\/01_DSC_0564_use-267x400.jpg 267w, https:\/\/www.praha7.cz\/wp-content\/uploads\/2023\/10\/01_DSC_0564_use.jpg 378w\" sizes=\"(max-width: 267px) 100vw, 267px\" \/><br \/>\r\n<em>\u010cin\u017eovn\u00ed d\u016fm, ve kter\u00e9m b\u00fdval hotel Bivoj<\/em><\/p>\r\n<p><strong><br \/>\r\nTrocha luxusu v\u00a0Hole\u0161ovic\u00edch<\/strong><br \/>\r\nKa\u017edop\u00e1dn\u011b hore\u010dn\u00e1 stavebn\u00ed aktivita nepanovala jen na V\u00fdstavi\u0161ti samotn\u00e9m, ale i&nbsp;v&nbsp;jeho okol\u00ed, zejm\u00e9na v&nbsp;ulici vedouc\u00ed k&nbsp;budouc\u00edmu are\u00e1lu, tedy B\u011blsk\u00e9ho t\u0159\u00edd\u011b (dnes Dukelsk\u00fdch hrdin\u016f). Na p\u0159elomu let 1890 a&nbsp;1891 zde dokon\u010doval celkem \u010dty\u0159i \u010din\u017eovn\u00ed domy agiln\u00ed architekt a&nbsp;stavebn\u00ed podnikatel Eduard Rechziegel (1856\u20131925). Stavitel navrhl organiz\u00e1tor\u016fm Jubilejn\u00ed v\u00fdstavy, \u017ee po dobu jej\u00edho kon\u00e1n\u00ed uvoln\u00ed v\u0161ech 300 pokoj\u016f v&nbsp;novostavb\u00e1ch pro pot\u0159eby n\u00e1v\u0161t\u011bvn\u00edk\u016f v\u00fdstavy. Ka\u017edop\u00e1dn\u011b jeden z&nbsp;nov\u00fdch dom\u016f, \u010d. p. 564, byl od po\u010d\u00e1tku projektov\u00e1n jako hotel. Dostal jm\u00e9no Metropol, z\u0159ejm\u011b ve snaze za\u0159adit se k&nbsp;hotel\u016fm stejn\u00e9ho jm\u00e9na, kter\u00e9 fungovaly v&nbsp;dal\u0161\u00edch evropsk\u00fdch m\u011bstech. O&nbsp;tom, \u017ee nov\u00fd podnik m\u011bl vy\u0161\u0161\u00ed kvalitu ne\u017e ostatn\u00ed hotely v&nbsp;okol\u00ed, sv\u011bd\u010d\u00ed fakt, \u017ee pr\u00e1v\u011b Metropol se objevil ve Vil\u00edmkov\u011b pr\u016fvodci po Jubilejn\u00ed v\u00fdstav\u011b jako jedin\u00fd podnik sv\u00e9ho druhu, kter\u00fd se nach\u00e1zel mimo centrum. Prvn\u00edm provozovatelem byl Jan B\u00e1rta, kter\u00fd l\u00e1kal z\u00e1jemce o&nbsp;ubytov\u00e1n\u00ed v&nbsp;hotelu, jen\u017e je \u201emodern\u00edm komfortem veskrze za\u0159\u00edzen\u00fd\u201c. Tomu odpov\u00eddala i&nbsp;na zdej\u0161\u00ed pom\u011bry trochu vy\u0161\u0161\u00ed cena za ubytov\u00e1n\u00ed \u2013 1 zlat\u00fd za noc. Nespornou v\u00fdhodou bylo, \u017ee prakticky p\u0159\u00edmo p\u0159ed hotelem byla stanice kon\u011bsp\u0159e\u017en\u00e9 tramvaje. V&nbsp;hotelov\u00e9 restauraci se \u010depovalo pivo z&nbsp;m\u011b\u0161\u0165ansk\u00e9ho pivovaru v&nbsp;Plzni a&nbsp;tak\u00e9 to oby\u010dejn\u011bj\u0161\u00ed z&nbsp;Nusl\u00ed. Nechyb\u011bla ani zahrada, kde bylo v&nbsp;pl\u00e1nu po\u0159\u00e1dat obl\u00edben\u00e9 tane\u010dn\u00ed z\u00e1bavy.<\/p>\r\n<p>Hoteli\u00e9r B\u00e1rta ale v&nbsp;Metropolu p\u0159\u00edli\u0161 dlouho nevydr\u017eel, prakticky jen po dobu kon\u00e1n\u00ed Jubilejn\u00ed v\u00fdstavy. B\u011bhem akce tak\u00e9 provozoval p\u0159\u00edmo na V\u00fdstavi\u0161ti \u201eob\u010derstvovnu\u201c pod n\u00e1zvem V\u0161eobecn\u00e1 pivnice. U\u017e v&nbsp;listopadu 1891 ale oznamuje v&nbsp;tisku, \u017ee p\u0159eb\u00edr\u00e1 hostinec U&nbsp;B\u00edl\u00e9ho kohouta v&nbsp;Liliov\u00e9 ulici na Star\u00e9m M\u011bst\u011b.<\/p>\r\n<p>V roce 1893 provozoval bubensk\u00fd hotel Anton\u00edn Vodenka, o&nbsp;dva roky pozd\u011bji zm\u011bnil majitele cel\u00fd d\u016fm \u2013 od man\u017eelky stavitele Rechziegela jej za 75&nbsp;000 zlat\u00fdch koupila Karol\u00edna Steinov\u00e1. V&nbsp;roce 1905 Metropol st\u00e1le fungoval jako hotel, ale pravd\u011bpodobn\u011b je\u0161t\u011b p\u0159ed prvn\u00ed sv\u011btovou v\u00e1lkou se zde p\u0159estalo nab\u00edzet ubytov\u00e1n\u00ed a&nbsp;v&nbsp;budov\u011b z\u016fstal pouze restaura\u010dn\u00ed provoz. Ve dvac\u00e1t\u00fdch letech pak v&nbsp;dom\u011b, respektive v&nbsp;jeho dvo\u0159e fungovala pom\u011brn\u011b velk\u00e1 tov\u00e1rna na uzeniny. Ka\u017edop\u00e1dn\u011b Metropol byl p\u0159ed prvn\u00ed sv\u011btovou v\u00e1lkou z\u0159ejm\u011b nejlep\u0161\u00edm hotelem v&nbsp;Praze 7. Za d\u016fkaz tohoto tvrzen\u00ed lze pova\u017eovat fakt, \u017ee hotel si vybral v&nbsp;roce 1895 jako sv\u00e9 do\u010dasn\u00e9 stanovi\u0161t\u011b b\u00fdval\u00fd sekund\u00e1rn\u00ed l\u00e9ka\u0159 c. k. v\u0161eobecn\u00e9 pra\u017esk\u00e9 nemocnice MUDr. Emanuel Reiner, kter\u00fd zde ordinoval. Z&nbsp;dne\u0161n\u00edho pohledu t\u011b\u017eko p\u0159edstaviteln\u00e1 situace b\u00fdvala je\u0161t\u011b koncem 19.&nbsp;stolet\u00ed pom\u011brn\u011b b\u011b\u017en\u00e1. S\u00ed\u0165 l\u00e9ka\u0159sk\u00fdch ordinac\u00ed nebyla je\u0161t\u011b dotvo\u0159ena a&nbsp;zvl\u00e1\u0161\u0165 na tehdej\u0161\u00edch pra\u017esk\u00fdch p\u0159edm\u011bst\u00edch, Hole\u0161ovice-Bubny nevyj\u00edmaje, panoval citeln\u00fd nedostatek l\u00e9ka\u0159\u016f. V&nbsp;hotel\u00edch tehdy \u010dasto l\u00e9\u010dili l\u00e9ka\u0159i specialist\u00e9 \u2013 zejm\u00e9na zuba\u0159i a\u00a0z\u00e1zem\u00ed zde nach\u00e1zeli i\u00a0z\u00e1stupci seri\u00f3zn\u00edch (ko\u010duj\u00edc\u00ed fotografov\u00e9) nebo m\u00e9n\u011b seri\u00f3zn\u00edch (r\u016fzn\u00ed v\u011b\u0161tci nebo v\u011bdmy) \u017eivnost\u00ed.<br \/>\r\n<br \/>\r\n<\/p>\r\n<p><img loading=\"lazy\" src=\"https:\/\/www.praha7.cz\/wp-content\/uploads\/2023\/10\/03_DSC_0583_use-330x400.png\" alt=\"\" width=\"330\" height=\"400\" class=\"alignnone size-medium wp-image-70259\" srcset=\"https:\/\/www.praha7.cz\/wp-content\/uploads\/2023\/10\/03_DSC_0583_use-330x400.png 330w, https:\/\/www.praha7.cz\/wp-content\/uploads\/2023\/10\/03_DSC_0583_use.png 378w\" sizes=\"(max-width: 330px) 100vw, 330px\" \/><br \/>\r\n<em>Sv\u00e9ho \u010dasu nejluxusn\u011bj\u0161\u00ed hotel v\u00a0Praze 7 \u2013 Metropol s\u00eddlil v\u00a0tomto dom\u011b<\/em><\/p>\r\n<p><strong><br \/>\r\nV\u016fn\u011b ho\u0159\u010dice<br \/>\r\n<\/strong>Dal\u0161\u00edm letensk\u00fdm podnikem, kter\u00fd nab\u00edzel krom\u011b klasick\u00fdch restaura\u010dn\u00edch slu\u017eeb i&nbsp;ubytov\u00e1n\u00ed, byl hotel Bivoj, jej\u017e t\u011bsn\u011b p\u0159ed koncem roku 1899 otev\u0159el v&nbsp;t\u0159\u00edpatrov\u00e9 novostavb\u011b v&nbsp;He\u0159manov\u011b ulici \u010d. 854 Jan Kl\u00edma. Ten nebyl v&nbsp;oboru ani v&nbsp;Praze 7 \u017e\u00e1dn\u00fdm nov\u00e1\u010dkem \u2013 u\u017e od po\u010d\u00e1tku devades\u00e1t\u00fdch let provozoval plze\u0148skou pivnici v&nbsp;nedalek\u00e9 Vina\u0159sk\u00e9 ulici (dnes Franti\u0161ka K\u0159\u00ed\u017eka).<\/p>\r\n<p>V kontextu podobn\u00fdch podnik\u016f t\u00e9 doby je zaj\u00edmav\u00e9, \u017ee majitel Kl\u00edma nab\u00edzel i&nbsp;mo\u017enost ust\u00e1jen\u00ed kon\u00ed a&nbsp;parkov\u00e1n\u00ed povoz\u016f. Hotel tedy p\u0159ipom\u00ednal z\u00e1jezdn\u00ed hostinec, podniky tohoto druhu ov\u0161em na konci 19.&nbsp;stolet\u00ed u\u017e sp\u00ed\u0161e vym\u00edraly. D\u016fvodem mohlo b\u00fdt, \u017ee Jan Kl\u00edma se v\u011bnoval krom\u011b pohostinstv\u00ed i&nbsp;povoznick\u00e9 \u017eivnosti. Dal\u0161\u00ed zaj\u00edmavost\u00ed je, \u017ee hoteli\u00e9r sv\u016fj podnik inzeroval jako \u201ev\u00fdsadn\u00ed hostinec\u201c. V\u00fdsadn\u00ed hostince b\u00fdvaly v&nbsp;16.&nbsp;a&nbsp;17.&nbsp;stolet\u00ed spojeny s&nbsp;provozem pivovaru a&nbsp;v\u00fdsadou ud\u011blenou jim vrchnost\u00ed bylo \u010depovat uva\u0159en\u00e9 pivo v&nbsp;p\u0159ilehl\u00e9 hospod\u011b. Tento p\u0159\u00edvlastek tak jist\u011b zn\u011bl v&nbsp;dob\u011b zcela liberalizovan\u00e9ho podnik\u00e1n\u00ed konce 19.&nbsp;stolet\u00ed trochu nepat\u0159i\u010dn\u011b, respektive zastarale.<\/p>\r\n<p>Ka\u017edop\u00e1dn\u011b hoteli\u00e9r Kl\u00edma l\u00e1kal n\u00e1v\u0161t\u011bvn\u00edky i&nbsp;na plze\u0148sk\u00e9 pivo, p\u016fllitr st\u00e1l 12 krejcar\u016f, na \u010depu m\u011bl ale tak\u00e9 mok z&nbsp;akciov\u00e9ho pivovaru na Sm\u00edchov\u011b. Za pokoj se platilo 80 krejcar\u016f, p\u0159i\u010dem\u017e bylo mo\u017en\u00e9 se zde ubytovat za zv\u00fdhodn\u011bn\u00fdch podm\u00ednek i&nbsp;na del\u0161\u00ed dobu. Zd\u00e1 se, \u017ee s\u00e1zka na cestuj\u00edc\u00ed na kon\u00edch, respektive v&nbsp;povozech majiteli \u00fapln\u011b nevy\u0161la, ji\u017e v&nbsp;pr\u016fb\u011bhu roku 1902 nab\u00edzel Kl\u00edma mo\u017enost najmout si ve dvo\u0159e domu velk\u00e9 d\u00edlny nebo k\u016flny s&nbsp;p\u016fdami. V&nbsp;roce 1904 vznikla na dvo\u0159e hotelu nov\u00e1 stavba \u2013 patrov\u00fd objekt, kter\u00fd m\u011bl slou\u017eit jako v\u00fdrobna ho\u0159\u010dice. Lze se jen dohadovat, jak se asi tv\u00e1\u0159ili hotelov\u00ed host\u00e9 na v\u016fn\u011b, kter\u00e9 se t\u00e9m\u011b\u0159 jist\u011b linuly z&nbsp;provozu firmy Lan\u010d a&nbsp;Janda, je\u017e krom\u011b \u201ev\u00fdte\u010dn\u00e9 ho\u0159\u010dice francouzsk\u00e9 i&nbsp;krem\u017esk\u00e9\u201c nab\u00edzela i&nbsp;znojemsk\u00e9 okurky a&nbsp;dal\u0161\u00ed sterilovanou zeleninu.<\/p>\r\n<p>Na po\u010d\u00e1tku 20.&nbsp;stolet\u00ed se provozovatel\u00e9 hotelu Bivoj pom\u011brn\u011b rychle st\u0159\u00eddali, v&nbsp;pr\u016fb\u011bhu prvn\u00ed sv\u011btov\u00e9 v\u00e1lky byly b\u00fdval\u00e9 kon\u00edrny definitivn\u011b zru\u0161eny a&nbsp;p\u0159em\u011bn\u011bny na z\u00e1me\u010dnickou d\u00edlnu Karla Pitr\u00e1ka. Hotel Bivoj fungoval je\u0161t\u011b v&nbsp;prvn\u00ed polovin\u011b dvac\u00e1t\u00fdch let, v&nbsp;druh\u00e9 polovin\u011b t\u00e9to dek\u00e1dy se d\u016fm dostal do majetku bubensk\u00e9ho velkoobchodn\u00edka Richarda Arenda, kter\u00e9 nechal na po\u010d\u00e1tku t\u0159ic\u00e1t\u00fdch let d\u016fm zv\u00fd\u0161it o&nbsp;dv\u011b patra do sou\u010dasn\u00e9 podoby.<br \/>\r\n<br \/>\r\n<\/p>\r\n<p><img loading=\"lazy\" src=\"https:\/\/www.praha7.cz\/wp-content\/uploads\/2023\/10\/04_hotel_Metropole_Jan_Ba\u0301rta__P7_0306_1891_use.png\" alt=\"\" width=\"420\" height=\"278\" class=\"alignnone size-full wp-image-70260\" \/><br \/>\r\n<em>Ozn\u00e1men\u00ed o\u00a0otev\u0159en\u00ed hotelu Metropol z\u00a0\u010dervna 1891<\/em><\/p>\r\n<p><strong><br \/>\r\nJe libo v\u0161i?<br \/>\r\n<\/strong>Nen\u00ed t\u0159eba zast\u00edrat, \u017ee hotely na p\u0159edm\u011bst\u00edch a&nbsp;zejm\u00e9na jejich klientela se net\u011b\u0161ily \u00fapln\u011b nejlep\u0161\u00ed pov\u011bsti. Ani hotel Bivoj v&nbsp;tom nebyl v\u00fdjimkou. V&nbsp;roce 1914 se se z\u00e1\u017eitkem z&nbsp;letensk\u00e9ho hotelu sv\u011b\u0159il jeden ze \u010dten\u00e1\u0159\u016f \u010dasopisu Ml\u00e1denec, kter\u00fd hotel charakterizoval n\u00e1sledovn\u011b: \u201eHotel tento, jako spousta hotel\u016f jin\u00fdch, existuje pouze z&nbsp;p\u0159\u00edjm\u016f t. zv. p\u00e1rk\u016f, kte\u0159\u00ed se na hodinu, na dv\u011b uchyluj\u00ed do zd\u00ed jeho, nebo\u0165 tak zastr\u010den\u00e9mu hotelu nelze na skute\u010dn\u00e9 ubytov\u00e1v\u00e1n\u00ed cizinc\u016f ani pomyslet.\u201c Pisatel p\u0159izn\u00e1v\u00e1, \u017ee se s\u00e1m do hotelu s&nbsp;\u201ep\u0159\u00edtelkou\u201c uch\u00fdlil. Pointa p\u0159\u00edb\u011bhu tkv\u00ed v&nbsp;tom, \u017ee si oba odnesli z&nbsp;pokoje nezvan\u00e9 hosty na sv\u00fdch od\u011bvech \u2013 \u0161atn\u00ed v\u0161i. Tehdej\u0161\u00ed provozovatel hotelu Jan Kraus si toto oso\u010den\u00ed nenechal l\u00edbit a&nbsp;podal na zodpov\u011bdn\u00e9ho redaktora listu trestn\u00ed ozn\u00e1men\u00ed. Cel\u00e1 v\u011bc se dostala k&nbsp;soudu, k&nbsp;samotn\u00e9mu p\u0159el\u00ed\u010den\u00ed ale nedo\u0161lo, proto\u017ee ob\u011b strany se dohodly mimosoudn\u011b. V\u00fdsledkem byla omluva uve\u0159ejn\u011bn\u00e1 v&nbsp;p\u0159edm\u011btn\u00e9m \u010dasopise, \u00fahrada soudn\u00edch v\u00fdloh a&nbsp;pokuta 10 korun ve prosp\u011bch fondu na stravov\u00e1n\u00ed nezam\u011bstnan\u00fdch. Ka\u017edop\u00e1dn\u011b zodpov\u011bdn\u00fd (ve smyslu odpov\u011bdnosti za obsah \u010dasopisu) redaktor Jaroslav Votruba se h\u00e1jil tvrzen\u00edm, \u017ee \u010dl\u00e1nek byl uve\u0159ejn\u011bn bez jeho v\u011bdom\u00ed (!).<\/p>\r\n<p>Dne\u0161n\u00ed putov\u00e1n\u00ed po star\u00fdch hotelech v&nbsp;Praze 7 zakon\u010d\u00edme v&nbsp;Bubnech. V&nbsp;roce 1895 vyrostl na bubensk\u00e9m n\u00e1b\u0159e\u017e\u00ed pobl\u00ed\u017e nov\u011b otev\u0159en\u00fdch jatek t\u0159\u00edpatrov\u00fd d\u016fm. Investorem byl c. k. po\u0161tovn\u00ed ofici\u00e1l a&nbsp;pozd\u011bji \u010dlen pra\u017esk\u00e9ho sboru obecn\u00edch star\u0161\u00edch (m\u011bstsk\u00e9ho zastupitelstva) Emanuel Ba\u0161teck\u00fd. A\u010dkoli vysok\u00fd po\u0161tovn\u00ed \u00fa\u0159edn\u00edk a&nbsp;m\u00edstop\u0159edseda ob\u010dansk\u00e9ho klubu v&nbsp;Hole\u0161ovic\u00edch nikdy hotel ve sv\u00e9m dom\u011b neprovozoval, podnik nesl jeho jm\u00e9no \u2013 U&nbsp;Ba\u0161teck\u00fdch. I&nbsp;v&nbsp;tomto hotelu a&nbsp;restauraci se pom\u011brn\u011b \u010dasto m\u011bnili n\u00e1jemci \u2013 v&nbsp;dobov\u00fdch materi\u00e1lech se v&nbsp;souvislosti s&nbsp;po\u010d\u00e1tky jeho existence lze setkat se jm\u00e9ny jako Franti\u0161ek H\u00e1kr, Karel Pacovsk\u00fd, Alois \u017de\u017eulka a&nbsp;dal\u0161\u00edmi. D\u00e1 se p\u0159edpokl\u00e1dat, \u017ee hoteli\u00e9\u0159i c\u00edlili v&nbsp;p\u0159\u00edpad\u011b ubytov\u00e1n\u00ed na klienty, kte\u0159\u00ed byli n\u011bjak spjati s&nbsp;provozem nedalek\u00fdch \u00fast\u0159edn\u00edch jatek. O&nbsp;hostech, ji\u017e nav\u0161t\u011bvovali hostinec U&nbsp;Ba\u0161teck\u00fdch, se dokonce zm\u00ednil E. E. Kisch ve fejetonu z&nbsp;roku 1927 s&nbsp;p\u0159\u00edzna\u010dn\u00fdm n\u00e1zvem Mezi vora\u0159i \u2013 nav\u0161t\u011bvovali jej \u00fadajn\u011b p\u0159ev\u00e1\u017en\u011b mu\u017ei, jejich\u017e \u017eivot byl spojen s&nbsp;Vltavou a&nbsp;plaven\u00edm d\u0159eva.<\/p>\r\n<p>I v&nbsp;p\u0159\u00edpad\u011b hotelu U&nbsp;Ba\u0161teck\u00fdch se \u0159e\u0161ila \u00farove\u0148 podniku z&nbsp;hlediska \u0159ekn\u011bme mravnostn\u00edho. V&nbsp;posledn\u00edch dek\u00e1d\u00e1ch 19.&nbsp;a&nbsp;na za\u010d\u00e1tku 20.&nbsp;stolet\u00ed panoval pom\u011brn\u011b siln\u00fd tlak na omezen\u00ed nebo dokonce z\u00e1kaz \u017eensk\u00e9 obsluhy v&nbsp;hostinc\u00edch. Povol\u00e1n\u00ed \u010d\u00ed\u0161nice bylo \u010dasto pova\u017eov\u00e1no za pouhou z\u00e1st\u011brku pro prostituci. Na z\u00e1klad\u011b st\u00ed\u017enost\u00ed pak pra\u017esk\u00fd magistr\u00e1t vyd\u00e1val ob\u010das z\u00e1kaz p\u016fsoben\u00ed \u017een jako person\u00e1lu, k&nbsp;\u010demu\u017e do\u0161lo v&nbsp;prosinci 1900 i&nbsp;v&nbsp;p\u0159\u00edpad\u011b hotelu U&nbsp;Ba\u0161teck\u00fdch. A\u010dkoli je\u0161t\u011b v&nbsp;polovin\u011b dvac\u00e1t\u00fdch let nesla fas\u00e1da domu hrd\u00fd n\u00e1pis \u201ehotel\u201c, ubytovac\u00ed slu\u017eby se zde v&nbsp;t\u00e9 dob\u011b u\u017e nenab\u00edzely. Obl\u00edben\u00e1 restaurace byla v&nbsp;provozu je\u0161t\u011b i&nbsp;po druh\u00e9 sv\u011btov\u00e9 v\u00e1lce.<\/p>\r\n<p>&nbsp;<\/p>\r\n<p>&nbsp;<\/p>\r\n<p><img loading=\"lazy\" src=\"https:\/\/www.praha7.cz\/wp-content\/uploads\/2023\/10\/05_odvola\u0301ni\u0301_S\u030cos\u030coli\u0301n__1711_1909_use.png\" alt=\"\" width=\"578\" height=\"215\" class=\"alignnone size-full wp-image-70261\" \/><br \/>\r\n<em>N\u00e1jemce hotelu Ba\u0161teck\u00fd Bohumil \u0160o\u0161ol\u00edn byl z\u0159ejm\u011b hork\u00e1 krev. Takto se omlouval v&nbsp;tisku (pravd\u011bpodobn\u011b na z\u00e1klad\u011b rozhodnut\u00ed soudu) v\u00a0roce 1909 sv\u00e9 man\u017eelce a\u00a0tch\u00e1novi.<br \/>\r\n<br \/>\r\n<\/em><\/p>\r\n<hr \/>\r\n<p><strong>V\u00fdzva!<\/strong><br \/>\r\nPro tvorbu dal\u0161\u00edch p\u0159\u00edsp\u011bvk\u016f o&nbsp;historii restaurac\u00ed, hostinc\u016f, hotel\u016f nebo kav\u00e1ren v&nbsp;Praze 7 m\u00e1 autor z\u00e1jem o&nbsp;zap\u016fj\u010den\u00ed va\u0161ich materi\u00e1l\u016f k&nbsp;tomuto t\u00e9matu. Zvl\u00e1\u0161\u0165 by ocenil jak\u00e9koli informace k&nbsp;restauraci \u2013 \u201en\u00e1dra\u017ece\u201c, kter\u00e1 fungovala v&nbsp;budov\u011b n\u00e1dra\u017e\u00ed Praha-Bubny. Kontakt: VaclavovicS@Praha7.cz. D\u011bkujeme!<\/p>","protected":false},"excerpt":{"rendered":"[perex] V&nbsp;prvn\u00ed \u010d\u00e1sti seri\u00e1lu o&nbsp;lok\u00e1lech v&nbsp;Praze 7 jsme se v\u011bnovali letensk\u00fdm hotel\u016fm. T\u00e9ma jsme ale zdaleka nevy\u010derpali, vrac\u00edme se proto na p\u0159elom 19.&nbsp;a&nbsp;20.&nbsp;stolet\u00ed do bou\u0159liv\u011b se rozv\u00edjej\u00edc\u00ed Prahy&nbsp;7, kde jako pov\u011bstn\u00e9 houby po de\u0161ti rostou nejen tov\u00e1rn\u00ed are\u00e1ly, ale i&nbsp;\u010din\u017eovn\u00ed domy. N\u011bkter\u00e9 z&nbsp;nich m\u011bly slou\u017eit pr\u00e1v\u011b k&nbsp;ubytov\u00e1n\u00ed host\u016f. T\u00e9to oblasti tak\u00e9 v\u00fdznamnou m\u011brou p\u0159isp\u011bl [&hellip;]","protected":false},"author":292,"featured_media":70258,"comment_status":"closed","ping_status":"open","sticky":false,"template":"","format":"standard","meta":[],"categories":[37],"tags":[],"_links":{"self":[{"href":"https:\/\/www.praha7.cz\/api\/wp\/v2\/posts\/70249"}],"collection":[{"href":"https:\/\/www.praha7.cz\/api\/wp\/v2\/posts"}],"about":[{"href":"https:\/\/www.praha7.cz\/api\/wp\/v2\/types\/post"}],"author":[{"embeddable":true,"href":"https:\/\/www.praha7.cz\/api\/wp\/v2\/users\/292"}],"replies":[{"embeddable":true,"href":"https:\/\/www.praha7.cz\/api\/wp\/v2\/comments?post=70249"}],"version-history":[{"count":5,"href":"https:\/\/www.praha7.cz\/api\/wp\/v2\/posts\/70249\/revisions"}],"predecessor-version":[{"id":70802,"href":"https:\/\/www.praha7.cz\/api\/wp\/v2\/posts\/70249\/revisions\/70802"}],"wp:featuredmedia":[{"embeddable":true,"href":"https:\/\/www.praha7.cz\/api\/wp\/v2\/media\/70258"}],"wp:attachment":[{"href":"https:\/\/www.praha7.cz\/api\/wp\/v2\/media?parent=70249"}],"wp:term":[{"taxonomy":"category","embeddable":true,"href":"https:\/\/www.praha7.cz\/api\/wp\/v2\/categories?post=70249"},{"taxonomy":"post_tag","embeddable":true,"href":"https:\/\/www.praha7.cz\/api\/wp\/v2\/tags?post=70249"}],"curies":[{"name":"wp","href":"https:\/\/api.w.org\/{rel}","templated":true}]}}