    
{"id":70244,"date":"2023-10-02T14:31:12","date_gmt":"2023-10-02T12:31:12","guid":{"rendered":"https:\/\/www.praha7.cz\/?p=70244"},"modified":"2023-10-02T16:30:34","modified_gmt":"2023-10-02T14:30:34","slug":"bila-spojka","status":"publish","type":"post","link":"https:\/\/www.praha7.cz\/bila-spojka\/","title":{"rendered":"B\u00edl\u00e1 spojka"},"content":{"rendered":"<p>[perex]<\/p>\r\n<p>O \u0160tvanick\u00e9 l\u00e1vce toho bylo v&nbsp;posledn\u00edch t\u00fddnech naps\u00e1no mnoho. Prostor jsme j\u00ed v\u011bnovali i&nbsp;v&nbsp;minul\u00e9m \u010d\u00edsle Hobuletu, ale poj\u010fme si p\u0159ece jen p\u00e1r z\u00e1kladn\u00edch fakt\u016f p\u0159ipomenout a&nbsp;odhalit n\u011bkter\u00e9 skryt\u00e9 detaily.<\/p>\r\n<p>[\/perex]<\/p>\r\n<p>Jako prvn\u00ed vla\u0161tovku propojen\u00ed Hole\u0161ovic a&nbsp;Karl\u00edna m\u016f\u017eeme ch\u00e1pat stavbu Negrelliho viaduktu, kter\u00fd v&nbsp;roce 1850 protnul \u0160tvanici v&nbsp;jej\u00ed v\u00fdchodn\u00ed t\u0159etin\u011b, a&nbsp;propojil tak \u017eeleznic\u00ed oba pra\u017esk\u00e9 b\u0159ehy. Pro p\u011b\u0161\u00ed ale \u0160tvanice z\u016fstala a\u017e do konce stolet\u00ed spojena pouze s&nbsp;karl\u00ednsk\u00fdm b\u0159ehem a&nbsp;okoln\u00edmi ostrovy, a&nbsp;to prost\u0159ednictv\u00edm mal\u00fdch d\u0159ev\u011bn\u00fdch l\u00e1vek. Definitivn\u00ed zm\u011bna p\u0159i\u0161la roku 1898. Praha tehdy ostrov od jeho soukrom\u00fdch majitel\u016f odkoupila a&nbsp;o&nbsp;dva roky pozd\u011bji zde nechala vybudovat provizorn\u00ed d\u0159ev\u011bn\u00fd pilotov\u00fd most, zvan\u00fd Jate\u010dn\u00ed, kter\u00fd vedl do hole\u0161ovick\u00fdch jatek. Tento most byl z\u00e1hy, v&nbsp;letech 1909\u20131912, nahrazen dne\u0161n\u00edm Hl\u00e1vkov\u00fdm mostem podle projektu architekt\u016f Franti\u0161ka Mencla a&nbsp;Pavla Jan\u00e1ka.<\/p>\r\n<p>D\u0159ev\u011bn\u00e9 l\u00e1vky, kter\u00e9 propojovaly p\u016fvodn\u00ed ostr\u016fvky v&nbsp;m\u00edst\u011b dne\u0161n\u00ed \u0160tvanice, zmizely spole\u010dn\u011b se sjednocen\u00edm ostrov\u016f. I&nbsp;v&nbsp;t\u00e9 dob\u011b spojoval ob\u011b \u010dtvrti p\u0159\u00edvoz, jen\u017e v\u0161ak kapacitn\u011b neposta\u010doval. S&nbsp;um\u00edst\u011bn\u00edm l\u00e1vky, kter\u00e1 by spojovala doln\u00ed Hole\u0161ovice s&nbsp;Karl\u00ednem, po\u010d\u00edtal ji\u017e \u00fazemn\u00ed pl\u00e1n z&nbsp;roku 1920 a&nbsp;pl\u00e1noval ji i&nbsp;regula\u010dn\u00ed pl\u00e1n z&nbsp;roku 1930.<\/p>\r\n<p>Propojen\u00ed obou b\u0159eh\u016f Vltavy se za\u010dalo intenzivn\u011b \u0159e\u0161it v&nbsp;devades\u00e1t\u00fdch letech 20.&nbsp;stolet\u00ed. V&nbsp;roce 1999 prob\u011bhla i&nbsp;architektonick\u00e1 sout\u011b\u017e na l\u00e1vku mezi Karl\u00ednem a&nbsp;Hole\u0161ovicemi, kterou vyhr\u00e1l t\u00fdm profesorky Aleny \u0160r\u00e1mkov\u00e9. Jej\u00ed realizaci ale definitivn\u011b poh\u0159bily povodn\u011b o&nbsp;t\u0159i roky pozd\u011bji, kter\u00e9 zv\u00fd\u0161ily po\u017eadavky na protipovod\u0148ov\u00e1 opat\u0159en\u00ed (v&nbsp;sou\u010dasn\u00e9 dob\u011b je v&nbsp;Praze stanoven\u00e1 \u00farove\u0148 tzv. tis\u00edcilet\u00e9 vody, co\u017e je \u00farove\u0148 povodn\u011b z&nbsp;roku 2002 s&nbsp;rezervou jeden metr). \u201eV\u00edt\u011bzn\u00e1 l\u00e1vka\u201c by se tak musela zvednout o&nbsp;dal\u0161\u00edch 1,1 metru, co\u017e by ve v\u00fdsledku znamenalo, \u017ee na stran\u011b Hole\u0161ovick\u00e9 tr\u017enice by se nach\u00e1zela ve v\u00fd\u0161ce 3,5 metru nad \u00farovn\u00ed chodn\u00edku a&nbsp;nad v\u00fdchodn\u00edm c\u00edpem \u0160tvanice ve v\u00fd\u0161ce a\u017e \u0161est metr\u016f nad ter\u00e9nem. Vyvstal tak probl\u00e9m, jak bezbari\u00e9rov\u011b \u0159e\u0161it napojen\u00ed l\u00e1vky na st\u00e1vaj\u00edc\u00ed ulici a&nbsp;ostrov. Ve v\u00fdchodn\u00ed \u0161pi\u010dce ostrova by toti\u017e v\u011bt\u0161inu dne\u0161n\u00ed voln\u00e9 plochy zabrala rampa spojuj\u00edc\u00ed ostrov s&nbsp;l\u00e1vkou.<\/p>\r\n<p><strong>U\u0161lechtil\u00e1 prostota<\/strong><br \/>\r\nPr\u00e1v\u011b bezbari\u00e9rovost \u0159e\u0161en\u00ed vstup\u016f na l\u00e1vku, protipovod\u0148ov\u00e1 ochrana a&nbsp;respektov\u00e1n\u00ed prost\u0159ed\u00ed s&nbsp;minim\u00e1ln\u00edmi z\u00e1sahy do krajiny byly mezi podm\u00ednkami architektonick\u00e9 sout\u011b\u017ee, kterou m\u011bsto prost\u0159ednictv\u00edm Institutu pl\u00e1nov\u00e1n\u00ed a&nbsp;rozvoje (IPR) vypsalo v&nbsp;dubnu 2017. \u201eRevize technick\u00fdch po\u017eadavk\u016f vnesla do specifikace sout\u011b\u017ee nov\u00e9 hydrodynamick\u00e9 aspekty, vedouc\u00ed mimo jin\u00e9 k&nbsp;omezen\u00ed po\u010dtu op\u011br l\u00e1vky, a&nbsp;p\u0159ipustila \u2013 ne-li p\u0159\u00edmo po\u017eadovala \u2013 i&nbsp;mo\u017enost jej\u00edho hydraulick\u00e9ho zved\u00e1n\u00ed. Tyto nov\u00e9 technick\u00e9 po\u017eadavky, spolu s&nbsp;probl\u00e9mem spojen\u00ed dvou geometricky zcela rozd\u00edln\u00fdch urbanistick\u00fdch osnov m\u011bstsk\u00fdch \u010d\u00e1st\u00ed Hole\u0161ovic a&nbsp;Karl\u00edna (s&nbsp;n\u00edm\u017e se ostatn\u011b museli pot\u00fdkat ji\u017e architekti sout\u011b\u017ee p\u0159ede\u0161l\u00e9), zt\u00ed\u017eily pr\u00e1ci \u00fa\u010dastn\u00edk\u016f natolik, \u017ee doj\u00edt k&nbsp;v\u00fdsledku srovnateln\u00e9mu s&nbsp;prostou eleganc\u00ed v\u00edt\u011bzn\u00e9ho n\u00e1vrhu p\u0159ede\u0161l\u00e9 sout\u011b\u017ee, vypracovan\u00e9ho ateli\u00e9rem Aleny \u0160r\u00e1mkov\u00e9, se zd\u00e1lo t\u00e9m\u011b\u0159 nemo\u017en\u00e9,\u201c uvedl Mirko Baum, architekt a&nbsp;p\u0159edseda poroty.<\/p>\r\n<p>V\u00fdsledky sout\u011b\u017ee m\u011bly b\u00fdt ozn\u00e1meny koncem z\u00e1\u0159\u00ed 2017, ale kv\u016fli mno\u017estv\u00ed do\u0161l\u00fdch n\u00e1vrh\u016f (53, z&nbsp;nich 5 bylo vylou\u010deno pro pozdn\u00ed dod\u00e1n\u00ed) byly zve\u0159ejn\u011bny a\u017e v&nbsp;prosinci. V\u00edt\u011bzem se stal n\u00e1vrh t\u00fdmu architekt\u016f Petra Teje a&nbsp;Marka Blanka ve spolupr\u00e1ci se statikem Jan Mourkem a&nbsp;Janem Srnkou, jen\u017e se zhostil vizualizace. Dle slov Mirko Bauma \u201ese se zt\u00ed\u017eenou specifikac\u00ed vyrovnal zcela suver\u00e9nn\u00edm zp\u016fsobem a&nbsp;dok\u00e1zal ji ztv\u00e1rnit do formy p\u0159ekvapuj\u00edc\u00ed jak svou technickou jednoduchost\u00ed, tak i&nbsp;svou t\u00e9m\u011b\u0159 d\u00f3rsky u\u0161lechtilou prostotou\u201c.<br \/>\r\n<br \/>\r\n<\/p>\r\n<p><img loading=\"lazy\" src=\"https:\/\/www.praha7.cz\/wp-content\/uploads\/2023\/10\/Tema2-352x400.jpg\" alt=\"\" width=\"352\" height=\"400\" class=\"alignnone size-medium wp-image-70246\" srcset=\"https:\/\/www.praha7.cz\/wp-content\/uploads\/2023\/10\/Tema2-352x400.jpg 352w, https:\/\/www.praha7.cz\/wp-content\/uploads\/2023\/10\/Tema2-768x874.jpg 768w, https:\/\/www.praha7.cz\/wp-content\/uploads\/2023\/10\/Tema2.jpg 821w\" sizes=\"(max-width: 352px) 100vw, 352px\" \/><\/p>\r\n<p><strong>Design a\u00a0stavba v\u00a0kontextu lokality<\/strong><br \/>\r\nNa za\u010d\u00e1tku roku 2021 z\u00edskala Praha na l\u00e1vku stavebn\u00ed povolen\u00ed a&nbsp;v\u00fdstavba za\u010dala v&nbsp;lednu 2022. \u201eStavba ka\u017ed\u00e9ho mostu nebo l\u00e1vky je ze sv\u00e9 podstaty do velk\u00e9 m\u00edry definovan\u00e1 konstruk\u010dn\u00edmi mo\u017enostmi. D\u016fle\u017eit\u00e9 je na za\u010d\u00e1tku zvolit spr\u00e1vn\u00e9 statick\u00e9 sch\u00e9ma, kter\u00e9 je racion\u00e1ln\u00ed z&nbsp;hlediska konstruk\u010dn\u00edho i&nbsp;ekonomick\u00e9ho a&nbsp;odpov\u00edd\u00e1 architektonick\u00e9mu a&nbsp;urbanistick\u00e9mu konceptu, a&nbsp;s&nbsp;n\u00edm pak d\u00e1l pracovat. Proto jsme v&nbsp;p\u0159\u00edpad\u011b \u0160tvanick\u00e9 l\u00e1vky u\u017e na za\u010d\u00e1tku vylou\u010dili r\u016fzn\u00e9 zav\u011b\u0161en\u00e9 a&nbsp;visut\u00e9 konstrukce, kter\u00e9 by vytv\u00e1\u0159ely v\u00fd\u0161kovou dominantu,\u201c vysv\u011btluje architekt Marek Blank. I&nbsp;z&nbsp;tohoto d\u016fvodu je l\u00e1vka tvarovan\u00e1 jako plynul\u00e1 prostorov\u00e1 k\u0159ivka, kter\u00e1 se p\u0159izp\u016fsobuje nejen po\u017eadavk\u016fm zad\u00e1n\u00ed, ale i&nbsp;pohybu p\u011b\u0161\u00edch a&nbsp;cyklist\u016f v&nbsp;lokalit\u011b. Za minimalistick\u00fdm tvarov\u00e1n\u00edm byla snaha o&nbsp;ur\u010ditou jednozna\u010dnost a&nbsp;siln\u00fd koncept, ale pro n\u00e1vrh byla d\u016fle\u017eit\u00e1 tak\u00e9 pr\u00e1ce s&nbsp;kontextem lokality, \u0159eky i&nbsp;cel\u00e9ho m\u011bsta, do jeho\u017e panoramatu l\u00e1vka zasahuje. \u201eV Praze je \u0159ada most\u016f a&nbsp;m\u011bly by spolu souviset. My jsme se rozhodli ud\u011blat b\u00edlou linku s&nbsp;parapetn\u00edmi nosn\u00edky, kter\u00e9 odkazuj\u00ed k&nbsp;dal\u0161\u00edm pra\u017esk\u00fdm most\u016fm. Parapety m\u00e1 Libe\u0148sk\u00fd most, Hl\u00e1vk\u016fv most i&nbsp;Karl\u016fv most. Cht\u011bli jsme, aby na\u0161e konstrukce byla n\u00edzk\u00e1, pokorn\u00e1 a&nbsp;reflektovala sled dal\u0161\u00edch most\u016f,\u201c \u0159ekl Petr Tej v&nbsp;po\u0159adu Vizitka na \u010cesk\u00e9m rozhlase Vltava.<\/p>\r\n<p><strong>20 minut do zdvihu<\/strong><br \/>\r\n300 metr\u016f dlouh\u00e1 l\u00e1vka p\u0159eklenuje 38 metr\u016f \u0159\u00ed\u010dn\u00ed hladiny mezi Karl\u00ednem a&nbsp;\u0160tvanic\u00ed a&nbsp;149 metr\u016f mezi ostrovem a&nbsp;Hole\u0161ovicemi. L\u00e1vka slou\u017e\u00ed p\u011b\u0161\u00edm a&nbsp;cyklist\u016fm, ale je stav\u011bn\u00e1 tak, aby umo\u017enila i&nbsp;nouzov\u00fd pr\u016fjezd z\u00e1chrann\u00e9 slu\u017eby.<\/p>\r\n<p>Mostn\u00ed konstrukce je podep\u0159ena dv\u011bma n\u00e1b\u0159e\u017en\u00edmi op\u011brami, dv\u011bma pil\u00ed\u0159i na b\u0159ez\u00edch ostrova a&nbsp;dv\u011bma pil\u00ed\u0159i v&nbsp;nesplavn\u00e9m rameni \u0159eky Vltavy. Voln\u011b klesaj\u00edc\u00ed rampa na \u0160tvanici p\u016fdorysn\u011b kop\u00edruje k\u0159ivku hrany ostrova a&nbsp;na hole\u0161ovick\u00e9 stran\u011b kles\u00e1 na \u00farove\u0148 chodn\u00edku na n\u00e1b\u0159e\u017e\u00ed.<\/p>\r\n<p>Pr\u00e1v\u011b na hole\u0161ovick\u00e9 stran\u011b najdeme dva hydraulick\u00e9 v\u00e1lce\/p\u00edsty, kter\u00e9 v&nbsp;p\u0159\u00edpad\u011b povodn\u00ed krajn\u00ed pole l\u00e1vky vertik\u00e1ln\u011b zdvihnou o&nbsp;3,2 metry. Necel\u00fdch 50&nbsp;m od Hole\u0161ovick\u00e9ho b\u0159ehu, de facto v&nbsp;posledn\u00edm poli l\u00e1vky mezi segmenty 49 a&nbsp;50, je do konstrukce vlo\u017een ocelov\u00fd kloub. Oba tyto mechanismy umo\u017en\u00ed, aby cel\u00e1 l\u00e1vka byla b\u011bhem z\u00e1plav v&nbsp;bezpe\u010dn\u00e9 v\u00fd\u0161ce a&nbsp;umo\u017enila stavbu protipovod\u0148ov\u00e9 st\u011bny. Mont\u00e1\u017e ocelov\u00e9 podp\u016frn\u00e9 konstrukce trv\u00e1 necel\u00e9 2 hodiny, zapojen\u00ed agreg\u00e1tu a&nbsp;zdvih pak necel\u00fdch 20 minut.<\/p>\r\n<p><strong>Spojen\u00ed inovace a\u00a0trvanlivosti<\/strong><br \/>\r\nKonstrukce mostu je v&nbsp;podob\u011b parapetn\u00edho nosn\u00edku. L\u00e1vka je tak tvo\u0159ena z&nbsp;57 prefabrikovan\u00fdch d\u00edl\u016f (z&nbsp;nich\u017e ka\u017ed\u00fd je zhruba p\u011bt metr\u016f \u0161irok\u00fd a&nbsp;dlouh\u00fd), segment\u016f z&nbsp;ultravysokohodnotn\u00e9ho betonu s&nbsp;rozpt\u00fdlenou v\u00fdztu\u017e\u00ed (UHPFRC \u2013 ultra high performance fibre reinforced concrete, pozn. red.). Ten byl vymy\u0161len ve Francii asi p\u0159ed 30 lety, ale v&nbsp;\u010cesk\u00e9 republice je vyu\u017e\u00edv\u00e1na varianta vyvinut\u00e1 profesorem Ji\u0159\u00edm Kol\u00edskem na Kloknerov\u011b \u00fastavu \u010cesk\u00e9ho vysok\u00e9ho u\u010den\u00ed technick\u00e9ho.<\/p>\r\n<p>Modern\u00ed kompozitn\u00ed materi\u00e1l na b\u00e1zi cementu m\u00e1 vynikaj\u00edc\u00ed fyzik\u00e1ln\u00ed i&nbsp;mechanick\u00e9 vlastnosti. Pr\u00e1v\u011b d\u00edky jeho vysok\u00e9 pevnosti a&nbsp;mechanick\u00e9 odolnosti je l\u00e1vka subtiln\u00ed a&nbsp;\u201elehk\u00e1\u201c. Oproti tradi\u010dn\u00ed betonov\u00e9 konstrukci m\u00e1 parapet \u0161\u00ed\u0159ku pouh\u00fdch 22 centimetr\u016f, pochoz\u00ed \u010d\u00e1st (deska) pak v&nbsp;pr\u016fm\u011bru 10 centimetr\u016f. Struktura tohoto materi\u00e1lu je \u00fapln\u011b jin\u00e1 ne\u017e u&nbsp;b\u011b\u017en\u00e9ho betonu \u2013 maxim\u00e1ln\u00ed zrno kameniva m\u00e1 v&nbsp;pr\u016fm\u011bru dva milimetry, v&nbsp;norm\u00e1ln\u00edm betonu je b\u011b\u017en\u00e1 velikost 32 milimetr\u016f a&nbsp;v\u00edce. D\u00edky jemnozrnn\u00e9mu slo\u017een\u00ed nem\u00e1 tento beton p\u00f3ry, do nich\u017e by vnikala voda a&nbsp;p\u0159i mrazech n\u00e1sledn\u011b materi\u00e1l trhala, proto je \u017eivotnost l\u00e1vky odhadov\u00e1na na 200 let. Vyzkou\u0161eno je to testy v&nbsp;laborato\u0159i pomoc\u00ed takzvan\u00fdch zmrazovac\u00edch cykl\u016f, je\u017e simuluj\u00ed pr\u016fb\u011bh jednoho roku. Zat\u00edmco b\u011b\u017en\u00fd beton se rozpadne asi po 80 cyklech, tedy po 80 letech, UPHC jich vydr\u017e\u00ed podstatn\u011b v\u00edce. Tento materi\u00e1l se nehod\u00ed na v\u0161e, ale pr\u00e1v\u011b na konstrukce most\u016f a&nbsp;l\u00e1vek je ide\u00e1ln\u00ed a&nbsp;d\u00e1v\u00e1 i&nbsp;finan\u010dn\u011b smysl.<\/p>\r\n<p><strong>Na cest\u011b k\u00a0dokonalosti<\/strong><br \/>\r\nPo\u010d\u00edt\u00e1 se do toho i&nbsp;\u00fadr\u017eba a&nbsp;odstra\u0148ov\u00e1n\u00ed graffiti, jemu\u017e se b\u00edl\u00e1 l\u00e1vka nevyhne, av\u0161ak d\u00edky antigraffiti n\u00e1t\u011bru se z&nbsp;jej\u00edho povrchu v\u0161e rychle a&nbsp;neinvazivn\u011b vy\u010dist\u00ed. \u017de se tak bude d\u00edt, se potvrdilo ji\u017e n\u011bkolik dn\u00ed po otev\u0159en\u00ed l\u00e1vky. L\u00e1vka je v&nbsp;t\u011bchto dnech st\u00e1le je\u0161t\u011b v&nbsp;re\u017eimu tzv. p\u0159ed\u010dasn\u00e9ho u\u017e\u00edv\u00e1n\u00ed, ne\u017e ji zcela do spr\u00e1vy z\u00edsk\u00e1 Technick\u00e1 spr\u00e1va komunikac\u00ed, je\u017e o&nbsp;ni bude pe\u010dovat. S&nbsp;t\u00edmto krokem se tak\u00e9 poj\u00ed sejmut\u00ed ocelov\u00e9 konstrukce na hole\u0161ovick\u00e9 stran\u011b, kter\u00e1 slou\u017e\u00ed pro ji\u017e zm\u00edn\u011bn\u00e9 zvednut\u00ed l\u00e1vky v&nbsp;p\u0159\u00edpad\u011b povodn\u00ed.<\/p>\r\n<p>Pokud jste se po l\u00e1vce ji\u017e pro\u0161li, je mo\u017en\u00e9, \u017ee v\u00e1\u0161 pohled tu a&nbsp;tam padl i&nbsp;na mal\u00e9 rezav\u00e9 fl\u00ed\u010dky na jej\u00edm povrchu, kter\u00e9 si leckdo m\u016f\u017ee myln\u011b vylo\u017eit jako vadu. Sou\u010d\u00e1st\u00ed pou\u017eit\u00e9 betonov\u00e9 sm\u011bsi jsou dr\u00e1tky, kter\u00e9 zaji\u0161\u0165uj\u00ed tahovou pevnost. Pr\u00e1v\u011b t\u011bchto dr\u00e1tk\u016f je v&nbsp;betonu velk\u00e9 mno\u017estv\u00ed a&nbsp;n\u011bkter\u00e9 se p\u0159i odl\u00e9v\u00e1n\u00ed segmentu dostanu bl\u00edzko povrchu a&nbsp;na pohled se z&nbsp;nich stanou rezav\u00e9 nedokonalosti. Tyto dr\u00e1tky v\u0161ak podl\u00e9haj\u00ed korozi a&nbsp;do jednoho roku z&nbsp;povrchu l\u00e1vky zmiz\u00ed. N\u00e1sledn\u011b dojde k&nbsp;efektu tzv. samohojen\u00ed betonu, kdy se povrch s\u00e1m zacel\u00ed.<\/p>\r\n<p><strong>Zodpov\u011bdn\u00e1 v\u00fdstavba u\u00a0vody<\/strong><br \/>\r\nL\u00e1vka sice nem\u00e1 p\u00f3ry, ale s&nbsp;de\u0161\u0165ovou vodou si um\u00ed poradit. \u201eVoda z&nbsp;povrchu l\u00e1vky odt\u00e9k\u00e1 p\u0159\u00ed\u010dn\u00fdmi sp\u00e1rami mezi segmenty rovnou do \u0159eky. Je to nejjednodu\u0161\u0161\u00ed a&nbsp;bez\u00fadr\u017ebov\u00e9 \u0159e\u0161en\u00ed. Pr\u00e1v\u011b tento detail b\u00fdv\u00e1 v&nbsp;souvislosti s&nbsp;nedostate\u010dnou \u00fadr\u017ebou \u010dast\u00fdm probl\u00e9mem mostn\u00edch konstrukc\u00ed. Nad \u0159ekou toti\u017e nen\u00ed mo\u017en\u00e9 pou\u017e\u00edvat posypov\u00e9 soli, ale v&nbsp;zimn\u00edch m\u011bs\u00edc\u00edch v&nbsp;p\u0159\u00edpad\u011b n\u00e1mrazy bude prov\u00e1d\u011bn b\u011b\u017en\u00fd posyp a&nbsp;\u00fadr\u017eba jako na p\u0159ilehl\u00fdch chodn\u00edc\u00edch,\u201c dopl\u0148uje Marek Blank.<\/p>\r\n<p>I povrch \u0160tvanick\u00e9 l\u00e1vky je ojedin\u011bl\u00fd \u2013 b\u00edl\u00fd beton p\u0159ipom\u00edn\u00e1 b\u00edl\u00fd mramor. \u201eObarven\u00fd beton se postupn\u011b za\u010d\u00edn\u00e1 pou\u017e\u00edvat st\u00e1le v\u00edce, obzvl\u00e1\u0161t\u011b na konstrukce, kter\u00e9 jsou v\u00edce viditeln\u00e9 a&nbsp;maj\u00ed n\u011bjak\u00fd v\u00fdznam. Vzhledem k&nbsp;pou\u017eit\u00ed t\u0159\u00ed r\u016fzn\u00fdch receptur betonu bylo nutn\u00e9 na za\u010d\u00e1tku realizace sladit tyto odst\u00edny pomoc\u00ed pokus\u016f a&nbsp;zku\u0161ebn\u00edch z\u00e1m\u011bs\u00ed. Technologick\u00e1 k\u00e1ze\u0148 byla nutn\u00e1, jak\u00e1koliv p\u0159\u00edm\u011bs by znehodnotila celou v\u00e1rku, segment nebo konstruk\u010dn\u00ed prvek,\u201c up\u0159es\u0148uje Michal Kunc, projektov\u00fd mana\u017eer stavebn\u00edho koncernu Skanska, kter\u00fd m\u011bl na starosti realizaci l\u00e1vky.<\/p>\r\n<p>Segmenty, ze kter\u00fdch je l\u00e1vka sestavena, se s&nbsp;milimetrovou p\u0159esnost\u00ed vyr\u00e1b\u011bly v&nbsp;K\u0160 Prefa \u0160t\u011bt\u00ed. Na m\u00edsto byly dopraveny po \u0159ece nebo po silnici, usadily se na skru\u017e, slepily a&nbsp;p\u0159edepnuly. \u201eV\u00fdstavbou jsme nemohli omezit provoz v&nbsp;plavebn\u00edm kan\u00e1le, co\u017e m\u011blo vliv nejen na zp\u016fsob zalo\u017een\u00ed do\u010dasn\u00fdch konstrukc\u00ed ve vod\u011b \u2013 vrtalo se pouze v&nbsp;noci, ale i&nbsp;na mont\u00e1\u017e. Usazen\u00ed segment\u016f na skru\u017e mohlo prob\u00edhat, pouze pokud \u017e\u00e1dn\u00e1 lo\u010f nebyla v&nbsp;bl\u00edzkosti. Byli jsme proto ve spojen\u00ed s&nbsp;obsluhou plavebn\u00ed komory a&nbsp;Povod\u00edm Vltavy. Z\u00e1rove\u0148 jsme v&nbsp;bl\u00edzkosti vody nepou\u017e\u00edvali \u017e\u00e1dn\u00e9 zdrav\u00ed \u0161kodliv\u00e9 l\u00e1tky, kter\u00e9 by mohly Vltavu zne\u010distit. Nav\u00edc na skru\u017ei byla dvojit\u00e1 podlaha, aby se zabr\u00e1nilo p\u00e1du \u010dehokoliv do \u0159eky. V&nbsp;p\u0159\u00edpad\u011b nouze a&nbsp;dle povod\u0148ov\u00e9ho a&nbsp;havarijn\u00edho pl\u00e1nu jsme m\u011bli ve skladu p\u0159ipraveny havarijn\u00ed soupravy. Ni\u010deho ale nebylo t\u0159eba,\u201c \u0159\u00edk\u00e1 Michal Kunc.<\/p>\r\n<p><img loading=\"lazy\" src=\"https:\/\/www.praha7.cz\/wp-content\/uploads\/2023\/10\/Tema3-293x400.jpg\" alt=\"\" width=\"293\" height=\"400\" class=\"alignnone size-medium wp-image-70247\" srcset=\"https:\/\/www.praha7.cz\/wp-content\/uploads\/2023\/10\/Tema3-293x400.jpg 293w, https:\/\/www.praha7.cz\/wp-content\/uploads\/2023\/10\/Tema3.jpg 384w\" sizes=\"(max-width: 293px) 100vw, 293px\" \/><\/p>\r\n<p><strong>V\u00a0objet\u00ed \u0158eky<\/strong><br \/>\r\nK&nbsp;most\u016fm v\u017edy neodd\u011bliteln\u011b pat\u0159ily sochy, a&nbsp;proto socha\u0159skou v\u00fdzdobu dostala i&nbsp;nov\u00e1 l\u00e1vka. Je j\u00ed skulptura \u0158eka socha\u0159e prof. Jana Hendrycha. Socha \u017eensk\u00e9 postavy v&nbsp;\u017eivotn\u00ed velikosti je um\u00edst\u011bna v&nbsp;m\u00edst\u011b kontaktu rampy l\u00e1vky s&nbsp;ter\u00e9nem ostrova. Figura na soklu o&nbsp;v\u00fd\u0161ce 1,5 metru je vyrobena z&nbsp;patinovan\u00e9ho vysokohodnotn\u00e9ho betonu, tedy ze stejn\u00e9ho materi\u00e1lu, jako je l\u00e1vka. Jan Hendrych sochu vytvo\u0159il ji\u017e v&nbsp;70.&nbsp;letech minul\u00e9ho stolet\u00ed a&nbsp;p\u0159\u00edmo pro \u0160tvanickou l\u00e1vku ji v&nbsp;ateli\u00e9ru vybral architekt Petr Tej. Spojen\u00ed mostu a&nbsp;socha\u0159sk\u00e9 v\u00fdzdoby se tomuto tandemu osv\u011bd\u010dilo u\u017e u&nbsp;l\u00e1vky ve Vrapic\u00edch u&nbsp;Kladna, jej\u00ed\u017e sou\u010d\u00e1st\u00ed je Hendrychova socha sv\u011btce a&nbsp;patrona \u010cech Jana Nepomuck\u00e9ho, kter\u00fd sv\u016fj \u017eivot ve Vltav\u011b ukon\u010dil.<\/p>\r\n<p>Dal\u0161\u00ed um\u011bleckou sou\u010d\u00e1st\u00ed \u0160tvanick\u00e9 l\u00e1vky jsou bronzov\u00e1 ornament\u00e1ln\u00ed madla (vyroben\u00e1 ve \u0160v\u00fdcarsku) s&nbsp;prvky zv\u00ed\u0159ec\u00edch hlav na z\u00e1bradl\u00ed socha\u0159e Ale\u0161e Hv\u00edzdala. Um\u011bn\u00ed dle Marka Blanka tvo\u0159\u00ed dal\u0161\u00ed vrstvu n\u00e1vrhu s&nbsp;r\u016fzn\u00fdmi odkazy a&nbsp;analogiemi na pra\u017esk\u00e9 mosty a&nbsp;historii dan\u00fdch m\u00edst. Madla na karl\u00ednsk\u00e9 stran\u011b l\u00e1vky jsou zakon\u010dena dvojic\u00ed kon\u00ed odkazuj\u00edc\u00ed na Karl\u00ednsk\u00e9 kas\u00e1rny, v&nbsp;nich\u017e byli v&nbsp;minulosti ust\u00e1jeni v\u00e1le\u010dn\u00ed kon\u011b, hole\u0161ovi\u010dt\u00ed b\u00fdci jsou symbolem are\u00e1lu \u00dast\u0159edn\u00edch jatek kr\u00e1lovsk\u00e9ho m\u011bsta Prahy a&nbsp;zaj\u00edci na ostrov\u011b odkazuj\u00ed k&nbsp;loveck\u00fdm \u0161tvanic\u00edm.<\/p>\r\n<p>Samotn\u00e9 z\u00e1bradl\u00ed m\u00e1 v&nbsp;sob\u011b zabudovan\u00e9 LED p\u00e1sy, kter\u00e9 osv\u011btluj\u00ed pouze \u010d\u00e1st l\u00e1vky, tedy mostovku, kde je osv\u011btlen\u00ed nutn\u00e9. T\u00edm, \u017ee nen\u00ed osv\u011btlena l\u00e1vka cel\u00e1, nevznik\u00e1 sv\u011bteln\u00fd smog, proto p\u0159i no\u010dn\u00edch pohledech na l\u00e1vku z&nbsp;\u0159eky a&nbsp;n\u00e1b\u0159e\u017e\u00ed nen\u00ed osv\u011btlen\u00ed vid\u011bt. V&nbsp;sou\u010dasn\u00e9 dob\u011b se osv\u011btlen\u00ed lad\u00ed a&nbsp;jeho intenzita bude po m\u011b\u0159en\u00edch upravena na \u00farove\u0148, ji\u017e po\u017eaduj\u00ed normy. Osv\u011btlen\u00ed l\u00e1vky bylo konzultov\u00e1no jak se zahrani\u010dn\u00edmi specialisty, tak nap\u0159\u00edklad i\u00a0s\u00a0\u010ceskou astronomickou spole\u010dnost\u00ed.<\/p>\r\n<p><strong>\u0158e\u0161en\u00ed v\u00fdzev (pod hladinou)<br \/>\r\n<\/strong>Term\u00edn\u016f dokon\u010den\u00ed l\u00e1vky bylo na stole n\u011bkolik, podobn\u011b jako d\u016fvod\u016f pro jeho odklad. \u201eJedn\u00edm z&nbsp;nich byly i&nbsp;jin\u00e9 geologick\u00e9 podm\u00ednky ve dn\u011b \u0159eky Vltavy, ne\u017e ud\u00e1valy sondy. Praha se bohu\u017eel nach\u00e1z\u00ed na slo\u017eit\u00e9m geologick\u00e9m podlo\u017e\u00ed, a&nbsp;co plat\u00ed na jednom m\u00edst\u011b, nemus\u00ed platit o&nbsp;p\u00e1r metr\u016f d\u00e1l. V&nbsp;na\u0161em p\u0159\u00edpad\u011b jsme narazili na nevrtatelnou \u010d\u00e1st dna. Museli jsme navrhnout nov\u00e9 \u0159e\u0161en\u00ed zalo\u017een\u00ed skru\u017ee, spo\u010d\u00edtat, vyzkou\u0161et a&nbsp;n\u00e1sledn\u011b ho aplikovat pro celou stavbu,\u201c dod\u00e1v\u00e1 Michal Kunc. Do m\u00edrn\u00e9ho zpo\u017ed\u011bn\u00ed v\u0161ak zas\u00e1hl tak\u00e9 covid-19 a&nbsp;v\u00e1lka na Ukrajin\u011b. To m\u011blo za n\u00e1sledek zna\u010dn\u00e9 logistick\u00e9 probl\u00e9my a&nbsp;n\u011bkter\u00e9 materi\u00e1ly se na stavbu dostaly i&nbsp;s&nbsp;dvoum\u011bs\u00ed\u010dn\u00edm zpo\u017ed\u011bn\u00edm. D\u016fvod m\u00edrn\u00e9ho zpo\u017ed\u011bn\u00ed v\u0161ak m\u016f\u017eeme spat\u0159it tak\u00e9 v&nbsp;propojen\u00ed s&nbsp;dal\u0161\u00edmi navazuj\u00edc\u00edmi projekty a&nbsp;jejich dokon\u010den\u00edm: na karl\u00ednsk\u00e9 stran\u011b je nov\u00e1 cyklostezka, na na\u0161\u00ed stran\u011b skon\u010dila rekonstrukce Bubensk\u00e9ho n\u00e1b\u0159e\u017e\u00ed a&nbsp;pozvolnou p\u0159em\u011bnou proch\u00e1z\u00ed i&nbsp;samotn\u00fd ostrov.<\/p>\r\n<p><strong>Manu\u00e1l vize ostrova<\/strong><br \/>\r\nU\u017e n\u011bjak\u00fd \u010das se mluv\u00ed o&nbsp;ostrov\u011b \u0160tvanici jako o&nbsp;upraven\u00e9 zelen\u00e9 rekrea\u010dn\u00ed z\u00f3n\u011b, v&nbsp;n\u00ed\u017e bude mo\u017en\u00e9 (jako je tomu u\u017e nyn\u00ed) tr\u00e1vit voln\u00fd \u010das, sportovat nebo j\u00edt za kulturou. Zp\u0159\u00edstupnit by se m\u011bly i&nbsp;b\u0159ehy, na kter\u00fdch vznikne sezen\u00ed u&nbsp;vody. Koncep\u010dn\u00ed dokument Manu\u00e1l vize ostrova, jeho\u017e c\u00edlem je vytvo\u0159en\u00ed sc\u00e9n\u00e1\u0159e obnovy ostrova, zadalo m\u011bsto kancel\u00e1\u0159i RKAW. Ta byla zpracov\u00e1n\u00edm pov\u011b\u0159ena na z\u00e1klad\u011b v\u00fdsledk\u016f mezin\u00e1rodn\u00ed sout\u011b\u017ee v&nbsp;roce 2013. Na za\u010d\u00e1tku roku 2021 byl vytvo\u0159en pl\u00e1n participace a&nbsp;na ja\u0159e prob\u011bhly kulat\u00e9 stoly s&nbsp;kl\u00ed\u010dov\u00fdmi akt\u00e9ry. N\u00e1sledovaly participa\u010dn\u00ed aktivity pro ve\u0159ejnost, v&nbsp;r\u00e1mci kter\u00fdch se sb\u00edraly podn\u011bty p\u0159\u00edmo od m\u00edstn\u00edch obyvatel, p\u0159edstaven\u00ed n\u00e1vrhu ve\u0159ejnosti a&nbsp;konzultace s&nbsp;kl\u00ed\u010dov\u00fdmi akt\u00e9ry. Podn\u011bty byly posb\u00edr\u00e1ny, vyhodnoceny a&nbsp;fin\u00e1ln\u00ed n\u00e1vrh Manu\u00e1lu vize ostrova bude ji\u017e brzy p\u0159edstaven ve\u0159ejnosti.<\/p>\r\n<hr \/>\r\n<p><strong>L\u00c1VKA SE UCH\u00c1Z\u00cd O\u00a0TITUL STAVBA ROKU 2023<br \/>\r\n<\/strong>\u0160tvanick\u00e1 l\u00e1vka byla vybr\u00e1na odborn\u00edky mezi 38 nominovan\u00fdch v&nbsp;sout\u011b\u017ei o&nbsp;presti\u017en\u00ed titul Stavba roku 2023. L\u00e1vka nav\u00edc usiluje tak\u00e9 o&nbsp;v\u00edt\u011bzstv\u00ed v&nbsp;kategorii hlasov\u00e1n\u00ed ve\u0159ejnosti, do kter\u00e9ho se m\u016f\u017eete a\u017e do <strong>23.&nbsp;listopadu<\/strong> zapojit p\u0159\u00edmo na webov\u00fdch str\u00e1nk\u00e1ch sout\u011b\u017ee. <strong>L\u00e1vku najdete pod \u010d\u00edslem 48.<br \/>\r\n<\/strong>\u2192\u00a0<a href=\"http:\/\/www.stavbaroku.cz\" target=\"_blank\" rel=\"noopener\">www.stavbaroku.cz<\/a><\/p>\r\n<hr \/>\r\n<p><strong>CYKLISTICK\u00c9 SPOJEN\u00cd<br \/>\r\n<\/strong>L\u00e1vka je p\u0159\u00edmou propojkou nad\u0159azen\u00fdch cyklotras A1 a&nbsp;A2. Samotn\u00e1 l\u00e1vka je pak po\u010d\u00e1tkem budouc\u00ed pl\u00e1novan\u00e9 nad\u0159azen\u00e9 trasy A6. Na obou b\u0159ez\u00edch l\u00e1vka navazuje na nov\u011b upraven\u00e9 komunikace. Na stran\u011b Karl\u00edna je to letos roz\u0161\u00ed\u0159en\u00e1 asfaltov\u00e1 cyklotrasa A2. V&nbsp;Hole\u0161ovic\u00edch l\u00e1vka \u00fast\u00ed na Bubensk\u00e9 n\u00e1b\u0159e\u017e\u00ed s&nbsp;roz\u0161\u00ed\u0159en\u00fdm chodn\u00edkem s&nbsp;povolen\u00fdm vjezdem cyklist\u016f a&nbsp;cyklopruhy. L\u00e1vka tak vytv\u00e1\u0159\u00ed p\u0159\u00edle\u017eitost pro \u0159adu nov\u00fdch cyklistick\u00fdch propojen\u00ed Karl\u00edna a&nbsp;Hole\u0161ovic, p\u0159\u00edpadn\u011b i&nbsp;\u017di\u017ekova, kter\u00fd je na dosah skrze Karl\u00ednsk\u00fd (\u017di\u017ekovsk\u00fd) tunel. Tato propojen\u00ed na podzim dopln\u00ed pl\u00e1novan\u00fd pr\u016fjezd p\u0159es Bubensk\u00e9 n\u00e1dra\u017e\u00ed, kter\u00fd propoj\u00ed Hole\u0161ovice s&nbsp;Bubny a&nbsp;Letnou.<\/p>\r\n<hr \/>\r\n<p><strong>OBELISK A\u00a0SM\u011aROVKA<\/strong><br \/>\r\nSou\u010dasn\u011b s&nbsp;dokon\u010den\u00edm l\u00e1vky testuje Region\u00e1ln\u00ed organiz\u00e1tor Pra\u017esk\u00e9 integrovan\u00e9 dopravy (ROPID) ve spolupr\u00e1ci s&nbsp;dal\u0161\u00edmi m\u011bstsk\u00fdmi organizacemi v&nbsp;r\u00e1mci projektu \u010citeln\u00e1 Praha prototypy nov\u00fdch prvk\u016f p\u011b\u0161\u00ed navigace, konkr\u00e9tn\u011b obelisk a&nbsp;sm\u011brovku, kter\u00e9 budou z\u00e1kladn\u00edm kamenem navigace pro p\u011b\u0161\u00ed pohyb po Praze a&nbsp;nahrad\u00ed st\u00e1vaj\u00edc\u00ed nevyhovuj\u00edc\u00ed zna\u010den\u00ed pomoc\u00ed hn\u011bd\u00fdch turistick\u00fdch sm\u011brovek. Hlavn\u00ed novinkou je pou\u017eit\u00ed map bli\u017e\u0161\u00edho i&nbsp;\u0161irok\u00e9ho okol\u00ed, kter\u00e9 jsou nato\u010den\u00e9 z&nbsp;pohledu div\u00e1ka. Prototypy obelisku a&nbsp;sm\u011brovky jsou um\u00edst\u011bny na severn\u00edm p\u0159edpol\u00ed \u0160tvanick\u00e9 l\u00e1vky pobl\u00ed\u017e tramvajov\u00fdch zast\u00e1vek Hole\u0161ovick\u00e1 tr\u017enice.<br \/>\r\n\u2192\u00a0<a href=\"http:\/\/pid.cz\/citelnapraha\" target=\"_blank\" rel=\"noopener\">pid.cz\/citelnapraha<\/a><\/p>\r\n<hr \/>\r\n<p><strong>PRAHA Z\u00cdTRA? M\u011aSTO A&nbsp;\u0158EKA<\/strong><br \/>\r\nAktu\u00e1ln\u00ed v\u00fdstava v&nbsp;Centru architektury a&nbsp;m\u011bstsk\u00e9ho pl\u00e1nov\u00e1n\u00ed (CAMP) p\u0159edstavuje ve\u0159ejnosti nejnov\u011bj\u0161\u00ed trendy v&nbsp;\u00fazemn\u00edm rozvoji \u0159\u00ed\u010dn\u00ed krajiny na p\u0159\u00edkladech dvaceti p\u011bti konkr\u00e9tn\u00edch projekt\u016f, kter\u00e9 se na Vltav\u011b \u010di v&nbsp;jej\u00edm bezprost\u0159edn\u00edm okol\u00ed chystaj\u00ed k&nbsp;realizaci: p\u0159\u00edm\u011bstsk\u00fd park na soutoku Vltavy a&nbsp;Berounky, prvn\u00ed sv\u00e9ho druhu v&nbsp;\u010cR, Rohansk\u00fd park, kter\u00fd spoj\u00ed rekrea\u010dn\u00ed vyu\u017eit\u00ed s&nbsp;p\u0159irozenou protipovod\u0148ovou ochranou, \u010di komplexn\u00ed prom\u011bna Trojsk\u00e9 kotliny. D\u00e1le se p\u0159edstav\u00ed men\u0161\u00ed projekty od \u00faprav koryt p\u0159\u00edtok\u016f Vltavy \u2013 Rokytky, Boti\u010de nebo Motolsk\u00e9ho potoka \u2013 p\u0159es infrastrukturn\u00ed stavby, reprezentovan\u00e9 t\u0159eba nov\u00fdm Dvoreck\u00fdm mostem a&nbsp;lanovkou v&nbsp;Podbab\u011b, a\u017e po Vltavskou filharmonii. V\u00fdstava je k&nbsp;vid\u011bn\u00ed v&nbsp;<strong>CAMP (Vy\u0161ehradsk\u00e1 51, Praha 2)<\/strong> do <strong>17.&nbsp;prosince<\/strong>. Otv\u00edrac\u00ed doba: <strong>\u00fater\u00fd\u2013ned\u011ble 9\u201321 hodin<\/strong>. <em>Vstup zdarma.<\/em><br \/>\r\n\u2192\u00a0<a href=\"http:\/\/www.praha.camp\" target=\"_blank\" rel=\"noopener\">www.praha.camp<\/a><\/p>\r\n<hr \/>\r\n<p><strong>POSTUP V\u00ddSTAVBY<br \/>\r\n<\/strong>\u010c\u00edm v\u0161\u00edm si v\u0161ak l\u00e1vka mus\u00ed proj\u00edt, ne\u017e se po n\u00ed m\u016f\u017eeme proj\u00edt my? \u201eStejn\u011b jako u&nbsp;ka\u017ed\u00e9ho n\u00e1vrhu prvn\u00ed impulz p\u0159ich\u00e1z\u00ed od investora, kter\u00fd definuje zad\u00e1n\u00ed. Architekt \u010di in\u017een\u00fdr na jeho z\u00e1klad\u011b navrhne studii, je\u017e mus\u00ed nejd\u0159\u00edve proj\u00edt povolovac\u00edm procesem, a&nbsp;n\u00e1sledn\u011b p\u0159iprav\u00ed zad\u00e1vac\u00ed dokumentaci, na z\u00e1klad\u011b kter\u00e9 se sout\u011b\u017e\u00ed zhotovitel stavby. B\u011bhem t\u011bchto f\u00e1z\u00ed projekt postupn\u011b z\u00edsk\u00e1v\u00e1 v\u011bt\u0161\u00ed podrobnost a&nbsp;zp\u0159es\u0148uj\u00ed se statick\u00e9 v\u00fdpo\u010dty. Projekt pot\u00e9 p\u0159evezme projektant zhotovitele, jen\u017e p\u0159iprav\u00ed realiza\u010dn\u00ed dokumentaci stavby, na z\u00e1klad\u011b kter\u00e9 je pak zah\u00e1jena stavba. V&nbsp;jej\u00edm pr\u016fb\u011bhu funguj\u00ed auto\u0159i n\u00e1vrhu jako autorsk\u00fd dozor. B\u011bhem povolovac\u00edho procesu i&nbsp;p\u0159\u00edpravy prov\u00e1d\u011bc\u00ed dokumentace se projekt p\u0159irozen\u011b d\u00e1l vyv\u00edj\u00ed a&nbsp;je \u00fakolem autor\u016f, aby tyto zm\u011bny byly v&nbsp;souladu s&nbsp;p\u016fvodn\u00edm konceptem. Z\u00e1sadn\u00edmi zm\u011bnami u&nbsp;\u0160tvanick\u00e9 l\u00e1vky bylo roz\u0161\u00ed\u0159en\u00ed na 4 metry (z&nbsp;p\u016fvodn\u00edch 3) a&nbsp;sn\u00ed\u017een\u00ed parapetu i&nbsp;roz\u0161\u00ed\u0159en\u00ed T k\u0159i\u017eovatky v&nbsp;m\u00edst\u011b, kde odbo\u010duje rampa na ostrov,\u201c popisuje architekt Marek Blank.<\/p>\r\n<p><strong>Kdy\u017e opust\u00edme \u0161tosy pap\u00edr\u016f, samotn\u00e1 realizace stavby m\u00e1 dle projektov\u00e9ho mana\u017eera Michala Kunce \u0161est krok\u016f:<\/strong><\/p>\r\n<ul>\r\n\t<li>1 \u2013 zalo\u017een\u00ed, v\u00a0p\u0159\u00edpad\u011b na\u0161\u00ed l\u00e1vky vrtan\u00e9 piloty a\u017e na skaln\u00ed podlo\u017e\u00ed<\/li>\r\n\t<li>2 \u2013 spodn\u00ed stavba, v\u00fdstavba pil\u00ed\u0159\u016f a\u00a0op\u011br na v\u0161ech t\u0159ech stran\u00e1ch<\/li>\r\n\t<li>3 \u2013 v\u00fdstavba skru\u017ee, tedy do\u010dasn\u00e9 podp\u016frn\u00e9 ocelov\u00e9 konstrukce<\/li>\r\n\t<li>4 \u2013 skl\u00e1d\u00e1n\u00ed mostn\u00ed konstrukce z\u00a0prefabrikovan\u00fdch d\u00edl\u016f, zmonolitn\u011bn\u00ed \u201erozpletu\u201c<\/li>\r\n\t<li>5 \u2013 slepen\u00ed a\u00a0p\u0159edepnut\u00ed ocelov\u00fdch lan<\/li>\r\n\t<li>6 \u2013 dokon\u010dovac\u00ed pr\u00e1ce \u2013 n\u00e1t\u011bry, z\u00e1bradl\u00ed, sv\u011btla apod.<\/li>\r\n<\/ul>","protected":false},"excerpt":{"rendered":"[perex] O&nbsp;\u0160tvanick\u00e9 l\u00e1vce toho bylo v&nbsp;posledn\u00edch t\u00fddnech naps\u00e1no mnoho. Prostor jsme j\u00ed v\u011bnovali i&nbsp;v&nbsp;minul\u00e9m \u010d\u00edsle Hobuletu, ale poj\u010fme si p\u0159ece jen p\u00e1r z\u00e1kladn\u00edch fakt\u016f p\u0159ipomenout a&nbsp;odhalit n\u011bkter\u00e9 skryt\u00e9 detaily. [\/perex] Jako prvn\u00ed vla\u0161tovku propojen\u00ed Hole\u0161ovic a&nbsp;Karl\u00edna m\u016f\u017eeme ch\u00e1pat stavbu Negrelliho viaduktu, kter\u00fd v&nbsp;roce 1850 protnul \u0160tvanici v&nbsp;jej\u00ed v\u00fdchodn\u00ed t\u0159etin\u011b, a&nbsp;propojil tak \u017eeleznic\u00ed oba pra\u017esk\u00e9 [&hellip;]","protected":false},"author":292,"featured_media":70245,"comment_status":"closed","ping_status":"open","sticky":false,"template":"","format":"standard","meta":[],"categories":[37],"tags":[],"_links":{"self":[{"href":"https:\/\/www.praha7.cz\/api\/wp\/v2\/posts\/70244"}],"collection":[{"href":"https:\/\/www.praha7.cz\/api\/wp\/v2\/posts"}],"about":[{"href":"https:\/\/www.praha7.cz\/api\/wp\/v2\/types\/post"}],"author":[{"embeddable":true,"href":"https:\/\/www.praha7.cz\/api\/wp\/v2\/users\/292"}],"replies":[{"embeddable":true,"href":"https:\/\/www.praha7.cz\/api\/wp\/v2\/comments?post=70244"}],"version-history":[{"count":1,"href":"https:\/\/www.praha7.cz\/api\/wp\/v2\/posts\/70244\/revisions"}],"predecessor-version":[{"id":70248,"href":"https:\/\/www.praha7.cz\/api\/wp\/v2\/posts\/70244\/revisions\/70248"}],"wp:featuredmedia":[{"embeddable":true,"href":"https:\/\/www.praha7.cz\/api\/wp\/v2\/media\/70245"}],"wp:attachment":[{"href":"https:\/\/www.praha7.cz\/api\/wp\/v2\/media?parent=70244"}],"wp:term":[{"taxonomy":"category","embeddable":true,"href":"https:\/\/www.praha7.cz\/api\/wp\/v2\/categories?post=70244"},{"taxonomy":"post_tag","embeddable":true,"href":"https:\/\/www.praha7.cz\/api\/wp\/v2\/tags?post=70244"}],"curies":[{"name":"wp","href":"https:\/\/api.w.org\/{rel}","templated":true}]}}