    
{"id":70195,"date":"2023-09-29T07:23:15","date_gmt":"2023-09-29T05:23:15","guid":{"rendered":"https:\/\/www.praha7.cz\/?p=70195"},"modified":"2023-10-12T21:42:43","modified_gmt":"2023-10-12T19:42:43","slug":"den-zdravi-na-sedmicce-2","status":"publish","type":"post","link":"https:\/\/www.praha7.cz\/den-zdravi-na-sedmicce-2\/","title":{"rendered":"Den zdrav\u00ed na Sedmi\u010dce"},"content":{"rendered":"<p>[perex]<\/p>\r\n<p>Nechte se p\u0159ed zimou inspirovat, jak pe\u010dovat o&nbsp;sv\u00e9 zdrav\u00ed. V&nbsp;Poliklinice Prahy&nbsp;7 prob\u011bhne odpoledne s&nbsp;l\u00e9ka\u0159i a&nbsp;dal\u0161\u00edmi specialisty. M\u016f\u017eete si nechat zdarma zm\u011b\u0159it tlak, cukr \u010di hladinu CO v&nbsp;dechu, poradit se ohledn\u011b skladby j\u00eddeln\u00ed\u010dku \u010di odvyk\u00e1n\u00ed kou\u0159en\u00ed, k&nbsp;dispozici bude i&nbsp;o\u010dkov\u00e1n\u00ed proti nemoci covid-19 a&nbsp;mnoho dal\u0161\u00edho. T\u011b\u0161\u00edme se na v\u00e1s ve \u010dtvrtek 12.&nbsp;\u0159\u00edjna 2023 od 13.00 do 17.30.<\/p>\r\n<p>[\/perex]<\/p>\r\n<p><strong>Kde:<\/strong> <a href=\"https:\/\/www.poliklinikaprahy7.eu\/\" target=\"_blank\" rel=\"noopener\">Poliklinika Prahy&nbsp;7<\/a> (Franti\u0161ka K\u0159\u00ed\u017eka 22, vstup u&nbsp;ulice M. Hor\u00e1kov\u00e9)\u00a0<\/p>\r\n<p><strong>Kdy:<\/strong> \u010dtvrtek 12.&nbsp;\u0159\u00edjna 2023 od 13.00 do 17.30<\/p>\r\n<p><strong>Zdarma<\/strong> bude k\u00a0dispozici:<\/p>\r\n<ul>\r\n\t<li>m\u011b\u0159en\u00ed krevn\u00edho tlaku<\/li>\r\n\t<li>m\u011b\u0159en\u00ed cukru v&nbsp;krvi<\/li>\r\n\t<li>vy\u0161et\u0159en\u00ed ko\u017en\u00edch \u00fatvar\u016f a&nbsp;znam\u00e9nek<\/li>\r\n\t<li>anonymn\u00ed testov\u00e1n\u00ed na pohlavn\u011b p\u0159enosn\u00e9 nemoci (HIV, \u017eloutenka typu C, syfilis)<\/li>\r\n\t<li>nutri\u010dn\u00ed poradna<\/li>\r\n\t<li>o\u010dkov\u00e1n\u00ed proti covidu-19<\/li>\r\n\t<li>vy\u0161et\u0159en\u00ed hladiny CO v\u00a0dechu<\/li>\r\n\t<li>konzultace a&nbsp;poradna pro seniory<\/li>\r\n<\/ul>\r\n<p>&nbsp;<\/p>\r\n<p>&nbsp;<\/p>\r\n<p>&nbsp;<\/p>","protected":false},"excerpt":{"rendered":"[perex] Nechte se p\u0159ed zimou inspirovat, jak pe\u010dovat o&nbsp;sv\u00e9 zdrav\u00ed. V&nbsp;Poliklinice Prahy&nbsp;7 prob\u011bhne odpoledne s&nbsp;l\u00e9ka\u0159i a&nbsp;dal\u0161\u00edmi specialisty. M\u016f\u017eete si nechat zdarma zm\u011b\u0159it tlak, cukr \u010di hladinu CO v&nbsp;dechu, poradit se ohledn\u011b skladby j\u00eddeln\u00ed\u010dku \u010di odvyk\u00e1n\u00ed kou\u0159en\u00ed, k&nbsp;dispozici bude i&nbsp;o\u010dkov\u00e1n\u00ed proti nemoci covid-19 a&nbsp;mnoho dal\u0161\u00edho. T\u011b\u0161\u00edme se na v\u00e1s ve \u010dtvrtek 12.&nbsp;\u0159\u00edjna 2023 od 13.00 do [&hellip;]","protected":false},"author":251,"featured_media":61267,"comment_status":"closed","ping_status":"open","sticky":false,"template":"","format":"standard","meta":[],"categories":[34],"tags":[],"_links":{"self":[{"href":"https:\/\/www.praha7.cz\/api\/wp\/v2\/posts\/70195"}],"collection":[{"href":"https:\/\/www.praha7.cz\/api\/wp\/v2\/posts"}],"about":[{"href":"https:\/\/www.praha7.cz\/api\/wp\/v2\/types\/post"}],"author":[{"embeddable":true,"href":"https:\/\/www.praha7.cz\/api\/wp\/v2\/users\/251"}],"replies":[{"embeddable":true,"href":"https:\/\/www.praha7.cz\/api\/wp\/v2\/comments?post=70195"}],"version-history":[{"count":2,"href":"https:\/\/www.praha7.cz\/api\/wp\/v2\/posts\/70195\/revisions"}],"predecessor-version":[{"id":70375,"href":"https:\/\/www.praha7.cz\/api\/wp\/v2\/posts\/70195\/revisions\/70375"}],"wp:featuredmedia":[{"embeddable":true,"href":"https:\/\/www.praha7.cz\/api\/wp\/v2\/media\/61267"}],"wp:attachment":[{"href":"https:\/\/www.praha7.cz\/api\/wp\/v2\/media?parent=70195"}],"wp:term":[{"taxonomy":"category","embeddable":true,"href":"https:\/\/www.praha7.cz\/api\/wp\/v2\/categories?post=70195"},{"taxonomy":"post_tag","embeddable":true,"href":"https:\/\/www.praha7.cz\/api\/wp\/v2\/tags?post=70195"}],"curies":[{"name":"wp","href":"https:\/\/api.w.org\/{rel}","templated":true}]}}