    
{"id":70159,"date":"2023-09-27T13:45:04","date_gmt":"2023-09-27T11:45:04","guid":{"rendered":"https:\/\/www.praha7.cz\/?p=70159"},"modified":"2023-09-27T18:20:47","modified_gmt":"2023-09-27T16:20:47","slug":"na-spejcharu-vznika-nove-dopravni-hriste","status":"publish","type":"post","link":"https:\/\/www.praha7.cz\/na-spejcharu-vznika-nove-dopravni-hriste\/","title":{"rendered":"Na \u0160pejcharu vznik\u00e1 nov\u00e9 dopravn\u00ed h\u0159i\u0161t\u011b"},"content":{"rendered":"<p>[perex]<\/p>\r\n<p>Praha&nbsp;7 ve\u00a0spolupr\u00e1ci s\u00a0Prahou 6 p\u0159ipravuje nov\u00e9 dopravn\u00ed h\u0159i\u0161t\u011b pro \u0161koly i&nbsp;ve\u0159ejnost. Vznik\u00e1 na z\u00e1padn\u00edm okraji Letensk\u00e9 pl\u00e1n\u011b u&nbsp;tramvajov\u00e9 smy\u010dky \u0160pejchar. Prvn\u00ed etapa projektu je hotov\u00e1 a&nbsp;h\u0159i\u0161t\u011b je ji\u017e nyn\u00ed p\u0159\u00edstupn\u00e9 ve\u0159ejnosti.<\/p>\r\n<p>[\/perex]<\/p>\r\n<p><em>\u201eChceme na pomez\u00ed Prahy&nbsp;7 a&nbsp;Prahy 6 vybudovat dostate\u010dn\u011b kapacitn\u00ed dopravn\u00ed h\u0159i\u0161t\u011b, kter\u00e9 by napl\u0148ovalo sou\u010dasn\u00e9 pot\u0159eby pro zaji\u0161t\u011bn\u00ed dopravn\u00ed v\u00fdchovy \u0161kol\u00e1k\u016f a&nbsp;z\u00e1rove\u0148 slou\u017eilo \u0161irok\u00e9 ve\u0159ejnosti k\u00a0tr\u00e1ven\u00ed voln\u00e9ho \u010dasu a&nbsp;prohlubov\u00e1n\u00ed znalost\u00ed pravidel silni\u010dn\u00edho provozu u&nbsp;d\u011bt\u00ed,\u201c<\/em> uvedl <strong><em>radn\u00ed Prahy&nbsp;7 Ji\u0159\u00ed Knitl<\/em><\/strong>. \u00a0<\/p>\r\n<p><em>\u201eV dne\u0161n\u00ed hektick\u00e9 dob\u011b pova\u017euji dopravn\u00ed v\u00fdchovu u&nbsp;d\u011bt\u00ed za velmi d\u016fle\u017eitou. Je naprosto p\u0159irozen\u00e9, kdy\u017e si d\u011bti ji\u017e v&nbsp;ran\u00e9m v\u011bku v\u0161t\u011bpuj\u00ed z\u00e1klady bezpe\u010dn\u00e9ho a&nbsp;spr\u00e1vn\u00e9ho chov\u00e1n\u00ed na silnici,\u201c<\/em>\u00a0\u0159\u00edk\u00e1 <em><strong>m\u00edstostarostka Prahy 6 Mariana \u010capkov\u00e1<\/strong><\/em>.<\/p>\r\n<p>V prvn\u00ed etap\u011b bylo na m\u00edst\u011b realizov\u00e1no vodorovn\u00e9 dopravn\u00ed zna\u010den\u00ed a&nbsp;um\u00edst\u011bny byly dopravn\u00ed zna\u010dky. Tyto \u00fapravy prob\u00edhaly v&nbsp;z\u00e1\u0159\u00ed tohoto roku. V&nbsp;sou\u010dasn\u00e9 dob\u011b jsou pr\u00e1ce dokon\u010deny a&nbsp;nov\u00e9 dopravn\u00ed h\u0159i\u0161t\u011b se v&nbsp;prozat\u00edmn\u00ed podob\u011b otev\u0159elo ve\u0159ejnosti. V&nbsp;listopadu pak bude v&nbsp;prostoru h\u0159i\u0161t\u011b instalov\u00e1n mobili\u00e1\u0159, jako jsou lavi\u010dky, piknikov\u00e9 stoly, cyklostojany \u010di odpadkov\u00e9 ko\u0161e.<\/p>\r\n<p>Z\u00e1rove\u0148 prob\u00edh\u00e1 p\u0159\u00edprava projektov\u00e9 dokumentace rozs\u00e1hlej\u0161\u00edch \u00faprav cel\u00e9ho prostoru, po jejich\u017e realizaci bude h\u0159i\u0161t\u011b moci slou\u017eit k&nbsp;hodin\u00e1m dopravn\u00ed v\u00fdchovy pro \u0161kol\u00e1ky z&nbsp;Prahy&nbsp;7 i&nbsp;Prahy 6.<\/p>\r\n<p><img loading=\"lazy\" src=\"https:\/\/www.praha7.cz\/wp-content\/uploads\/2023\/09\/dopravni-hriste-Spejchar-2.jpg\" alt=\"\" width=\"1357\" height=\"905\" class=\"alignnone size-full wp-image-70161\" srcset=\"https:\/\/www.praha7.cz\/wp-content\/uploads\/2023\/09\/dopravni-hriste-Spejchar-2.jpg 1357w, https:\/\/www.praha7.cz\/wp-content\/uploads\/2023\/09\/dopravni-hriste-Spejchar-2-600x400.jpg 600w, https:\/\/www.praha7.cz\/wp-content\/uploads\/2023\/09\/dopravni-hriste-Spejchar-2-768x512.jpg 768w\" sizes=\"(max-width: 1357px) 100vw, 1357px\" \/><\/p>\r\n<p><img loading=\"lazy\" src=\"https:\/\/www.praha7.cz\/wp-content\/uploads\/2023\/09\/dopravni-hriste-Spejchar-1.jpg\" alt=\"\" width=\"1480\" height=\"993\" class=\"alignnone size-full wp-image-70160\" srcset=\"https:\/\/www.praha7.cz\/wp-content\/uploads\/2023\/09\/dopravni-hriste-Spejchar-1.jpg 1480w, https:\/\/www.praha7.cz\/wp-content\/uploads\/2023\/09\/dopravni-hriste-Spejchar-1-596x400.jpg 596w, https:\/\/www.praha7.cz\/wp-content\/uploads\/2023\/09\/dopravni-hriste-Spejchar-1-768x515.jpg 768w\" sizes=\"(max-width: 1480px) 100vw, 1480px\" \/><\/p>","protected":false},"excerpt":{"rendered":"[perex] Praha&nbsp;7 ve\u00a0spolupr\u00e1ci s\u00a0Prahou 6 p\u0159ipravuje nov\u00e9 dopravn\u00ed h\u0159i\u0161t\u011b pro \u0161koly i&nbsp;ve\u0159ejnost. Vznik\u00e1 na z\u00e1padn\u00edm okraji Letensk\u00e9 pl\u00e1n\u011b u&nbsp;tramvajov\u00e9 smy\u010dky \u0160pejchar. Prvn\u00ed etapa projektu je hotov\u00e1 a&nbsp;h\u0159i\u0161t\u011b je ji\u017e nyn\u00ed p\u0159\u00edstupn\u00e9 ve\u0159ejnosti. [\/perex] \u201eChceme na pomez\u00ed Prahy&nbsp;7 a&nbsp;Prahy 6 vybudovat dostate\u010dn\u011b kapacitn\u00ed dopravn\u00ed h\u0159i\u0161t\u011b, kter\u00e9 by napl\u0148ovalo sou\u010dasn\u00e9 pot\u0159eby pro zaji\u0161t\u011bn\u00ed dopravn\u00ed v\u00fdchovy \u0161kol\u00e1k\u016f a&nbsp;z\u00e1rove\u0148 [&hellip;]","protected":false},"author":5,"featured_media":70162,"comment_status":"closed","ping_status":"open","sticky":false,"template":"","format":"standard","meta":[],"categories":[34,74],"tags":[],"_links":{"self":[{"href":"https:\/\/www.praha7.cz\/api\/wp\/v2\/posts\/70159"}],"collection":[{"href":"https:\/\/www.praha7.cz\/api\/wp\/v2\/posts"}],"about":[{"href":"https:\/\/www.praha7.cz\/api\/wp\/v2\/types\/post"}],"author":[{"embeddable":true,"href":"https:\/\/www.praha7.cz\/api\/wp\/v2\/users\/5"}],"replies":[{"embeddable":true,"href":"https:\/\/www.praha7.cz\/api\/wp\/v2\/comments?post=70159"}],"version-history":[{"count":2,"href":"https:\/\/www.praha7.cz\/api\/wp\/v2\/posts\/70159\/revisions"}],"predecessor-version":[{"id":70193,"href":"https:\/\/www.praha7.cz\/api\/wp\/v2\/posts\/70159\/revisions\/70193"}],"wp:featuredmedia":[{"embeddable":true,"href":"https:\/\/www.praha7.cz\/api\/wp\/v2\/media\/70162"}],"wp:attachment":[{"href":"https:\/\/www.praha7.cz\/api\/wp\/v2\/media?parent=70159"}],"wp:term":[{"taxonomy":"category","embeddable":true,"href":"https:\/\/www.praha7.cz\/api\/wp\/v2\/categories?post=70159"},{"taxonomy":"post_tag","embeddable":true,"href":"https:\/\/www.praha7.cz\/api\/wp\/v2\/tags?post=70159"}],"curies":[{"name":"wp","href":"https:\/\/api.w.org\/{rel}","templated":true}]}}