    
{"id":70098,"date":"2023-09-26T12:02:42","date_gmt":"2023-09-26T10:02:42","guid":{"rendered":"https:\/\/www.praha7.cz\/?p=70098"},"modified":"2023-09-26T12:02:42","modified_gmt":"2023-09-26T10:02:42","slug":"anketa-prispela-k-vyberu-najemce-nebytoveho-prostoru-dukelskych-hrdinu-902-40","status":"publish","type":"post","link":"https:\/\/www.praha7.cz\/anketa-prispela-k-vyberu-najemce-nebytoveho-prostoru-dukelskych-hrdinu-902-40\/","title":{"rendered":"Anketa p\u0159isp\u011bla k&nbsp;v\u00fdb\u011bru n\u00e1jemce nebytov\u00e9ho prostoru Dukelsk\u00fdch hrdin\u016f 902\/40"},"content":{"rendered":"<p>[perex]<\/p>\r\n<p>Praha&nbsp;7 v\u00a0kv\u011btnu tohoto roku spustila pilotn\u00ed projekt s&nbsp;c\u00edlem zapojit ve\u0159ejnost do pl\u00e1nov\u00e1n\u00ed, jak budou vyu\u017eity nebytov\u00e9 prostory v\u00a0majetku m\u011bstsk\u00e9 \u010d\u00e1sti. Ob\u010dan\u00e9 Prahy&nbsp;7 se prost\u0159ednictv\u00edm ankety mohli vyj\u00e1d\u0159it k\u00a0tomu, jak\u00fd druh provozovny by uv\u00edtali v\u00a0uvoln\u011bn\u00e9m nebytov\u00e9m prostoru na adrese Dukelsk\u00fdch hrdin\u016f 902\/40. O&nbsp;sv\u016fj n\u00e1zor na to, jak\u00fd podnik zde cht\u011bj\u00ed v&nbsp;p\u0159\u00ed\u0161t\u00edch letech nav\u0161t\u011bvovat, se s\u00a0radnic\u00ed m\u011bstsk\u00e9 \u010d\u00e1sti pod\u011blilo 318 respondent\u016f.<\/p>\r\n<p>[\/perex]<\/p>\r\n<p><strong>V\u00fdstupy z&nbsp;ankety<\/strong><\/p>\r\n<p>V\u00a0r\u00e1mci ankety ob\u010dan\u00e9 p\u0159id\u011blovali maxim\u00e1ln\u011b t\u0159i pozitivn\u00ed a&nbsp;t\u0159i negativn\u00ed hlasy v\u00a0r\u00e1mci 22 kategori\u00ed provozoven. Z\u00a0hlasov\u00e1n\u00ed vyplynulo, \u017ee by v\u00a0dan\u00e9m m\u00edst\u011b ve\u0159ejnost nejv\u00edce uv\u00edtala pot\u0159eby pro dom\u00e1cnost. Na druh\u00e9 pozici se um\u00edstily opravny, jako jsou instalat\u00e9rstv\u00ed, krej\u010dovstv\u00ed, z\u00e1me\u010dnictv\u00ed apod., t\u0159et\u00ed nejvy\u0161\u0161\u00ed bodov\u00fd p\u0159\u00edd\u011bl pak z\u00edskaly kurzy, d\u00edlny a&nbsp;workshopy. Nejv\u00edce m\u00ednusov\u00fdch bod\u016f pak obdr\u017eela kategorie finance, kter\u00e1 zahrnuje banky a&nbsp;poji\u0161\u0165ovny, a&nbsp;d\u00e1le pivnice, v\u00fd\u010depy, vin\u00e1rny a&nbsp;bary.<\/p>\r\n<p><strong>Sout\u011b\u017e na pron\u00e1jem<\/strong><\/p>\r\n<p>M\u011bstsk\u00e1 \u010d\u00e1st uspo\u0159\u00e1dala sout\u011b\u017e na nov\u00e9ho n\u00e1jemce dot\u010den\u00e9ho nebytov\u00e9ho prostoru, p\u0159i\u010dem\u017e \u010dlenov\u00e9 majetkov\u00e9 komise, kte\u0159\u00ed v\u00a0z\u00e1\u0159\u00ed hodnotili podan\u00e9 nab\u00eddky, m\u011bli v\u00fdsledky ankety k\u00a0dispozici a&nbsp;mohli k\u00a0nim p\u0159i rozhodov\u00e1n\u00ed p\u0159ihl\u00ed\u017eet. Na z\u00e1klad\u011b doporu\u010den\u00ed Majetkov\u00e9 komise se nov\u00fdm n\u00e1jemcem nebytov\u00e9ho prostoru stane spole\u010dnost AZ Retail s.r.o., kter\u00e1 zde bude m\u00edt kamennou prodejnu sv\u00e9ho internetov\u00e9ho obchodu s\u00a0pou\u017eit\u00fdm a&nbsp;rozbalen\u00fdm zbo\u017e\u00edm <a href=\"https:\/\/www.odkarla.cz\/vse-o-nakupu\">Od Karla<\/a>.<\/p>\r\n<p><strong>P\u0159\u00ednos ankety<\/strong><\/p>\r\n<p>Pilotn\u00ed realizaci ankety na vyu\u017eit\u00ed voln\u00e9ho nebytov\u00e9ho prostoru lze hodnotit jako \u00fasp\u011b\u0161nou, a&nbsp;to jak z\u00a0pohledu z\u00e1jmu ve\u0159ejnosti, tak i&nbsp;na z\u00e1klad\u011b z\u00edskan\u00fdch informac\u00ed, kter\u00e9 jsou vyu\u017eiteln\u00e9 tak\u00e9 do budoucna. A\u010dkoli nebude v\u017edy mo\u017en\u00e9 pln\u011b vyhov\u011bt preferenc\u00edm ob\u010dan\u016f, nebo\u0165 z\u00e1le\u017e\u00ed na tom, jak\u00e9 nab\u00eddky se do sout\u011b\u017ee o&nbsp;voln\u00e9 nebytov\u00e9 prostory p\u0159ihl\u00e1s\u00ed, mohou b\u00fdt v\u00fdstupy z\u00a0anket pro rozhodov\u00e1n\u00ed komise u\u017eite\u010dn\u00fdm vod\u00edtkem. A&nbsp;to jak z\u00a0hlediska toho, co by ob\u010dan\u00e9 v\u00a0dan\u00e9 lokalit\u011b uv\u00edtali, tak z\u00e1rove\u0148 i&nbsp;s\u00a0p\u0159ihl\u00e9dnut\u00edm k\u00a0tomu, jak\u00fd typ provozu si zde nep\u0159ej\u00ed. V\u00a0tomto konkr\u00e9tn\u00edm p\u0159\u00edpad\u011b se vybran\u00fd n\u00e1jemce sv\u00fdm zam\u011b\u0159en\u00edm nejv\u00edce p\u0159ibl\u00ed\u017eil preferenc\u00edm ve\u0159ejnosti, nebo\u0165 obchod krom jin\u00e9ho prod\u00e1v\u00e1 tak\u00e9 pot\u0159eby pro dom\u00e1cnost. \u00a0\u00a0\u00a0\u00a0<\/p>","protected":false},"excerpt":{"rendered":"[perex] Praha&nbsp;7 v\u00a0kv\u011btnu tohoto roku spustila pilotn\u00ed projekt s&nbsp;c\u00edlem zapojit ve\u0159ejnost do pl\u00e1nov\u00e1n\u00ed, jak budou vyu\u017eity nebytov\u00e9 prostory v\u00a0majetku m\u011bstsk\u00e9 \u010d\u00e1sti. Ob\u010dan\u00e9 Prahy&nbsp;7 se prost\u0159ednictv\u00edm ankety mohli vyj\u00e1d\u0159it k\u00a0tomu, jak\u00fd druh provozovny by uv\u00edtali v\u00a0uvoln\u011bn\u00e9m nebytov\u00e9m prostoru na adrese Dukelsk\u00fdch hrdin\u016f 902\/40. O&nbsp;sv\u016fj n\u00e1zor na to, jak\u00fd podnik zde cht\u011bj\u00ed v&nbsp;p\u0159\u00ed\u0161t\u00edch letech nav\u0161t\u011bvovat, se s\u00a0radnic\u00ed [&hellip;]","protected":false},"author":5,"featured_media":66454,"comment_status":"closed","ping_status":"open","sticky":false,"template":"","format":"standard","meta":[],"categories":[34],"tags":[],"_links":{"self":[{"href":"https:\/\/www.praha7.cz\/api\/wp\/v2\/posts\/70098"}],"collection":[{"href":"https:\/\/www.praha7.cz\/api\/wp\/v2\/posts"}],"about":[{"href":"https:\/\/www.praha7.cz\/api\/wp\/v2\/types\/post"}],"author":[{"embeddable":true,"href":"https:\/\/www.praha7.cz\/api\/wp\/v2\/users\/5"}],"replies":[{"embeddable":true,"href":"https:\/\/www.praha7.cz\/api\/wp\/v2\/comments?post=70098"}],"version-history":[{"count":1,"href":"https:\/\/www.praha7.cz\/api\/wp\/v2\/posts\/70098\/revisions"}],"predecessor-version":[{"id":70099,"href":"https:\/\/www.praha7.cz\/api\/wp\/v2\/posts\/70098\/revisions\/70099"}],"wp:featuredmedia":[{"embeddable":true,"href":"https:\/\/www.praha7.cz\/api\/wp\/v2\/media\/66454"}],"wp:attachment":[{"href":"https:\/\/www.praha7.cz\/api\/wp\/v2\/media?parent=70098"}],"wp:term":[{"taxonomy":"category","embeddable":true,"href":"https:\/\/www.praha7.cz\/api\/wp\/v2\/categories?post=70098"},{"taxonomy":"post_tag","embeddable":true,"href":"https:\/\/www.praha7.cz\/api\/wp\/v2\/tags?post=70098"}],"curies":[{"name":"wp","href":"https:\/\/api.w.org\/{rel}","templated":true}]}}