    
{"id":70059,"date":"2023-09-22T15:08:13","date_gmt":"2023-09-22T13:08:13","guid":{"rendered":"https:\/\/www.praha7.cz\/?p=70059"},"modified":"2023-09-22T15:08:13","modified_gmt":"2023-09-22T13:08:13","slug":"great-global-greyhound-walk-ve-stromovce","status":"publish","type":"post","link":"https:\/\/www.praha7.cz\/great-global-greyhound-walk-ve-stromovce\/","title":{"rendered":"Great Global Greyhound Walk ve Stromovce"},"content":{"rendered":"<p>[perex]<\/p>\r\n<p>The Great Global Greyhound Walk je ka\u017edoro\u010dn\u00ed pochod chrt\u016f, kter\u00fd m\u00e1 zv\u00fd\u0161it pov\u011bdom\u00ed o&nbsp;tomto plemeni a&nbsp;uk\u00e1zat ve\u0159ejnosti, jak skv\u011bl\u00fdmi dom\u00e1c\u00edmi mazl\u00ed\u010dky tito psi jsou. Letos se kon\u00e1 v&nbsp;ned\u011bli 24.&nbsp;z\u00e1\u0159\u00ed 2023. V&nbsp;\u010cesku proch\u00e1zku po\u0159\u00e1d\u00e1 organizace <a href=\"http:\/\/www.chrtivnouzi.cz\/\" target=\"_blank\" rel=\"noopener\">Chrti v&nbsp;nouzi<\/a> v&nbsp;dev\u00edti m\u011bstech po cel\u00e9 republice, v&nbsp;Praze od 13 hodin ve Stromovce, sraz u&nbsp;kone\u010dn\u00e9 tramvajov\u00e9 zast\u00e1vky V\u00fdstavi\u0161t\u011b.<\/p>\r\n<p>[\/perex]<\/p>\r\n<p>Dnes ji\u017e <a href=\"https:\/\/www.greatglobalgreyhoundwalk.co.uk\/\" target=\"_blank\" rel=\"noopener\">tradi\u010dn\u00ed akce<\/a> vznikla ve Velk\u00e9 Brit\u00e1nii jako reakce na problematiku chrt\u00edch dostih\u016f a&nbsp;krut\u00e9 zach\u00e1zen\u00ed s&nbsp;vyslou\u017eil\u00fdmi chrt\u00edmi z\u00e1vodn\u00edky. Akce zahrnuje stovky organizovan\u00fdch proch\u00e1zek ve stejn\u00fd den nejen ve Velk\u00e9 Brit\u00e1nii, ale po cel\u00e9m sv\u011bt\u011b. V\u0161echny proch\u00e1zky jsou voln\u011b p\u0159\u00edstupn\u00e9 v\u0161em. A\u0165 u\u017e m\u00e1te chrta, jin\u00e9ho pejska nebo chlup\u00e1\u010de nem\u00e1te, ale nen\u00ed v\u00e1m osud dostihov\u00fdch greyhound\u016f lhostejn\u00fd, p\u0159ij\u010fte. Trasa v&nbsp;d\u00e9lce asi \u010dty\u0159 kilometr\u016f povede Stromovkou, sraz je 24.&nbsp;z\u00e1\u0159\u00ed 2023 v&nbsp;13 hodin u&nbsp;kone\u010dn\u00e9 tramvajov\u00e9 zast\u00e1vky V\u00fdstavi\u0161t\u011b.<\/p>\r\n<hr \/>\r\n<p><a href=\"https:\/\/www.facebook.com\/events\/315707117705371?active_tab=about\" target=\"_blank\" rel=\"noopener\">Ud\u00e1lost na facebooku<\/a><\/p>\r\n<p>&nbsp;<\/p>\r\n<p>&nbsp;<\/p>","protected":false},"excerpt":{"rendered":"[perex] The Great Global Greyhound Walk je ka\u017edoro\u010dn\u00ed pochod chrt\u016f, kter\u00fd m\u00e1 zv\u00fd\u0161it pov\u011bdom\u00ed o&nbsp;tomto plemeni a&nbsp;uk\u00e1zat ve\u0159ejnosti, jak skv\u011bl\u00fdmi dom\u00e1c\u00edmi mazl\u00ed\u010dky tito psi jsou. Letos se kon\u00e1 v&nbsp;ned\u011bli 24.&nbsp;z\u00e1\u0159\u00ed 2023. V&nbsp;\u010cesku proch\u00e1zku po\u0159\u00e1d\u00e1 organizace Chrti v&nbsp;nouzi v&nbsp;dev\u00edti m\u011bstech po cel\u00e9 republice, v&nbsp;Praze od 13 hodin ve Stromovce, sraz u&nbsp;kone\u010dn\u00e9 tramvajov\u00e9 zast\u00e1vky V\u00fdstavi\u0161t\u011b. [\/perex] Dnes [&hellip;]","protected":false},"author":251,"featured_media":70060,"comment_status":"closed","ping_status":"open","sticky":false,"template":"","format":"standard","meta":[],"categories":[34],"tags":[],"_links":{"self":[{"href":"https:\/\/www.praha7.cz\/api\/wp\/v2\/posts\/70059"}],"collection":[{"href":"https:\/\/www.praha7.cz\/api\/wp\/v2\/posts"}],"about":[{"href":"https:\/\/www.praha7.cz\/api\/wp\/v2\/types\/post"}],"author":[{"embeddable":true,"href":"https:\/\/www.praha7.cz\/api\/wp\/v2\/users\/251"}],"replies":[{"embeddable":true,"href":"https:\/\/www.praha7.cz\/api\/wp\/v2\/comments?post=70059"}],"version-history":[{"count":1,"href":"https:\/\/www.praha7.cz\/api\/wp\/v2\/posts\/70059\/revisions"}],"predecessor-version":[{"id":70061,"href":"https:\/\/www.praha7.cz\/api\/wp\/v2\/posts\/70059\/revisions\/70061"}],"wp:featuredmedia":[{"embeddable":true,"href":"https:\/\/www.praha7.cz\/api\/wp\/v2\/media\/70060"}],"wp:attachment":[{"href":"https:\/\/www.praha7.cz\/api\/wp\/v2\/media?parent=70059"}],"wp:term":[{"taxonomy":"category","embeddable":true,"href":"https:\/\/www.praha7.cz\/api\/wp\/v2\/categories?post=70059"},{"taxonomy":"post_tag","embeddable":true,"href":"https:\/\/www.praha7.cz\/api\/wp\/v2\/tags?post=70059"}],"curies":[{"name":"wp","href":"https:\/\/api.w.org\/{rel}","templated":true}]}}