    
{"id":70044,"date":"2023-09-22T11:57:03","date_gmt":"2023-09-22T09:57:03","guid":{"rendered":"https:\/\/www.praha7.cz\/?p=70044"},"modified":"2023-09-25T11:22:35","modified_gmt":"2023-09-25T09:22:35","slug":"preruseni-provozu-metra-v-useku-vltavska-hlavni-nadrazi-tento-vikend","status":"publish","type":"post","link":"https:\/\/www.praha7.cz\/preruseni-provozu-metra-v-useku-vltavska-hlavni-nadrazi-tento-vikend\/","title":{"rendered":"P\u0159eru\u0161en\u00ed provozu metra v&nbsp;\u00faseku Vltavsk\u00e1 \u2013 Hlavn\u00ed n\u00e1dra\u017e\u00ed tento v\u00edkend"},"content":{"rendered":"<p>[perex]<\/p>\r\n<p>Z d\u016fvodu rekonstrukce stropn\u00ed desky ve stanici Florenc doch\u00e1z\u00ed od soboty 23.&nbsp;z\u00e1\u0159\u00ed 2023 (od zah\u00e1jen\u00ed provozu) do ned\u011ble 24.&nbsp;z\u00e1\u0159\u00ed 2023 (do ukon\u010den\u00ed provozu) k&nbsp;do\u010dasn\u00e9mu p\u0159eru\u0161en\u00ed provozu metra v&nbsp;\u00faseku Hlavn\u00ed n\u00e1dra\u017e\u00ed \u2013 Vltavsk\u00e1.<\/p>\r\n<p>[\/perex]<\/p>\r\n<h3>N\u00e1hradn\u00ed tramvajov\u00e1 doprava (v&nbsp;denn\u00edm provozu)<\/h3>\r\n<p><strong>Zavedeny jsou linky:<\/strong><\/p>\r\n<ul>\r\n\t<li>XC v&nbsp;trase Hlavn\u00ed n\u00e1dra\u017e\u00ed (v&nbsp;Opletalov\u011b ulici) \u2013 Masarykovo n\u00e1dra\u017e\u00ed \u2013 B\u00edl\u00e1 labu\u0165 \u2013 Vltavsk\u00e1 (na p\u0159edmost\u00ed Hl\u00e1vkova mostu) \u2013 Strossmayerovo n\u00e1m\u011bst\u00ed \u2013 V\u00fdstavi\u0161t\u011b<\/li>\r\n\t<li>linka \u010d\u00edslo 36 v&nbsp;trase Zvona\u0159ka \u2013 I. P. Pavlova \u2013 Karlovo n\u00e1m\u011bst\u00ed \u2013 V\u00e1clavsk\u00e9 n\u00e1m\u011bst\u00ed \u2013 Masarykovo n\u00e1dra\u017e\u00ed \u2013 B\u00edl\u00e1 labu\u0165 \u2013 Vltavsk\u00e1 (na p\u0159edmost\u00ed Hl\u00e1vkova mostu) \u2013 V\u00fdstavi\u0161t\u011b \u2013 N\u00e1dra\u017e\u00ed Hole\u0161ovice, d\u00e1le pokra\u010duje ve dvou mo\u017en\u00fdch variant\u00e1ch trasy: jako linka \u010d\u00edslo 12 sm\u011br S\u00eddli\u0161t\u011b Barrandov<\/li>\r\n\t<li>v trase Kobylisy \u2013 L\u00e1dv\u00ed \u2013 S\u00eddli\u0161t\u011b \u010e\u00e1blice (v&nbsp;provozu po oba dny p\u0159ibli\u017en\u011b v&nbsp;obdob\u00ed od 8.00 hodin do 21.30 hodin)<\/li>\r\n<\/ul>\r\n<p><strong>Zm\u011bny tras tramvajov\u00fdch linek<\/strong><br \/>\r\nLinka \u010d\u00edslo\u00a010\u00a0je ve sm\u011bru od S\u00eddli\u0161t\u011b \u010e\u00e1blice ze zast\u00e1vky\u00a0Bruselsk\u00e1\u00a0odklon\u011bna p\u0159es zast\u00e1vku\u00a0Nuselsk\u00e9 schody\u00a0do obrati\u0161t\u011b\u00a0N\u00e1m\u011bst\u00ed Brat\u0159\u00ed Synk\u016f\u00a0(v\u00fdstupn\u00ed zast\u00e1vka v&nbsp;ulici Na Z\u00e1meck\u00e9, n\u00e1stupn\u00ed zast\u00e1vka v&nbsp;obrati\u0161ti).<\/p>\r\n<p><strong>Zm\u011bny v&nbsp;zast\u00e1vk\u00e1ch tramvaj\u00ed<\/strong><br \/>\r\nZ\u0159izuj\u00ed se (pro oba sm\u011bry) zast\u00e1vky\u00a0Vltavsk\u00e1\u00a0na p\u0159edmost\u00ed Hl\u00e1vkova mostu a\u00a0Hlavn\u00ed n\u00e1dra\u017e\u00ed\u00a0v Opletalov\u011b ulici.<\/p>\r\n<hr \/>\r\n<p><strong>Detailn\u00ed informace na webu <a href=\"https:\/\/www.dpp.cz\/omezeni-a-mimoradne-udalosti\/detail\/4491\" target=\"_blank\" rel=\"noopener\">dpp.cz<\/a>.<\/strong><\/p>","protected":false},"excerpt":{"rendered":"[perex] Z&nbsp;d\u016fvodu rekonstrukce stropn\u00ed desky ve stanici Florenc doch\u00e1z\u00ed od soboty 23.&nbsp;z\u00e1\u0159\u00ed 2023 (od zah\u00e1jen\u00ed provozu) do ned\u011ble 24.&nbsp;z\u00e1\u0159\u00ed 2023 (do ukon\u010den\u00ed provozu) k&nbsp;do\u010dasn\u00e9mu p\u0159eru\u0161en\u00ed provozu metra v&nbsp;\u00faseku Hlavn\u00ed n\u00e1dra\u017e\u00ed \u2013 Vltavsk\u00e1. [\/perex] N\u00e1hradn\u00ed tramvajov\u00e1 doprava (v&nbsp;denn\u00edm provozu) Zavedeny jsou linky: XC v&nbsp;trase Hlavn\u00ed n\u00e1dra\u017e\u00ed (v&nbsp;Opletalov\u011b ulici) \u2013 Masarykovo n\u00e1dra\u017e\u00ed \u2013 B\u00edl\u00e1 labu\u0165 \u2013 [&hellip;]","protected":false},"author":251,"featured_media":70045,"comment_status":"closed","ping_status":"open","sticky":false,"template":"","format":"standard","meta":[],"categories":[34],"tags":[],"_links":{"self":[{"href":"https:\/\/www.praha7.cz\/api\/wp\/v2\/posts\/70044"}],"collection":[{"href":"https:\/\/www.praha7.cz\/api\/wp\/v2\/posts"}],"about":[{"href":"https:\/\/www.praha7.cz\/api\/wp\/v2\/types\/post"}],"author":[{"embeddable":true,"href":"https:\/\/www.praha7.cz\/api\/wp\/v2\/users\/251"}],"replies":[{"embeddable":true,"href":"https:\/\/www.praha7.cz\/api\/wp\/v2\/comments?post=70044"}],"version-history":[{"count":1,"href":"https:\/\/www.praha7.cz\/api\/wp\/v2\/posts\/70044\/revisions"}],"predecessor-version":[{"id":70046,"href":"https:\/\/www.praha7.cz\/api\/wp\/v2\/posts\/70044\/revisions\/70046"}],"wp:featuredmedia":[{"embeddable":true,"href":"https:\/\/www.praha7.cz\/api\/wp\/v2\/media\/70045"}],"wp:attachment":[{"href":"https:\/\/www.praha7.cz\/api\/wp\/v2\/media?parent=70044"}],"wp:term":[{"taxonomy":"category","embeddable":true,"href":"https:\/\/www.praha7.cz\/api\/wp\/v2\/categories?post=70044"},{"taxonomy":"post_tag","embeddable":true,"href":"https:\/\/www.praha7.cz\/api\/wp\/v2\/tags?post=70044"}],"curies":[{"name":"wp","href":"https:\/\/api.w.org\/{rel}","templated":true}]}}