    
{"id":70035,"date":"2023-09-21T15:46:54","date_gmt":"2023-09-21T13:46:54","guid":{"rendered":"https:\/\/www.praha7.cz\/?p=70035"},"modified":"2023-09-27T07:04:21","modified_gmt":"2023-09-27T05:04:21","slug":"den-hrdinu-na-vystavisti-3","status":"publish","type":"post","link":"https:\/\/www.praha7.cz\/den-hrdinu-na-vystavisti-3\/","title":{"rendered":"Den hrdin\u016f na V\u00fdstavi\u0161ti"},"content":{"rendered":"<p>[perex]<\/p>\r\n<p>Ji\u017e 8.&nbsp;ro\u010dn\u00edk Dne hrdin\u016f se kon\u00e1 v&nbsp;sobotu 23.&nbsp;z\u00e1\u0159\u00ed 2023 od 11.00 do 17.00 na V\u00fdstavi\u0161ti. V&nbsp;jeden den si m\u016f\u017eete prohl\u00e9dnout techniku a&nbsp;vozidla od Zdravotnick\u00e9 z\u00e1chrann\u00e9 slu\u017eby HMP, kolov\u00e9ho obrn\u011bnce Pandur od arm\u00e1dy \u010cR, policejn\u00ed vrtuln\u00edk a&nbsp;dal\u0161\u00ed unik\u00e1ty. Vyzkou\u0161\u00edte si, jak postavit protipovod\u0148ovou ze\u010f, a&nbsp;dozv\u00edte se spr\u00e1vn\u00fd postup p\u0159i poskytnut\u00ed prvn\u00ed pomoci. Nebudou chyb\u011bt ani sout\u011b\u017ee pro d\u011bti. Vstup zdarma.<\/p>\r\n<p>[\/perex]<\/p>\r\n<p>Po cel\u00fd den si m\u016f\u017eete prohl\u00e9dnout techniku a&nbsp;vybaven\u00ed slo\u017eek integrovan\u00e9ho z\u00e1chrann\u00e9ho syst\u00e9mu. A\u0165 u\u017e se jedn\u00e1 o&nbsp;historick\u00e1 vozidla, specializovanou t\u011b\u017ekou techniku, nebo nejnov\u011bj\u0161\u00ed vybaven\u00ed. D\u011bti jist\u011b pot\u011b\u0161\u00ed mo\u017enost si na auta nejen s\u00e1hnout, ale tak\u00e9 prozkoumat interi\u00e9ry aut, z\u00e1chrann\u00fdch vozidel, nebo \u010dlunu.<\/p>\r\n<p>Sou\u010d\u00e1st\u00ed akce bude i&nbsp;Memori\u00e1l JUDr. Franti\u0161ka Kohouta ve vypro\u0161\u0165ov\u00e1n\u00ed osob z&nbsp;havarovan\u00fdch vozidel. Utkaj\u00ed se zde t\u00fdmy profesion\u00e1ln\u00edch hasi\u010d\u016f z&nbsp;cel\u00e9 \u010cR a&nbsp;vy m\u016f\u017eete sledovat pr\u016fb\u011bh cel\u00e9 z\u00e1chrann\u00e9 akce.<\/p>\r\n<p><strong>Akce se kon\u00e1 na Bruselsk\u00e9 cest\u011b a&nbsp;na louce za K\u0159i\u017e\u00edkov\u00fdmi pavilony, vstup zdarma, podrobn\u00fd program najdete <a href=\"https:\/\/navystavisti.cz\/udalosti\/den-hrdinu\/\" target=\"_blank\" rel=\"noopener\">zde<\/a>.<\/strong><\/p>","protected":false},"excerpt":{"rendered":"[perex] Ji\u017e 8.&nbsp;ro\u010dn\u00edk Dne hrdin\u016f se kon\u00e1 v&nbsp;sobotu 23.&nbsp;z\u00e1\u0159\u00ed 2023 od 11.00 do 17.00 na V\u00fdstavi\u0161ti. V&nbsp;jeden den si m\u016f\u017eete prohl\u00e9dnout techniku a&nbsp;vozidla od Zdravotnick\u00e9 z\u00e1chrann\u00e9 slu\u017eby HMP, kolov\u00e9ho obrn\u011bnce Pandur od arm\u00e1dy \u010cR, policejn\u00ed vrtuln\u00edk a&nbsp;dal\u0161\u00ed unik\u00e1ty. Vyzkou\u0161\u00edte si, jak postavit protipovod\u0148ovou ze\u010f, a&nbsp;dozv\u00edte se spr\u00e1vn\u00fd postup p\u0159i poskytnut\u00ed prvn\u00ed pomoci. Nebudou chyb\u011bt ani [&hellip;]","protected":false},"author":251,"featured_media":70037,"comment_status":"closed","ping_status":"open","sticky":false,"template":"","format":"standard","meta":[],"categories":[34],"tags":[],"_links":{"self":[{"href":"https:\/\/www.praha7.cz\/api\/wp\/v2\/posts\/70035"}],"collection":[{"href":"https:\/\/www.praha7.cz\/api\/wp\/v2\/posts"}],"about":[{"href":"https:\/\/www.praha7.cz\/api\/wp\/v2\/types\/post"}],"author":[{"embeddable":true,"href":"https:\/\/www.praha7.cz\/api\/wp\/v2\/users\/251"}],"replies":[{"embeddable":true,"href":"https:\/\/www.praha7.cz\/api\/wp\/v2\/comments?post=70035"}],"version-history":[{"count":1,"href":"https:\/\/www.praha7.cz\/api\/wp\/v2\/posts\/70035\/revisions"}],"predecessor-version":[{"id":70038,"href":"https:\/\/www.praha7.cz\/api\/wp\/v2\/posts\/70035\/revisions\/70038"}],"wp:featuredmedia":[{"embeddable":true,"href":"https:\/\/www.praha7.cz\/api\/wp\/v2\/media\/70037"}],"wp:attachment":[{"href":"https:\/\/www.praha7.cz\/api\/wp\/v2\/media?parent=70035"}],"wp:term":[{"taxonomy":"category","embeddable":true,"href":"https:\/\/www.praha7.cz\/api\/wp\/v2\/categories?post=70035"},{"taxonomy":"post_tag","embeddable":true,"href":"https:\/\/www.praha7.cz\/api\/wp\/v2\/tags?post=70035"}],"curies":[{"name":"wp","href":"https:\/\/api.w.org\/{rel}","templated":true}]}}