    
{"id":70031,"date":"2023-09-21T15:21:24","date_gmt":"2023-09-21T13:21:24","guid":{"rendered":"https:\/\/www.praha7.cz\/?p=70031"},"modified":"2023-09-21T15:21:24","modified_gmt":"2023-09-21T13:21:24","slug":"festival-ilustrace-lustr-v-trznici","status":"publish","type":"post","link":"https:\/\/www.praha7.cz\/festival-ilustrace-lustr-v-trznici\/","title":{"rendered":"Festival ilustrace LUSTR v&nbsp;Tr\u017enici"},"content":{"rendered":"<p>[perex]<\/p>\r\n<p>LUSTR je nejv\u011bt\u0161\u00ed p\u0159ehl\u00eddka sou\u010dasn\u00e9 autorsk\u00e9 ilustrace a&nbsp;nejv\u011bt\u0161\u00ed setk\u00e1n\u00ed ilustr\u00e1tor\u016f u&nbsp;n\u00e1s. Pravideln\u011b prezentuje to nejlep\u0161\u00ed a&nbsp;nej\u010derstv\u011bj\u0161\u00ed ze sou\u010dasn\u00e9 \u010desk\u00e9 a&nbsp;slovensk\u00e9 ilustrace a&nbsp;sv\u00e9 m\u00edsto zde maj\u00ed i&nbsp;zahrani\u010dn\u00ed tv\u016frci. Des\u00e1t\u00fd ro\u010dn\u00edk za\u010d\u00edn\u00e1 21.&nbsp;z\u00e1\u0159\u00ed 2023 a&nbsp;opanuje n\u011bkolik hal Hole\u0161ovick\u00e9 tr\u017enice.<br \/>\r\n[\/perex]<\/p>\r\n<p>LUSTR nejsou jenom obr\u00e1zky na zdi, ale rozmanit\u00e9 instalace v\u00edce ne\u017e pades\u00e1ti vybran\u00fdch autor\u016f, workshopy, p\u0159edn\u00e1\u0161ky, sout\u011b\u017e. Na festivalu LUSTR se sezn\u00e1m\u00edte s&nbsp;autory a&nbsp;pozn\u00e1te tv\u00e1\u0159e a&nbsp;ruce, kter\u00e9 jindy v&nbsp;\u00fastran\u00ed kresl\u00ed.\u00a0<\/p>\r\n<p><strong>Festival se kon\u00e1 od 21.&nbsp;do 26.&nbsp;z\u00e1\u0159\u00ed 2023 v&nbsp;Hole\u0161ovick\u00e9 tr\u017enici. Program a&nbsp;dal\u0161\u00ed informace najdete <a href=\"https:\/\/lustrfestival.cz\/program\" target=\"_blank\" rel=\"noopener\">zde<\/a>.\u00a0<\/strong><\/p>\r\n<p><img loading=\"lazy\" src=\"https:\/\/www.praha7.cz\/wp-content\/uploads\/2023\/09\/lustr-festival-praha-scaled-1-1500x996.jpg\" alt=\"\" width=\"640\" height=\"425\" class=\"alignnone size-large wp-image-70033\" srcset=\"https:\/\/www.praha7.cz\/wp-content\/uploads\/2023\/09\/lustr-festival-praha-scaled-1-1500x996.jpg 1500w, https:\/\/www.praha7.cz\/wp-content\/uploads\/2023\/09\/lustr-festival-praha-scaled-1-600x398.jpg 600w, https:\/\/www.praha7.cz\/wp-content\/uploads\/2023\/09\/lustr-festival-praha-scaled-1-768x510.jpg 768w, https:\/\/www.praha7.cz\/wp-content\/uploads\/2023\/09\/lustr-festival-praha-scaled-1-1536x1020.jpg 1536w, https:\/\/www.praha7.cz\/wp-content\/uploads\/2023\/09\/lustr-festival-praha-scaled-1-2048x1360.jpg 2048w\" sizes=\"(max-width: 640px) 100vw, 640px\" \/><\/p>","protected":false},"excerpt":{"rendered":"[perex] LUSTR je nejv\u011bt\u0161\u00ed p\u0159ehl\u00eddka sou\u010dasn\u00e9 autorsk\u00e9 ilustrace a&nbsp;nejv\u011bt\u0161\u00ed setk\u00e1n\u00ed ilustr\u00e1tor\u016f u&nbsp;n\u00e1s. Pravideln\u011b prezentuje to nejlep\u0161\u00ed a&nbsp;nej\u010derstv\u011bj\u0161\u00ed ze sou\u010dasn\u00e9 \u010desk\u00e9 a&nbsp;slovensk\u00e9 ilustrace a&nbsp;sv\u00e9 m\u00edsto zde maj\u00ed i&nbsp;zahrani\u010dn\u00ed tv\u016frci. Des\u00e1t\u00fd ro\u010dn\u00edk za\u010d\u00edn\u00e1 21.&nbsp;z\u00e1\u0159\u00ed 2023 a&nbsp;opanuje n\u011bkolik hal Hole\u0161ovick\u00e9 tr\u017enice. [\/perex] LUSTR nejsou jenom obr\u00e1zky na zdi, ale rozmanit\u00e9 instalace v\u00edce ne\u017e pades\u00e1ti vybran\u00fdch autor\u016f, workshopy, p\u0159edn\u00e1\u0161ky, [&hellip;]","protected":false},"author":251,"featured_media":70032,"comment_status":"closed","ping_status":"open","sticky":false,"template":"","format":"standard","meta":[],"categories":[34],"tags":[],"_links":{"self":[{"href":"https:\/\/www.praha7.cz\/api\/wp\/v2\/posts\/70031"}],"collection":[{"href":"https:\/\/www.praha7.cz\/api\/wp\/v2\/posts"}],"about":[{"href":"https:\/\/www.praha7.cz\/api\/wp\/v2\/types\/post"}],"author":[{"embeddable":true,"href":"https:\/\/www.praha7.cz\/api\/wp\/v2\/users\/251"}],"replies":[{"embeddable":true,"href":"https:\/\/www.praha7.cz\/api\/wp\/v2\/comments?post=70031"}],"version-history":[{"count":1,"href":"https:\/\/www.praha7.cz\/api\/wp\/v2\/posts\/70031\/revisions"}],"predecessor-version":[{"id":70034,"href":"https:\/\/www.praha7.cz\/api\/wp\/v2\/posts\/70031\/revisions\/70034"}],"wp:featuredmedia":[{"embeddable":true,"href":"https:\/\/www.praha7.cz\/api\/wp\/v2\/media\/70032"}],"wp:attachment":[{"href":"https:\/\/www.praha7.cz\/api\/wp\/v2\/media?parent=70031"}],"wp:term":[{"taxonomy":"category","embeddable":true,"href":"https:\/\/www.praha7.cz\/api\/wp\/v2\/categories?post=70031"},{"taxonomy":"post_tag","embeddable":true,"href":"https:\/\/www.praha7.cz\/api\/wp\/v2\/tags?post=70031"}],"curies":[{"name":"wp","href":"https:\/\/api.w.org\/{rel}","templated":true}]}}