    
{"id":69982,"date":"2023-09-20T10:36:56","date_gmt":"2023-09-20T08:36:56","guid":{"rendered":"https:\/\/www.praha7.cz\/?p=69982"},"modified":"2023-09-29T14:57:58","modified_gmt":"2023-09-29T12:57:58","slug":"v-ulici-veletrzni-probehne-zabezpeceni-chodniku","status":"publish","type":"post","link":"https:\/\/www.praha7.cz\/v-ulici-veletrzni-probehne-zabezpeceni-chodniku\/","title":{"rendered":"V ulici Veletr\u017en\u00ed prob\u011bhne zabezpe\u010den\u00ed chodn\u00edk\u016f"},"content":{"rendered":"<p>[perex]<\/p>\r\n<p>Na p\u0159elomu kv\u011btna a&nbsp;\u010dervna tohoto roku se uskute\u010dnily \u00fapravy v\u00a0doln\u00ed \u010d\u00e1sti ul. Veletr\u017en\u00ed a\u00a0v\u00a0k\u0159i\u017eovatce s\u00a0ul. Bubensk\u00e1. Ve druh\u00e9 polovin\u011b z\u00e1\u0159\u00ed TSK hl. m. Prahy na tyto \u00fapravy nav\u00e1\u017ee zabezpe\u010den\u00edm chodn\u00edk\u016f proti neopr\u00e1vn\u011bn\u00e9mu vj\u00ed\u017ed\u011bn\u00ed a&nbsp;parkov\u00e1n\u00ed vozidel.<\/p>\r\n<p>[\/perex]<\/p>\r\n<p>Krom\u011b rekonstrukce sv\u011bteln\u00e9ho signaliza\u010dn\u00edho za\u0159\u00edzen\u00ed do\u0161lo v\u00a0ul. Veletr\u017en\u00ed a&nbsp;Bubensk\u00e1 k\u00a0dal\u0161\u00edm zm\u011bn\u00e1m, kter\u00e9 se t\u00fdkaly zv\u00fd\u0161en\u00ed bezpe\u010dnosti a\u00a0p\u0159ehlednosti k\u0159i\u017eovatek, zkr\u00e1cen\u00ed a\u00a0zabezpe\u010den\u00ed p\u0159echod\u016f pro chodce, dopln\u011bn\u00ed opat\u0159en\u00ed pro cyklisty, zlep\u0161en\u00ed prostupnosti dot\u010den\u00e9 lokality (tak\u00e9 v\u00a0n\u00e1vaznosti na p\u0159ipravovan\u00fd pr\u016fchod p\u0159es Bubny v\u00a0ose ulic Veletr\u017en\u00ed \u2013 D\u011blnick\u00e1) a\u00a0z\u0159\u00edzen\u00ed nov\u00fdch rychloobr\u00e1tkov\u00fdch parkovac\u00edch m\u00edst pro zaji\u0161t\u011bn\u00ed obsluhy okoln\u00edch dom\u016f a\u00a0z\u00e1sobov\u00e1n\u00ed m\u00edstn\u00edch podnik\u016f.<\/p>\r\n<p>Technick\u00e1 spr\u00e1va komunikac\u00ed hl. m. Prahy nyn\u00ed dopln\u00ed na chodn\u00edc\u00edch, n\u00e1ro\u017e\u00edch u&nbsp;k\u0159i\u017eovatek a&nbsp;p\u0159echod\u016f pro chodce antiparkovac\u00ed sloupky. Prim\u00e1rn\u00edm c\u00edlem je ochrana chodc\u016f, kter\u00fdm vozidla na chodn\u00edc\u00edch \u010dasto p\u0159ek\u00e1\u017eej\u00ed v&nbsp;pohybu. Probl\u00e9my to zp\u016fsobuje p\u0159edev\u0161\u00edm pak star\u0161\u00edm, h\u016f\u0159e pohybliv\u00fdm, nevidom\u00fdm \u010di slabozrak\u00fdm lidem, d\u011btem a&nbsp;rodi\u010d\u016fm s&nbsp;ko\u010d\u00e1rky, kte\u0159\u00ed mnohdy mus\u00ed odstaven\u00e9 vozidlo obch\u00e1zet vozovkou, nevid\u00ed do k\u0159i\u017eovatky, nejsou vid\u011bt na p\u0159echodu a&nbsp;dost\u00e1vaj\u00ed se tak do nebezpe\u010dn\u00fdch situac\u00ed. T\u011b\u017ek\u00e1 vozidla nav\u00edc chodn\u00edky v\u00fdrazn\u011b po\u0161kozuj\u00ed, d\u011blaj\u00ed se na nich v\u00fdtluky, strh\u00e1vaj\u00ed obrubn\u00edky, ni\u010d\u00ed zna\u010dky apod.<\/p>\r\n<p><strong>P\u0159\u00edklady problematick\u00e9ho nepovolen\u00e9ho parkov\u00e1n\u00ed:<\/strong><\/p>\r\n<p><img loading=\"lazy\" src=\"https:\/\/www.praha7.cz\/wp-content\/uploads\/2023\/09\/Veletrzni-parkovani-chodnik-4-1500x1000.jpg\" alt=\"\" width=\"640\" height=\"427\" class=\"alignnone size-large wp-image-70217\" srcset=\"https:\/\/www.praha7.cz\/wp-content\/uploads\/2023\/09\/Veletrzni-parkovani-chodnik-4-1500x1000.jpg 1500w, https:\/\/www.praha7.cz\/wp-content\/uploads\/2023\/09\/Veletrzni-parkovani-chodnik-4-600x400.jpg 600w, https:\/\/www.praha7.cz\/wp-content\/uploads\/2023\/09\/Veletrzni-parkovani-chodnik-4-768x512.jpg 768w, https:\/\/www.praha7.cz\/wp-content\/uploads\/2023\/09\/Veletrzni-parkovani-chodnik-4-1536x1024.jpg 1536w, https:\/\/www.praha7.cz\/wp-content\/uploads\/2023\/09\/Veletrzni-parkovani-chodnik-4-2048x1366.jpg 2048w\" sizes=\"(max-width: 640px) 100vw, 640px\" \/><\/p>\r\n<p>\u00a0 <img loading=\"lazy\" src=\"https:\/\/www.praha7.cz\/wp-content\/uploads\/2023\/09\/Veletrzni-parkovani-chodnik-2-1500x1000.jpg\" alt=\"\" width=\"640\" height=\"427\" class=\"alignnone size-large wp-image-70213\" srcset=\"https:\/\/www.praha7.cz\/wp-content\/uploads\/2023\/09\/Veletrzni-parkovani-chodnik-2-1500x1000.jpg 1500w, https:\/\/www.praha7.cz\/wp-content\/uploads\/2023\/09\/Veletrzni-parkovani-chodnik-2-600x400.jpg 600w, https:\/\/www.praha7.cz\/wp-content\/uploads\/2023\/09\/Veletrzni-parkovani-chodnik-2-768x512.jpg 768w, https:\/\/www.praha7.cz\/wp-content\/uploads\/2023\/09\/Veletrzni-parkovani-chodnik-2-1536x1024.jpg 1536w, https:\/\/www.praha7.cz\/wp-content\/uploads\/2023\/09\/Veletrzni-parkovani-chodnik-2-2048x1366.jpg 2048w\" sizes=\"(max-width: 640px) 100vw, 640px\" \/><\/p>\r\n<p><img loading=\"lazy\" src=\"https:\/\/www.praha7.cz\/wp-content\/uploads\/2023\/09\/Veletrzni-parkovani-chodnik-3-1500x1000.jpg\" alt=\"\" width=\"640\" height=\"427\" class=\"alignnone size-large wp-image-70214\" srcset=\"https:\/\/www.praha7.cz\/wp-content\/uploads\/2023\/09\/Veletrzni-parkovani-chodnik-3-1500x1000.jpg 1500w, https:\/\/www.praha7.cz\/wp-content\/uploads\/2023\/09\/Veletrzni-parkovani-chodnik-3-600x400.jpg 600w, https:\/\/www.praha7.cz\/wp-content\/uploads\/2023\/09\/Veletrzni-parkovani-chodnik-3-768x512.jpg 768w, https:\/\/www.praha7.cz\/wp-content\/uploads\/2023\/09\/Veletrzni-parkovani-chodnik-3-1536x1024.jpg 1536w, https:\/\/www.praha7.cz\/wp-content\/uploads\/2023\/09\/Veletrzni-parkovani-chodnik-3-2048x1366.jpg 2048w\" sizes=\"(max-width: 640px) 100vw, 640px\" \/><\/p>\r\n<p><img loading=\"lazy\" src=\"https:\/\/www.praha7.cz\/wp-content\/uploads\/2023\/09\/Veletrzni-parkovani-chodnik-1-1500x1000.jpg\" alt=\"\" width=\"640\" height=\"427\" class=\"alignnone size-large wp-image-70215\" srcset=\"https:\/\/www.praha7.cz\/wp-content\/uploads\/2023\/09\/Veletrzni-parkovani-chodnik-1-1500x1000.jpg 1500w, https:\/\/www.praha7.cz\/wp-content\/uploads\/2023\/09\/Veletrzni-parkovani-chodnik-1-600x400.jpg 600w, https:\/\/www.praha7.cz\/wp-content\/uploads\/2023\/09\/Veletrzni-parkovani-chodnik-1-768x512.jpg 768w, https:\/\/www.praha7.cz\/wp-content\/uploads\/2023\/09\/Veletrzni-parkovani-chodnik-1-1536x1024.jpg 1536w, https:\/\/www.praha7.cz\/wp-content\/uploads\/2023\/09\/Veletrzni-parkovani-chodnik-1-2048x1365.jpg 2048w\" sizes=\"(max-width: 640px) 100vw, 640px\" \/><\/p>","protected":false},"excerpt":{"rendered":"[perex] Na p\u0159elomu kv\u011btna a&nbsp;\u010dervna tohoto roku se uskute\u010dnily \u00fapravy v\u00a0doln\u00ed \u010d\u00e1sti ul. Veletr\u017en\u00ed a\u00a0v\u00a0k\u0159i\u017eovatce s\u00a0ul. Bubensk\u00e1. Ve druh\u00e9 polovin\u011b z\u00e1\u0159\u00ed TSK hl. m. Prahy na tyto \u00fapravy nav\u00e1\u017ee zabezpe\u010den\u00edm chodn\u00edk\u016f proti neopr\u00e1vn\u011bn\u00e9mu vj\u00ed\u017ed\u011bn\u00ed a&nbsp;parkov\u00e1n\u00ed vozidel. [\/perex] Krom\u011b rekonstrukce sv\u011bteln\u00e9ho signaliza\u010dn\u00edho za\u0159\u00edzen\u00ed do\u0161lo v\u00a0ul. Veletr\u017en\u00ed a&nbsp;Bubensk\u00e1 k\u00a0dal\u0161\u00edm zm\u011bn\u00e1m, kter\u00e9 se t\u00fdkaly zv\u00fd\u0161en\u00ed bezpe\u010dnosti a\u00a0p\u0159ehlednosti k\u0159i\u017eovatek, [&hellip;]","protected":false},"author":5,"featured_media":69988,"comment_status":"closed","ping_status":"open","sticky":false,"template":"","format":"standard","meta":[],"categories":[34],"tags":[],"_links":{"self":[{"href":"https:\/\/www.praha7.cz\/api\/wp\/v2\/posts\/69982"}],"collection":[{"href":"https:\/\/www.praha7.cz\/api\/wp\/v2\/posts"}],"about":[{"href":"https:\/\/www.praha7.cz\/api\/wp\/v2\/types\/post"}],"author":[{"embeddable":true,"href":"https:\/\/www.praha7.cz\/api\/wp\/v2\/users\/5"}],"replies":[{"embeddable":true,"href":"https:\/\/www.praha7.cz\/api\/wp\/v2\/comments?post=69982"}],"version-history":[{"count":4,"href":"https:\/\/www.praha7.cz\/api\/wp\/v2\/posts\/69982\/revisions"}],"predecessor-version":[{"id":70216,"href":"https:\/\/www.praha7.cz\/api\/wp\/v2\/posts\/69982\/revisions\/70216"}],"wp:featuredmedia":[{"embeddable":true,"href":"https:\/\/www.praha7.cz\/api\/wp\/v2\/media\/69988"}],"wp:attachment":[{"href":"https:\/\/www.praha7.cz\/api\/wp\/v2\/media?parent=69982"}],"wp:term":[{"taxonomy":"category","embeddable":true,"href":"https:\/\/www.praha7.cz\/api\/wp\/v2\/categories?post=69982"},{"taxonomy":"post_tag","embeddable":true,"href":"https:\/\/www.praha7.cz\/api\/wp\/v2\/tags?post=69982"}],"curies":[{"name":"wp","href":"https:\/\/api.w.org\/{rel}","templated":true}]}}