    
{"id":69975,"date":"2023-09-20T10:14:06","date_gmt":"2023-09-20T08:14:06","guid":{"rendered":"https:\/\/www.praha7.cz\/?p=69975"},"modified":"2023-10-12T08:33:30","modified_gmt":"2023-10-12T06:33:30","slug":"rijnove-setkani-se-starostou-na-strese-radnice","status":"publish","type":"post","link":"https:\/\/www.praha7.cz\/rijnove-setkani-se-starostou-na-strese-radnice\/","title":{"rendered":"\u0158\u00edjnov\u00e9 setk\u00e1n\u00ed se starostou na st\u0159e\u0161e radnice"},"content":{"rendered":"<p>[perex]<\/p>\r\n<p>Zveme v\u00e1s na neform\u00e1ln\u00ed setk\u00e1n\u00ed se starostou Janem \u010ci\u017einsk\u00fdm a&nbsp;dal\u0161\u00edmi radn\u00edmi Prahy&nbsp;7 na st\u0159e\u0161n\u00ed terase sedmi\u010dkov\u00e9 radnice. T\u011b\u0161\u00edme se na v\u00e1s ve st\u0159edu 11.&nbsp;\u0159\u00edjna mezi 18.&nbsp;a&nbsp;20.&nbsp;hodinou.\u00a0<\/p>\r\n<p>[\/perex]<\/p>\r\n<p>P\u0159ij\u010fte si popov\u00eddat se starostou a&nbsp;dal\u0161\u00edmi radn\u00edmi, zeptat se na v\u0161e, co v\u00e1s zaj\u00edm\u00e1, a&nbsp;z\u00e1rove\u0148 se pokochat jedine\u010dn\u00fdm v\u00fdhledem na Hole\u0161ovice.<\/p>\r\n<p>Pt\u00e1t se m\u016f\u017eete:<\/p>\r\n<ul>\r\n\t<li>starosty Jana \u010ci\u017einsk\u00e9ho<\/li>\r\n\t<li>m\u00edstostarostky Lenky Burgerov\u00e9, kter\u00e1 m\u00e1 v&nbsp;gesci \u00fazemn\u00ed rozvoj<\/li>\r\n\t<li>m\u00edstostarosty Pavla Zelenky, kter\u00fd se star\u00e1 o&nbsp;dopravu<\/li>\r\n\t<li>a radn\u00edho Martina Tom\u00e1nka s&nbsp;kompetenc\u00ed finance<\/li>\r\n<\/ul>\r\n<p><strong>st\u0159eda 11.&nbsp;\u0159\u00edjna 2023, 18.00\u201320.00<\/strong><\/p>\r\n<p><strong>radnice M\u010c Praha&nbsp;7, U&nbsp;Pr\u016fhonu 1338\/38, 8.&nbsp;patro<\/strong><\/p>\r\n<p>T\u011b\u0161\u00edme se na v\u00e1s!<\/p>","protected":false},"excerpt":{"rendered":"[perex] Zveme v\u00e1s na neform\u00e1ln\u00ed setk\u00e1n\u00ed se starostou Janem \u010ci\u017einsk\u00fdm a&nbsp;dal\u0161\u00edmi radn\u00edmi Prahy&nbsp;7 na st\u0159e\u0161n\u00ed terase sedmi\u010dkov\u00e9 radnice. T\u011b\u0161\u00edme se na v\u00e1s ve st\u0159edu 11.&nbsp;\u0159\u00edjna mezi 18.&nbsp;a&nbsp;20.&nbsp;hodinou.\u00a0 [\/perex] P\u0159ij\u010fte si popov\u00eddat se starostou a&nbsp;dal\u0161\u00edmi radn\u00edmi, zeptat se na v\u0161e, co v\u00e1s zaj\u00edm\u00e1, a&nbsp;z\u00e1rove\u0148 se pokochat jedine\u010dn\u00fdm v\u00fdhledem na Hole\u0161ovice. Pt\u00e1t se m\u016f\u017eete: starosty Jana \u010ci\u017einsk\u00e9ho [&hellip;]","protected":false},"author":251,"featured_media":51311,"comment_status":"closed","ping_status":"open","sticky":false,"template":"","format":"standard","meta":[],"categories":[34],"tags":[],"_links":{"self":[{"href":"https:\/\/www.praha7.cz\/api\/wp\/v2\/posts\/69975"}],"collection":[{"href":"https:\/\/www.praha7.cz\/api\/wp\/v2\/posts"}],"about":[{"href":"https:\/\/www.praha7.cz\/api\/wp\/v2\/types\/post"}],"author":[{"embeddable":true,"href":"https:\/\/www.praha7.cz\/api\/wp\/v2\/users\/251"}],"replies":[{"embeddable":true,"href":"https:\/\/www.praha7.cz\/api\/wp\/v2\/comments?post=69975"}],"version-history":[{"count":3,"href":"https:\/\/www.praha7.cz\/api\/wp\/v2\/posts\/69975\/revisions"}],"predecessor-version":[{"id":71259,"href":"https:\/\/www.praha7.cz\/api\/wp\/v2\/posts\/69975\/revisions\/71259"}],"wp:featuredmedia":[{"embeddable":true,"href":"https:\/\/www.praha7.cz\/api\/wp\/v2\/media\/51311"}],"wp:attachment":[{"href":"https:\/\/www.praha7.cz\/api\/wp\/v2\/media?parent=69975"}],"wp:term":[{"taxonomy":"category","embeddable":true,"href":"https:\/\/www.praha7.cz\/api\/wp\/v2\/categories?post=69975"},{"taxonomy":"post_tag","embeddable":true,"href":"https:\/\/www.praha7.cz\/api\/wp\/v2\/tags?post=69975"}],"curies":[{"name":"wp","href":"https:\/\/api.w.org\/{rel}","templated":true}]}}