    
{"id":69895,"date":"2023-09-14T12:13:45","date_gmt":"2023-09-14T10:13:45","guid":{"rendered":"https:\/\/www.praha7.cz\/?p=69895"},"modified":"2023-09-15T10:54:12","modified_gmt":"2023-09-15T08:54:12","slug":"dne-14-9-od-15-hodin-budou-omezeny-sluzby-v-ic-m-horakove-2","status":"publish","type":"post","link":"https:\/\/www.praha7.cz\/dne-14-9-od-15-hodin-budou-omezeny-sluzby-v-ic-m-horakove-2\/","title":{"rendered":"Dne 14.&nbsp;9.&nbsp;od 15 hodin budou omezeny slu\u017eby v&nbsp;IC M. Hor\u00e1kov\u00e9 2"},"content":{"rendered":"<p>[perex]<\/p>\r\n<p>Upozor\u0148ujeme ob\u010dany, \u017ee ve \u010dtvrtek 14.&nbsp;z\u00e1\u0159\u00ed 2023 od 15 do 18 hodin nebude z&nbsp;technick\u00fdch d\u016fvod\u016f mo\u017en\u00e9 v&nbsp;IC Milady Hor\u00e1kov\u00e9 2 vy\u0159\u00eddit agendu parkovac\u00edch opr\u00e1vn\u011bn\u00ed (lze pouze online). Ostatn\u00ed slu\u017eby IC z\u016fst\u00e1vaj\u00ed k&nbsp;dispozici, pouze nebude mo\u017en\u00e9 uhradit je kartou, jen v&nbsp;hotovosti.<\/p>\r\n<p>[\/perex]<\/p>\r\n<p>Omlouv\u00e1me se za komplikace a&nbsp;d\u011bkujeme za pochopen\u00ed.<\/p>","protected":false},"excerpt":{"rendered":"[perex] Upozor\u0148ujeme ob\u010dany, \u017ee ve \u010dtvrtek 14.&nbsp;z\u00e1\u0159\u00ed 2023 od 15 do 18 hodin nebude z&nbsp;technick\u00fdch d\u016fvod\u016f mo\u017en\u00e9 v&nbsp;IC Milady Hor\u00e1kov\u00e9 2 vy\u0159\u00eddit agendu parkovac\u00edch opr\u00e1vn\u011bn\u00ed (lze pouze online). Ostatn\u00ed slu\u017eby IC z\u016fst\u00e1vaj\u00ed k&nbsp;dispozici, pouze nebude mo\u017en\u00e9 uhradit je kartou, jen v&nbsp;hotovosti. [\/perex] Omlouv\u00e1me se za komplikace a&nbsp;d\u011bkujeme za pochopen\u00ed.","protected":false},"author":251,"featured_media":37003,"comment_status":"closed","ping_status":"open","sticky":false,"template":"","format":"standard","meta":[],"categories":[1],"tags":[],"_links":{"self":[{"href":"https:\/\/www.praha7.cz\/api\/wp\/v2\/posts\/69895"}],"collection":[{"href":"https:\/\/www.praha7.cz\/api\/wp\/v2\/posts"}],"about":[{"href":"https:\/\/www.praha7.cz\/api\/wp\/v2\/types\/post"}],"author":[{"embeddable":true,"href":"https:\/\/www.praha7.cz\/api\/wp\/v2\/users\/251"}],"replies":[{"embeddable":true,"href":"https:\/\/www.praha7.cz\/api\/wp\/v2\/comments?post=69895"}],"version-history":[{"count":1,"href":"https:\/\/www.praha7.cz\/api\/wp\/v2\/posts\/69895\/revisions"}],"predecessor-version":[{"id":69896,"href":"https:\/\/www.praha7.cz\/api\/wp\/v2\/posts\/69895\/revisions\/69896"}],"wp:featuredmedia":[{"embeddable":true,"href":"https:\/\/www.praha7.cz\/api\/wp\/v2\/media\/37003"}],"wp:attachment":[{"href":"https:\/\/www.praha7.cz\/api\/wp\/v2\/media?parent=69895"}],"wp:term":[{"taxonomy":"category","embeddable":true,"href":"https:\/\/www.praha7.cz\/api\/wp\/v2\/categories?post=69895"},{"taxonomy":"post_tag","embeddable":true,"href":"https:\/\/www.praha7.cz\/api\/wp\/v2\/tags?post=69895"}],"curies":[{"name":"wp","href":"https:\/\/api.w.org\/{rel}","templated":true}]}}