    
{"id":69881,"date":"2023-09-13T12:21:03","date_gmt":"2023-09-13T10:21:03","guid":{"rendered":"https:\/\/www.praha7.cz\/?p=69881"},"modified":"2023-09-13T12:38:53","modified_gmt":"2023-09-13T10:38:53","slug":"dne-19-9-bude-omezen-vydej-parkovacich-opravneni-v-ic-m-horakove-2","status":"publish","type":"post","link":"https:\/\/www.praha7.cz\/dne-19-9-bude-omezen-vydej-parkovacich-opravneni-v-ic-m-horakove-2\/","title":{"rendered":"Dne 19.&nbsp;9.&nbsp;bude omezen v\u00fddej parkovac\u00edch opr\u00e1vn\u011bn\u00ed v&nbsp;IC M. Hor\u00e1kov\u00e9 2"},"content":{"rendered":"<p>[perex]<\/p>\r\n<p>Upozor\u0148ujeme ob\u010dany, \u017ee v&nbsp;\u00fater\u00fd 19.&nbsp;z\u00e1\u0159\u00ed 2023 nebude z&nbsp;provozn\u00edch d\u016fvod\u016f mo\u017en\u00e9 v&nbsp;\u010dase od 7.30 do 16.00 vyu\u017e\u00edt slu\u017eby v\u00fddejny parkovac\u00edch opr\u00e1vn\u011bn\u00ed v&nbsp;IC Milady Hor\u00e1kov\u00e9 2.<\/p>\r\n<p>[\/perex]<\/p>\r\n<p>Agendu parkovac\u00edch opr\u00e1vn\u011bn\u00ed si m\u016f\u017eete vy\u0159\u00eddit na pracovi\u0161ti v&nbsp;p\u0159\u00edzem\u00ed \u00da\u0159adu M\u010c Praha&nbsp;7 (U&nbsp;Pr\u016fhonu 38), v&nbsp;\u010dase 7.30\u201312.00 a&nbsp;13.00\u201315.00 (kompletn\u00ed \u00fa\u0159edn\u00ed hodiny najdete <a href=\"https:\/\/www.praha7.cz\/radnice\/organizacni-struktura\/odbor-spravnich-agend\/oddeleni-sluzeb-obcanum\/pracoviste-ic-u-pruhonu-38\/\">zde<\/a>).<\/p>\r\n<p>Omlouv\u00e1me se za komplikace a&nbsp;d\u011bkujeme za pochopen\u00ed.<\/p>","protected":false},"excerpt":{"rendered":"[perex] Upozor\u0148ujeme ob\u010dany, \u017ee v&nbsp;\u00fater\u00fd 19.&nbsp;z\u00e1\u0159\u00ed 2023 nebude z&nbsp;provozn\u00edch d\u016fvod\u016f mo\u017en\u00e9 v&nbsp;\u010dase od 7.30 do 16.00 vyu\u017e\u00edt slu\u017eby v\u00fddejny parkovac\u00edch opr\u00e1vn\u011bn\u00ed v&nbsp;IC Milady Hor\u00e1kov\u00e9 2. [\/perex] Agendu parkovac\u00edch opr\u00e1vn\u011bn\u00ed si m\u016f\u017eete vy\u0159\u00eddit na pracovi\u0161ti v&nbsp;p\u0159\u00edzem\u00ed \u00da\u0159adu M\u010c Praha&nbsp;7 (U&nbsp;Pr\u016fhonu 38), v&nbsp;\u010dase 7.30\u201312.00 a&nbsp;13.00\u201315.00 (kompletn\u00ed \u00fa\u0159edn\u00ed hodiny najdete zde). Omlouv\u00e1me se za komplikace a&nbsp;d\u011bkujeme za pochopen\u00ed.","protected":false},"author":5,"featured_media":37003,"comment_status":"closed","ping_status":"open","sticky":false,"template":"","format":"standard","meta":[],"categories":[34],"tags":[],"_links":{"self":[{"href":"https:\/\/www.praha7.cz\/api\/wp\/v2\/posts\/69881"}],"collection":[{"href":"https:\/\/www.praha7.cz\/api\/wp\/v2\/posts"}],"about":[{"href":"https:\/\/www.praha7.cz\/api\/wp\/v2\/types\/post"}],"author":[{"embeddable":true,"href":"https:\/\/www.praha7.cz\/api\/wp\/v2\/users\/5"}],"replies":[{"embeddable":true,"href":"https:\/\/www.praha7.cz\/api\/wp\/v2\/comments?post=69881"}],"version-history":[{"count":2,"href":"https:\/\/www.praha7.cz\/api\/wp\/v2\/posts\/69881\/revisions"}],"predecessor-version":[{"id":69885,"href":"https:\/\/www.praha7.cz\/api\/wp\/v2\/posts\/69881\/revisions\/69885"}],"wp:featuredmedia":[{"embeddable":true,"href":"https:\/\/www.praha7.cz\/api\/wp\/v2\/media\/37003"}],"wp:attachment":[{"href":"https:\/\/www.praha7.cz\/api\/wp\/v2\/media?parent=69881"}],"wp:term":[{"taxonomy":"category","embeddable":true,"href":"https:\/\/www.praha7.cz\/api\/wp\/v2\/categories?post=69881"},{"taxonomy":"post_tag","embeddable":true,"href":"https:\/\/www.praha7.cz\/api\/wp\/v2\/tags?post=69881"}],"curies":[{"name":"wp","href":"https:\/\/api.w.org\/{rel}","templated":true}]}}