    
{"id":69873,"date":"2023-09-13T16:59:19","date_gmt":"2023-09-13T14:59:19","guid":{"rendered":"https:\/\/www.praha7.cz\/?p=69873"},"modified":"2023-09-13T16:59:19","modified_gmt":"2023-09-13T14:59:19","slug":"zapis-do-nove-detske-skupiny-ve-veletrzni-ulici","status":"publish","type":"post","link":"https:\/\/www.praha7.cz\/zapis-do-nove-detske-skupiny-ve-veletrzni-ulici\/","title":{"rendered":"Z\u00e1pis do nov\u00e9 d\u011btsk\u00e9 skupiny ve Veletr\u017en\u00ed ulici"},"content":{"rendered":"<p>[perex]<\/p>\r\n<p>V\u00a0\u00fater\u00fd 19.&nbsp;z\u00e1\u0159\u00ed 2023 bude prob\u00edhat z\u00e1pis do nov\u00e9 d\u011btsk\u00e9 skupiny Kulihr\u00e1\u0161ek. Z\u00e1pis se kon\u00e1 od 14.00 do 16.30 v&nbsp;Mate\u0159sk\u00e9 \u0161kole Kosteln\u00ed (Kosteln\u00ed 37\/7).<\/p>\r\n<p>Ve\u0161ker\u00e9 pot\u0159ebn\u00e9 informace a&nbsp;dokumenty k\u00a0z\u00e1pisu najdete na <a href=\"https:\/\/www.mskostelni.cz\/aktuality\/detska-skupina-kulihrasek\/\">webu \u0161kolky<\/a>.<\/p>\r\n<p>[\/perex]<\/p>\r\n<p>M\u010c Praha&nbsp;7 z\u0159\u00eddila novou d\u011btskou skupinu Kulihr\u00e1\u0161ek na adrese Veletr\u017en\u00ed 505\/33. V\u00a0provozu bude ka\u017ed\u00fd pracovn\u00ed den od 8:00 do 16:00 hodin a&nbsp;d\u011bti zde budou m\u00edt podobn\u00fd re\u017eim jako ve \u0161kolce.<\/p>\r\n<p>D\u011btsk\u00e1 skupina je ur\u010dena pro d\u011bti zpravidla od t\u0159\u00ed let do za\u010d\u00e1tku \u0161koln\u00ed doch\u00e1zky. Upozor\u0148ujeme rodi\u010de, \u017ee s\u00a0ohledem na novou legislativu, kter\u00e1 ve\u0161la v\u00a0platnost v&nbsp;pr\u016fb\u011bhu tohoto l\u00e9ta, bohu\u017eel aktu\u00e1ln\u011b nebude mo\u017en\u00e9 p\u0159ij\u00edmat d\u011bti v\u00fdrazn\u011b mlad\u0161\u00ed t\u0159\u00ed let.<\/p>\r\n<p>V p\u0159\u00edpad\u011b dotaz\u016f se obracejte na <a href=\"https:\/\/www.praha7.cz\/radnice\/organizacni-struktura\/odbor-vzdelavani-a-projektoveho-rizeni\/oddeleni-vzdelavani\/\">odd\u011blen\u00ed vzd\u011bl\u00e1v\u00e1n\u00ed<\/a>.<\/p>","protected":false},"excerpt":{"rendered":"[perex] V\u00a0\u00fater\u00fd 19.&nbsp;z\u00e1\u0159\u00ed 2023 bude prob\u00edhat z\u00e1pis do nov\u00e9 d\u011btsk\u00e9 skupiny Kulihr\u00e1\u0161ek. Z\u00e1pis se kon\u00e1 od 14.00 do 16.30 v&nbsp;Mate\u0159sk\u00e9 \u0161kole Kosteln\u00ed (Kosteln\u00ed 37\/7). Ve\u0161ker\u00e9 pot\u0159ebn\u00e9 informace a&nbsp;dokumenty k\u00a0z\u00e1pisu najdete na webu \u0161kolky. [\/perex] M\u010c Praha&nbsp;7 z\u0159\u00eddila novou d\u011btskou skupinu Kulihr\u00e1\u0161ek na adrese Veletr\u017en\u00ed 505\/33. V\u00a0provozu bude ka\u017ed\u00fd pracovn\u00ed den od 8:00 do 16:00 hodin [&hellip;]","protected":false},"author":5,"featured_media":69874,"comment_status":"closed","ping_status":"open","sticky":false,"template":"","format":"standard","meta":[],"categories":[34],"tags":[],"_links":{"self":[{"href":"https:\/\/www.praha7.cz\/api\/wp\/v2\/posts\/69873"}],"collection":[{"href":"https:\/\/www.praha7.cz\/api\/wp\/v2\/posts"}],"about":[{"href":"https:\/\/www.praha7.cz\/api\/wp\/v2\/types\/post"}],"author":[{"embeddable":true,"href":"https:\/\/www.praha7.cz\/api\/wp\/v2\/users\/5"}],"replies":[{"embeddable":true,"href":"https:\/\/www.praha7.cz\/api\/wp\/v2\/comments?post=69873"}],"version-history":[{"count":2,"href":"https:\/\/www.praha7.cz\/api\/wp\/v2\/posts\/69873\/revisions"}],"predecessor-version":[{"id":69890,"href":"https:\/\/www.praha7.cz\/api\/wp\/v2\/posts\/69873\/revisions\/69890"}],"wp:featuredmedia":[{"embeddable":true,"href":"https:\/\/www.praha7.cz\/api\/wp\/v2\/media\/69874"}],"wp:attachment":[{"href":"https:\/\/www.praha7.cz\/api\/wp\/v2\/media?parent=69873"}],"wp:term":[{"taxonomy":"category","embeddable":true,"href":"https:\/\/www.praha7.cz\/api\/wp\/v2\/categories?post=69873"},{"taxonomy":"post_tag","embeddable":true,"href":"https:\/\/www.praha7.cz\/api\/wp\/v2\/tags?post=69873"}],"curies":[{"name":"wp","href":"https:\/\/api.w.org\/{rel}","templated":true}]}}