    
{"id":69835,"date":"2023-09-11T15:46:15","date_gmt":"2023-09-11T13:46:15","guid":{"rendered":"https:\/\/www.praha7.cz\/?p=69835"},"modified":"2023-09-11T15:47:15","modified_gmt":"2023-09-11T13:47:15","slug":"poliklinika-prahy-7-hleda-zdravotni-sestru-porodni-asistentku-pro-oddeleni-gynekologie","status":"publish","type":"post","link":"https:\/\/www.praha7.cz\/poliklinika-prahy-7-hleda-zdravotni-sestru-porodni-asistentku-pro-oddeleni-gynekologie\/","title":{"rendered":"Poliklinika Prahy&nbsp;7 hled\u00e1 zdravotn\u00ed sestru pro ordinaci gynekologie"},"content":{"rendered":"<p>[perex]<\/p>\r\n<p>Poliklinika Prahy&nbsp;7 hled\u00e1 zdravotn\u00ed sestru\/porodn\u00ed asistentku pro ordinaci gynekologie na cel\u00fd \u010di zkr\u00e1cen\u00fd \u00favazek.<\/p>\r\n<p>[\/perex]<\/p>\r\n<p><strong>Poliklinika Prahy\u00a07 nab\u00edz\u00ed:<\/strong><\/p>\r\n<ul>\r\n\t<li>zavedenou a&nbsp;pln\u011b vybavenou ordinaci v&nbsp;centru Prahy \u2013 na Letn\u00e9<\/li>\r\n\t<li>jednosm\u011bnn\u00fd provoz, mo\u017enost cel\u00e9ho\/zkr\u00e1cen\u00e9ho \u00favazku<\/li>\r\n\t<li>p\u0159\u00e1telsk\u00fd kolektiv a&nbsp;z\u00e1zem\u00ed Polikliniky M\u011bstsk\u00e9 \u010d\u00e1sti Praha&nbsp;7<\/li>\r\n\t<li>dobr\u00e9 platov\u00e9 ohodnocen\u00ed<\/li>\r\n\t<li>5 dn\u016f placen\u00e9ho volna \u2013 tzv. \u201esick days\u201c<\/li>\r\n\t<li>5 t\u00fddn\u016f dovolen\u00e9, stravenky, benefitn\u00ed karta<\/li>\r\n\t<li>placen\u00e9 volno na vzd\u011bl\u00e1vac\u00ed akce<\/li>\r\n\t<li>mo\u017enost slu\u017eebn\u00edho bytu v&nbsp;centru Prahy<\/li>\r\n<\/ul>\r\n<p>&nbsp;<\/p>\r\n<p><strong>Poliklinika Prahy&nbsp;7 po\u017eaduje:<\/strong>\u00a0<\/p>\r\n<ul>\r\n\t<li>odbornou zp\u016fsobilost dle z\u00e1kona \u010d.96\/2004Sb.<\/li>\r\n\t<li>s prax\u00ed \u010di po ukon\u010den\u00ed odborn\u00e9ho vzd\u011bl\u00e1n\u00ed<\/li>\r\n\t<li>schopnost jednat s&nbsp;lidmi<\/li>\r\n\t<li>samostatnost, spolehlivost, pe\u010dlivost<\/li>\r\n\t<li>n\u00e1stup mo\u017en\u00fd ihned\/dle dohody<\/li>\r\n<\/ul>\r\n<hr \/>\r\n<p><strong>V p\u0159\u00edpad\u011b z\u00e1jmu kontaktuje provozn\u00ed a&nbsp;person\u00e1ln\u00ed mana\u017eerku Martinu Baierovou, e-mail: <a href=\"mailto:sekretariat@pp7.cz\">sekretariat@pp7.cz<\/a>; tel: 270&nbsp;005&nbsp;667<\/strong><\/p>","protected":false},"excerpt":{"rendered":"[perex] Poliklinika Prahy&nbsp;7 hled\u00e1 zdravotn\u00ed sestru\/porodn\u00ed asistentku pro ordinaci gynekologie na cel\u00fd \u010di zkr\u00e1cen\u00fd \u00favazek. [\/perex] Poliklinika Prahy\u00a07 nab\u00edz\u00ed: zavedenou a&nbsp;pln\u011b vybavenou ordinaci v&nbsp;centru Prahy \u2013 na Letn\u00e9 jednosm\u011bnn\u00fd provoz, mo\u017enost cel\u00e9ho\/zkr\u00e1cen\u00e9ho \u00favazku p\u0159\u00e1telsk\u00fd kolektiv a&nbsp;z\u00e1zem\u00ed Polikliniky M\u011bstsk\u00e9 \u010d\u00e1sti Praha&nbsp;7 dobr\u00e9 platov\u00e9 ohodnocen\u00ed 5 dn\u016f placen\u00e9ho volna \u2013 tzv. \u201esick days\u201c 5 t\u00fddn\u016f dovolen\u00e9, stravenky, [&hellip;]","protected":false},"author":5,"featured_media":59126,"comment_status":"closed","ping_status":"open","sticky":false,"template":"","format":"standard","meta":[],"categories":[34],"tags":[],"_links":{"self":[{"href":"https:\/\/www.praha7.cz\/api\/wp\/v2\/posts\/69835"}],"collection":[{"href":"https:\/\/www.praha7.cz\/api\/wp\/v2\/posts"}],"about":[{"href":"https:\/\/www.praha7.cz\/api\/wp\/v2\/types\/post"}],"author":[{"embeddable":true,"href":"https:\/\/www.praha7.cz\/api\/wp\/v2\/users\/5"}],"replies":[{"embeddable":true,"href":"https:\/\/www.praha7.cz\/api\/wp\/v2\/comments?post=69835"}],"version-history":[{"count":3,"href":"https:\/\/www.praha7.cz\/api\/wp\/v2\/posts\/69835\/revisions"}],"predecessor-version":[{"id":69840,"href":"https:\/\/www.praha7.cz\/api\/wp\/v2\/posts\/69835\/revisions\/69840"}],"wp:featuredmedia":[{"embeddable":true,"href":"https:\/\/www.praha7.cz\/api\/wp\/v2\/media\/59126"}],"wp:attachment":[{"href":"https:\/\/www.praha7.cz\/api\/wp\/v2\/media?parent=69835"}],"wp:term":[{"taxonomy":"category","embeddable":true,"href":"https:\/\/www.praha7.cz\/api\/wp\/v2\/categories?post=69835"},{"taxonomy":"post_tag","embeddable":true,"href":"https:\/\/www.praha7.cz\/api\/wp\/v2\/tags?post=69835"}],"curies":[{"name":"wp","href":"https:\/\/api.w.org\/{rel}","templated":true}]}}