    
{"id":69817,"date":"2023-09-11T10:17:55","date_gmt":"2023-09-11T08:17:55","guid":{"rendered":"https:\/\/www.praha7.cz\/?p=69817"},"modified":"2023-09-11T12:19:40","modified_gmt":"2023-09-11T10:19:40","slug":"pocitacove-a-jazykove-kurzy-pro-seniory","status":"publish","type":"post","link":"https:\/\/www.praha7.cz\/pocitacove-a-jazykove-kurzy-pro-seniory\/","title":{"rendered":"Po\u010d\u00edta\u010dov\u00e9 a&nbsp;jazykov\u00e9 kurzy pro seniory"},"content":{"rendered":"<p>[perex]<\/p>\r\n<p>Seniory star\u0161\u00ed 60 let s&nbsp;trval\u00fdm bydli\u0161t\u011bm na Sedmi\u010dce zveme na po\u010d\u00edta\u010dov\u00e9 a&nbsp;jazykov\u00e9 kurzy. Kurzy se budou konat ve vzd\u011bl\u00e1vac\u00edm a&nbsp;kulturn\u00edm centru <a href=\"https:\/\/centrum.elpida.cz\/pobocka-pristav\" target=\"_blank\" rel=\"noopener\">P\u0159\u00edstav 7<\/a> (Jankovcova 8b). Registrace na kurzy bude prob\u00edhat v&nbsp;p\u00e1tek 15.&nbsp;z\u00e1\u0159\u00ed 2023 od 9.00 do 13.00, pouze osobn\u011b v&nbsp;P\u0159\u00edstavu 7.<\/p>\r\n<p>[\/perex]<\/p>\r\n<p><strong>Rozvrh kurz\u016f a&nbsp;v\u00edce informac\u00ed k&nbsp;z\u00e1pisu najdete <a href=\"https:\/\/www.praha7.cz\/volny-cas-prehled\/seniori\/kurzy-pro-seniory-v-pristavu-7\/\" target=\"_blank\" rel=\"noopener\">zde<\/a>.<\/strong> <br \/>\r\nRegistrace na kurzy je omezena na jeden kurz na osobu. Z\u00e1jemce p\u0159i registraci uhrad\u00ed jednor\u00e1zov\u00fd regula\u010dn\u00ed poplatek ve v\u00fd\u0161i 50&nbsp;K\u010d. \u00da\u010dast na kurzech je zdarma. T\u011b\u0161\u00edme se na v\u00e1s!<\/p>\r\n<p>&nbsp;<\/p>","protected":false},"excerpt":{"rendered":"[perex] Seniory star\u0161\u00ed 60 let s&nbsp;trval\u00fdm bydli\u0161t\u011bm na Sedmi\u010dce zveme na po\u010d\u00edta\u010dov\u00e9 a&nbsp;jazykov\u00e9 kurzy. Kurzy se budou konat ve vzd\u011bl\u00e1vac\u00edm a&nbsp;kulturn\u00edm centru P\u0159\u00edstav 7 (Jankovcova 8b). Registrace na kurzy bude prob\u00edhat v&nbsp;p\u00e1tek 15.&nbsp;z\u00e1\u0159\u00ed 2023 od 9.00 do 13.00, pouze osobn\u011b v&nbsp;P\u0159\u00edstavu 7. [\/perex] Rozvrh kurz\u016f a&nbsp;v\u00edce informac\u00ed k&nbsp;z\u00e1pisu najdete zde. Registrace na kurzy je omezena [&hellip;]","protected":false},"author":251,"featured_media":69818,"comment_status":"closed","ping_status":"open","sticky":false,"template":"","format":"standard","meta":[],"categories":[34],"tags":[],"_links":{"self":[{"href":"https:\/\/www.praha7.cz\/api\/wp\/v2\/posts\/69817"}],"collection":[{"href":"https:\/\/www.praha7.cz\/api\/wp\/v2\/posts"}],"about":[{"href":"https:\/\/www.praha7.cz\/api\/wp\/v2\/types\/post"}],"author":[{"embeddable":true,"href":"https:\/\/www.praha7.cz\/api\/wp\/v2\/users\/251"}],"replies":[{"embeddable":true,"href":"https:\/\/www.praha7.cz\/api\/wp\/v2\/comments?post=69817"}],"version-history":[{"count":5,"href":"https:\/\/www.praha7.cz\/api\/wp\/v2\/posts\/69817\/revisions"}],"predecessor-version":[{"id":69830,"href":"https:\/\/www.praha7.cz\/api\/wp\/v2\/posts\/69817\/revisions\/69830"}],"wp:featuredmedia":[{"embeddable":true,"href":"https:\/\/www.praha7.cz\/api\/wp\/v2\/media\/69818"}],"wp:attachment":[{"href":"https:\/\/www.praha7.cz\/api\/wp\/v2\/media?parent=69817"}],"wp:term":[{"taxonomy":"category","embeddable":true,"href":"https:\/\/www.praha7.cz\/api\/wp\/v2\/categories?post=69817"},{"taxonomy":"post_tag","embeddable":true,"href":"https:\/\/www.praha7.cz\/api\/wp\/v2\/tags?post=69817"}],"curies":[{"name":"wp","href":"https:\/\/api.w.org\/{rel}","templated":true}]}}