    
{"id":69813,"date":"2023-09-12T11:05:09","date_gmt":"2023-09-12T09:05:09","guid":{"rendered":"https:\/\/www.praha7.cz\/?p=69813"},"modified":"2023-09-29T12:15:50","modified_gmt":"2023-09-29T10:15:50","slug":"v-jankovcove-ulici-je-otevrena-zahrada-tamira-wintersteina","status":"publish","type":"post","link":"https:\/\/www.praha7.cz\/v-jankovcove-ulici-je-otevrena-zahrada-tamira-wintersteina\/","title":{"rendered":"V Jankovcov\u011b ulici je otev\u0159en park Tamira Wintersteina"},"content":{"rendered":"<p>[perex]<\/p>\r\n<p>Na konci srpna 2023 byla v&nbsp;Jankovcov\u011b ulici v&nbsp;sousedstv\u00ed projektu Prague Marina Nova otev\u0159en nov\u00fd park. M\u00edsto pro setk\u00e1v\u00e1n\u00ed v&nbsp;pra\u017esk\u00fdch Hole\u0161ovic\u00edch je poctou developerovi a&nbsp;filantropovi Tamiru Wintersteinovi. Dominantou nov\u00e9ho parku jsou t\u0159i betonov\u00e9 objekty \u2013 k\u0159eslo, stoli\u010dka a&nbsp;lampa. Nep\u0159ehl\u00e9dnuteln\u00e9 prvky v&nbsp;nad\u017eivotn\u00ed velikosti, kter\u00e9 propojuj\u00ed jednotliv\u00e9 \u010d\u00e1sti prostoru, jsou vyti\u0161t\u011bny pomoc\u00ed technologie 3D tisku ultra-vysokohodnotn\u00e9ho betonu.\u00a0<\/p>\r\n<p>[\/perex]<\/p>\r\n<p>V\u00edce informac\u00ed naleznete v&nbsp;<a href=\"https:\/\/www.praha7.cz\/wp-content\/uploads\/2023\/09\/TZ_Tamiruv-park-a-PMN_Daramis_25_9_2023.pdf\">tiskov\u00e9 zpr\u00e1v\u011b spol. Daramis<\/a>.<\/p>\r\n<p>&nbsp;<\/p>\r\n<p><img loading=\"lazy\" src=\"https:\/\/www.praha7.cz\/wp-content\/uploads\/2023\/09\/Foto_zidle-a-projekt_small-1500x1000.jpg\" alt=\"\" width=\"640\" height=\"427\" class=\"alignnone size-large wp-image-70206\" srcset=\"https:\/\/www.praha7.cz\/wp-content\/uploads\/2023\/09\/Foto_zidle-a-projekt_small-1500x1000.jpg 1500w, https:\/\/www.praha7.cz\/wp-content\/uploads\/2023\/09\/Foto_zidle-a-projekt_small-600x400.jpg 600w, https:\/\/www.praha7.cz\/wp-content\/uploads\/2023\/09\/Foto_zidle-a-projekt_small-768x512.jpg 768w, https:\/\/www.praha7.cz\/wp-content\/uploads\/2023\/09\/Foto_zidle-a-projekt_small-1536x1024.jpg 1536w, https:\/\/www.praha7.cz\/wp-content\/uploads\/2023\/09\/Foto_zidle-a-projekt_small-2048x1365.jpg 2048w\" sizes=\"(max-width: 640px) 100vw, 640px\" \/><\/p>","protected":false},"excerpt":{"rendered":"[perex] Na konci srpna 2023 byla v&nbsp;Jankovcov\u011b ulici v&nbsp;sousedstv\u00ed projektu Prague Marina Nova otev\u0159en nov\u00fd park. M\u00edsto pro setk\u00e1v\u00e1n\u00ed v&nbsp;pra\u017esk\u00fdch Hole\u0161ovic\u00edch je poctou developerovi a&nbsp;filantropovi Tamiru Wintersteinovi. Dominantou nov\u00e9ho parku jsou t\u0159i betonov\u00e9 objekty \u2013 k\u0159eslo, stoli\u010dka a&nbsp;lampa. Nep\u0159ehl\u00e9dnuteln\u00e9 prvky v&nbsp;nad\u017eivotn\u00ed velikosti, kter\u00e9 propojuj\u00ed jednotliv\u00e9 \u010d\u00e1sti prostoru, jsou vyti\u0161t\u011bny pomoc\u00ed technologie 3D tisku ultra-vysokohodnotn\u00e9ho betonu.\u00a0 [&hellip;]","protected":false},"author":251,"featured_media":69815,"comment_status":"closed","ping_status":"open","sticky":false,"template":"","format":"standard","meta":[],"categories":[34],"tags":[],"_links":{"self":[{"href":"https:\/\/www.praha7.cz\/api\/wp\/v2\/posts\/69813"}],"collection":[{"href":"https:\/\/www.praha7.cz\/api\/wp\/v2\/posts"}],"about":[{"href":"https:\/\/www.praha7.cz\/api\/wp\/v2\/types\/post"}],"author":[{"embeddable":true,"href":"https:\/\/www.praha7.cz\/api\/wp\/v2\/users\/251"}],"replies":[{"embeddable":true,"href":"https:\/\/www.praha7.cz\/api\/wp\/v2\/comments?post=69813"}],"version-history":[{"count":7,"href":"https:\/\/www.praha7.cz\/api\/wp\/v2\/posts\/69813\/revisions"}],"predecessor-version":[{"id":70210,"href":"https:\/\/www.praha7.cz\/api\/wp\/v2\/posts\/69813\/revisions\/70210"}],"wp:featuredmedia":[{"embeddable":true,"href":"https:\/\/www.praha7.cz\/api\/wp\/v2\/media\/69815"}],"wp:attachment":[{"href":"https:\/\/www.praha7.cz\/api\/wp\/v2\/media?parent=69813"}],"wp:term":[{"taxonomy":"category","embeddable":true,"href":"https:\/\/www.praha7.cz\/api\/wp\/v2\/categories?post=69813"},{"taxonomy":"post_tag","embeddable":true,"href":"https:\/\/www.praha7.cz\/api\/wp\/v2\/tags?post=69813"}],"curies":[{"name":"wp","href":"https:\/\/api.w.org\/{rel}","templated":true}]}}