    
{"id":69787,"date":"2023-09-08T10:39:28","date_gmt":"2023-09-08T08:39:28","guid":{"rendered":"https:\/\/www.praha7.cz\/?p=69787"},"modified":"2023-09-08T10:53:51","modified_gmt":"2023-09-08T08:53:51","slug":"hledate-zajimavou-praci-v-oddeleni-zony-placeneho-stani-a-prestupku-5","status":"publish","type":"post","link":"https:\/\/www.praha7.cz\/hledate-zajimavou-praci-v-oddeleni-zony-placeneho-stani-a-prestupku-5\/","title":{"rendered":"Hled\u00e1te zaj\u00edmavou pr\u00e1ci v&nbsp;odd\u011blen\u00ed z\u00f3ny placen\u00e9ho st\u00e1n\u00ed a&nbsp;p\u0159estupk\u016f?"},"content":{"rendered":"<p>[perex]<\/p>\r\n<p>\u00da\u0159ad Prahy&nbsp;7 sh\u00e1n\u00ed do sv\u00e9ho t\u00fdmu kolegu\/kolegyni na pozici referent\/ka odd\u011blen\u00ed z\u00f3ny placen\u00e9ho st\u00e1n\u00ed a&nbsp;p\u0159estupk\u016f na Odboru dopravy. Jste zodpov\u011bdn\u00ed, pe\u010dliv\u00ed a\u00a0c\u00edt\u00edte se pevn\u00ed v\u00a0kramflec\u00edch p\u0159i komunikaci s\u00a0lidmi? Vynik\u00e1te organiza\u010dn\u00edm talentem a\u00a0hled\u00e1te uplatn\u011bn\u00ed? M\u00e1te z\u00e1jem pracovat v\u00a0dynamicky se rozv\u00edjej\u00edc\u00ed m\u011bstsk\u00e9 \u010d\u00e1sti pro \u00fa\u0159ad s\u00a0tak trochu jin\u00fdm p\u0159\u00edstupem? Nev\u00e1hejte a&nbsp;p\u0159ihlaste se do na\u0161eho v\u00fdb\u011brov\u00e9ho \u0159\u00edzen\u00ed.<\/p>\r\n<p>[\/perex]<\/p>\r\n<h3>Co u&nbsp;n\u00e1s budete d\u011blat?<\/h3>\r\n<p>Zaji\u0161\u0165ov\u00e1n\u00ed v\u00fdkonu p\u0159estupkov\u00e9 agendy na \u00faseku dopravn\u011b spr\u00e1vn\u00edch agend v&nbsp;souladu se z\u00e1konem \u010d. 250\/2016 Sb., o&nbsp;odpov\u011bdnosti za p\u0159estupky a&nbsp;\u0159\u00edzen\u00ed o&nbsp;nich a&nbsp;z\u00e1konem \u010d. 500\/2004 Sb., spr\u00e1vn\u00ed \u0159\u00e1d.<\/p>\r\n<h3><\/h3>\r\n<h3>Co od v\u00e1s o\u010dek\u00e1v\u00e1me?<\/h3>\r\n<ul>\r\n\t<li>vysoko\u0161kolsk\u00e9 vzd\u011bl\u00e1n\u00ed v&nbsp;bakal\u00e1\u0159sk\u00e9m studijn\u00edm programu nebo vy\u0161\u0161\u00ed odborn\u00e9 vzd\u011bl\u00e1n\u00ed<\/li>\r\n\t<li>znalost z\u00e1kona \u010d. 500\/2004 Sb., spr\u00e1vn\u00ed \u0159\u00e1d<\/li>\r\n\t<li>znalost z\u00e1kona \u010d. 250\/2016 Sb. o&nbsp;odpov\u011bdnosti za p\u0159estupky<\/li>\r\n\t<li>aktivn\u00ed znalost pr\u00e1ce na PC (Word, Excel, Internet)<\/li>\r\n\t<li>organiza\u010dn\u00ed a&nbsp;komunika\u010dn\u00ed schopnosti, pe\u010dlivost, samostatnost, psychick\u00e1 odolnost<\/li>\r\n\t<li>praxe ve ve\u0159ejn\u00e9 spr\u00e1v\u011b a&nbsp;zkou\u0161ka zvl\u00e1\u0161tn\u00ed odborn\u00e9 zp\u016fsobilosti na \u00faseku p\u0159estupk\u016f v\u00fdhodou<\/li>\r\n\t<li>schopnost samostatn\u00e9ho rozhodov\u00e1n\u00ed a&nbsp;jedn\u00e1n\u00ed s&nbsp;ob\u010dany<\/li>\r\n\t<li>p\u0159esnost, pe\u010dlivost, dobr\u00e9 vyjad\u0159ovac\u00ed schopnosti jak v&nbsp;mluven\u00e9m, tak p\u00edsemn\u00e9m projevu<\/li>\r\n\t<li>znalost sv\u011btov\u00e9ho jazyka (AJ, NJ) v\u00fdhodou<\/li>\r\n<\/ul>\r\n<h3><\/h3>\r\n<h3>Co v\u00e1m nab\u00edz\u00edme?<\/h3>\r\n<p>Pracovn\u00ed pom\u011br na dobu neur\u010ditou. N\u00e1stupn\u00ed plat v&nbsp;10.&nbsp;platov\u00e9 t\u0159\u00edd\u011b a\u017e do v\u00fd\u0161e 34&nbsp;370,- K\u010d podle d\u00e9lky odborn\u00e9 praxe. Po zku\u0161ebn\u00ed dob\u011b osobn\u00ed p\u0159\u00edplatek a\u017e do v\u00fd\u0161e 100&nbsp;% maxim\u00e1ln\u00edho n\u00e1stupn\u00edho platu.<\/p>\r\n<table width=\"1109\" height=\"217\" style=\"color: black !important; font-weight: normal !important;\">\r\n<tbody>\r\n<tr>\r\n<td style=\"height: 0px; text-align: center;\"><\/td>\r\n<td style=\"height: 0px; text-align: center;\"><\/td>\r\n<td style=\"height: 0px; text-align: center;\"><\/td>\r\n<\/tr>\r\n<tr>\r\n<td style=\"width: 361px; text-align: center;\">\r\n<p><img loading=\"lazy\" src=\"https:\/\/www.praha7.cz\/wp-content\/uploads\/2018\/11\/rust.jpg\" alt=\"\" width=\"99\" height=\"96\" class=\"alignnone size-full wp-image-21382\" \/><\/p>\r\n<span style=\"font-weight: normal !important; color: black !important;\">Platov\u00e9 ohodnocen\u00ed, kter\u00e9 roste spolu s&nbsp;v\u00e1mi.<\/span><\/td>\r\n<td style=\"width: 363px; text-align: center;\">\r\n<p><img loading=\"lazy\" src=\"https:\/\/www.praha7.cz\/wp-content\/uploads\/2018\/11\/benefit.jpg\" alt=\"\" width=\"99\" height=\"96\" class=\"alignnone size-full wp-image-21381\" \/><\/p>\r\n<span style=\"font-weight: normal !important; color: black !important;\">\u0160irokou \u0161k\u00e1lu benefit\u016f, kter\u00e9 p\u0159ich\u00e1zej\u00ed ve spr\u00e1vn\u00fd \u010das.<\/span><\/td>\r\n<td style=\"width: 363px; text-align: center;\">\r\n<p><img loading=\"lazy\" src=\"https:\/\/www.praha7.cz\/wp-content\/uploads\/2018\/11\/dovolena.jpg\" alt=\"\" width=\"99\" height=\"96\" class=\"alignnone size-full wp-image-21383\" \/><\/p>\r\n<span style=\"font-weight: normal !important; color: black !important;\">5 t\u00fddn\u016f dovolen\u00e9, na kterou nebudete cht\u00edt odjet.<\/span><\/td>\r\n<\/tr>\r\n<tr>\r\n<td style=\"width: 361px; text-align: center;\">\r\n<p><img loading=\"lazy\" src=\"https:\/\/www.praha7.cz\/wp-content\/uploads\/2018\/11\/vzdelavani.jpg\" alt=\"\" width=\"142\" height=\"96\" class=\"alignnone size-full wp-image-21384\" \/><\/p>\r\n<span style=\"font-weight: normal !important; color: black !important;\">Mo\u017enost dal\u0161\u00edho vzd\u011bl\u00e1v\u00e1n\u00ed, abyste se ve sv\u011bt\u011b neztratili.<\/span><\/td>\r\n<td style=\"width: 363px; text-align: center;\">\r\n<p><img loading=\"lazy\" src=\"https:\/\/www.praha7.cz\/wp-content\/uploads\/2018\/11\/inspirace.jpg\" alt=\"\" width=\"99\" height=\"96\" class=\"alignnone size-full wp-image-21385\" \/><\/p>\r\n<span style=\"font-weight: normal !important; color: black !important;\">Pr\u00e1ci v&nbsp;inspirativn\u00edm kolektivu, kde se p\u0159ed n\u00e1pady nezav\u00edraj\u00ed o\u010di.<\/span><\/td>\r\n<td style=\"width: 363px; text-align: center;\">\r\n<p><img loading=\"lazy\" src=\"https:\/\/www.praha7.cz\/wp-content\/uploads\/2018\/11\/perspektiva.jpg\" alt=\"\" width=\"99\" height=\"96\" class=\"alignnone size-full wp-image-21386\" \/><\/p>\r\n<span style=\"font-weight: normal !important; color: black !important;\">Perspektivn\u00ed zam\u011bstn\u00e1n\u00ed, kde pom\u00e1h\u00e1te m\u011bnit sv\u011bt kolem sebe.<\/span><\/td>\r\n<\/tr>\r\n<\/tbody>\r\n<\/table>\r\n<p>&nbsp;<\/p>\r\n<h3>Jak se k\u00a0n\u00e1m dostanete?<\/h3>\r\n<p>P\u0159ihl\u00e1\u0161ku a&nbsp;souhlas se zpracov\u00e1n\u00edm osobn\u00edch \u00fadaj\u016f (naleznete ve <a href=\"https:\/\/www.praha7.cz\/radnice\/povinne-zverejnovane-informace\/formulare\/\">Formul\u00e1\u0159\u00edch Odboru person\u00e1ln\u00edch \u010dinnost\u00ed<\/a>) v\u010detn\u011b strukturovan\u00e9ho \u017eivotopisu, v\u00fdpisu z\u00a0evidence Rejst\u0159\u00edku trest\u016f a\u00a0ov\u011b\u0159en\u00e9 kopie dokladu o\u00a0nejvy\u0161\u0161\u00edm dosa\u017een\u00e9m vzd\u011bl\u00e1n\u00ed je mo\u017en\u00e9 osobn\u011b doru\u010dit v\u00a0\u00fa\u0159edn\u00edch hodin\u00e1ch do podatelny \u00da\u0159adu M\u010c Praha\u00a07 nebo zaslat na n\u00ed\u017ee uvedenou adresu\u00a0<span style=\"color: #ff0000;\"><strong>nejpozd\u011bji do 29.&nbsp;9.&nbsp;2023<\/strong><\/span>.<\/p>\r\n<p>&nbsp;<\/p>\r\n<p><strong>Vznik pracovn\u00edho pom\u011bru dle dohody.<\/strong><\/p>\r\n<p>&nbsp;<\/p>\r\n<p><em>M\u011bstsk\u00e1 \u010d\u00e1st Praha&nbsp;7<\/em><\/p>\r\n<p><em>\u00da\u0159ad m\u011bstsk\u00e9 \u010d\u00e1sti Praha&nbsp;7<\/em><\/p>\r\n<p><em>Odbor person\u00e1ln\u00edch \u010dinnost\u00ed<\/em><\/p>\r\n<p><em>U Pr\u016fhonu 1338\/38<\/em><\/p>\r\n<p><em>170&nbsp;00 Praha&nbsp;7<\/em><\/p>\r\n<p>&nbsp;<\/p>\r\n<p><strong>Ve\u0161ker\u00e9 pot\u0159ebn\u00e9 informace pro p\u0159ihl\u00e1\u0161en\u00ed do v\u00fdb\u011brov\u00e9ho \u0159\u00edzen\u00ed naleznete <a href=\"https:\/\/www.praha7.cz\/wp-content\/uploads\/2023\/09\/ODO-zpracovatel-prestupku-III.pdf\" target=\"_blank\" rel=\"noopener\">ZDE<\/a>.<\/strong><\/p>","protected":false},"excerpt":{"rendered":"[perex] \u00da\u0159ad Prahy&nbsp;7 sh\u00e1n\u00ed do sv\u00e9ho t\u00fdmu kolegu\/kolegyni na pozici referent\/ka odd\u011blen\u00ed z\u00f3ny placen\u00e9ho st\u00e1n\u00ed a&nbsp;p\u0159estupk\u016f na Odboru dopravy. Jste zodpov\u011bdn\u00ed, pe\u010dliv\u00ed a\u00a0c\u00edt\u00edte se pevn\u00ed v\u00a0kramflec\u00edch p\u0159i komunikaci s\u00a0lidmi? Vynik\u00e1te organiza\u010dn\u00edm talentem a\u00a0hled\u00e1te uplatn\u011bn\u00ed? M\u00e1te z\u00e1jem pracovat v\u00a0dynamicky se rozv\u00edjej\u00edc\u00ed m\u011bstsk\u00e9 \u010d\u00e1sti pro \u00fa\u0159ad s\u00a0tak trochu jin\u00fdm p\u0159\u00edstupem? Nev\u00e1hejte a&nbsp;p\u0159ihlaste se do na\u0161eho v\u00fdb\u011brov\u00e9ho \u0159\u00edzen\u00ed. [&hellip;]","protected":false},"author":5,"featured_media":44913,"comment_status":"closed","ping_status":"open","sticky":false,"template":"","format":"standard","meta":[],"categories":[34],"tags":[],"_links":{"self":[{"href":"https:\/\/www.praha7.cz\/api\/wp\/v2\/posts\/69787"}],"collection":[{"href":"https:\/\/www.praha7.cz\/api\/wp\/v2\/posts"}],"about":[{"href":"https:\/\/www.praha7.cz\/api\/wp\/v2\/types\/post"}],"author":[{"embeddable":true,"href":"https:\/\/www.praha7.cz\/api\/wp\/v2\/users\/5"}],"replies":[{"embeddable":true,"href":"https:\/\/www.praha7.cz\/api\/wp\/v2\/comments?post=69787"}],"version-history":[{"count":4,"href":"https:\/\/www.praha7.cz\/api\/wp\/v2\/posts\/69787\/revisions"}],"predecessor-version":[{"id":69793,"href":"https:\/\/www.praha7.cz\/api\/wp\/v2\/posts\/69787\/revisions\/69793"}],"wp:featuredmedia":[{"embeddable":true,"href":"https:\/\/www.praha7.cz\/api\/wp\/v2\/media\/44913"}],"wp:attachment":[{"href":"https:\/\/www.praha7.cz\/api\/wp\/v2\/media?parent=69787"}],"wp:term":[{"taxonomy":"category","embeddable":true,"href":"https:\/\/www.praha7.cz\/api\/wp\/v2\/categories?post=69787"},{"taxonomy":"post_tag","embeddable":true,"href":"https:\/\/www.praha7.cz\/api\/wp\/v2\/tags?post=69787"}],"curies":[{"name":"wp","href":"https:\/\/api.w.org\/{rel}","templated":true}]}}