    
{"id":69782,"date":"2023-09-08T10:22:19","date_gmt":"2023-09-08T08:22:19","guid":{"rendered":"https:\/\/www.praha7.cz\/?p=69782"},"modified":"2023-09-18T14:21:31","modified_gmt":"2023-09-18T12:21:31","slug":"upravy-prostoru-pred-vchodem-do-zs-korunovacni-z-ulice-sladkova","status":"publish","type":"post","link":"https:\/\/www.praha7.cz\/upravy-prostoru-pred-vchodem-do-zs-korunovacni-z-ulice-sladkova\/","title":{"rendered":"\u00dapravy prostoru p\u0159ed vchodem do Z\u0160 Korunova\u010dn\u00ed z&nbsp;ulice Sl\u00e1dkova"},"content":{"rendered":"<p>[perex]<\/p>\r\n<p>Praha&nbsp;7 pokra\u010duje v\u00a0realizaci opat\u0159en\u00ed s\u00a0c\u00edlem zajistit p\u0159\u00edv\u011btiv\u00e9 a&nbsp;bezpe\u010dn\u00e9 okol\u00ed \u0161kol. Ve druh\u00e9 polovin\u011b z\u00e1\u0159\u00ed prob\u011bhnou \u00fapravy p\u0159ed vchodem do Z\u0160 Korunova\u010dn\u00ed z\u00a0ulice Sl\u00e1dkova.<\/p>\r\n<p>[\/perex]<\/p>\r\n<p>Tento vchod je situov\u00e1n v\u00a0bl\u00edzkosti j\u00eddelny a&nbsp;\u0161koln\u00ed dru\u017einy a&nbsp;je d\u011btmi v\u00a0hojn\u00e9 m\u00ed\u0159e vyu\u017e\u00edv\u00e1n p\u0159edev\u0161\u00edm v\u00a0odpoledn\u00edch hodin\u00e1ch p\u0159i odchodu ze \u0161koly. Prostor p\u0159ed vchodem do \u0161koly dlouhodob\u011b nem\u00e1 s\u00a0ohledem na intenzitu vyu\u017eit\u00ed dostate\u010dn\u00e9 kapacity. Z\u00a0tohoto d\u016fvodu zde dojde k\u00a0d\u00edl\u010d\u00edmu roz\u0161\u00ed\u0159en\u00ed a&nbsp;zabezpe\u010den\u00ed m\u00edsta pro pohyb d\u011bt\u00ed, \u010dek\u00e1n\u00ed rodi\u010d\u016f apod. V\u00a0upraven\u00e9m prostoru budou tak\u00e9 instalov\u00e1ny cyklostojany.<\/p>\r\n<p><em>\u201eO \u00fapravu prostoru p\u0159ed vchodem z\u00a0ulice Sl\u00e1dkova jsme velice st\u00e1li. Dlouhodob\u011b se anga\u017eujeme v\u00a0opat\u0159en\u00edch zaji\u0161\u0165uj\u00edc\u00edch bezpe\u010dn\u00fd pohyb d\u011bt\u00ed i&nbsp;rodi\u010d\u016f v\u00a0bl\u00edzkosti \u0161koly a&nbsp;jsme velmi r\u00e1di, \u017ee se poda\u0159ilo domluvit dal\u0161\u00ed d\u016fle\u017eitou zm\u011bnu. V\u00a0na\u0161\u00ed \u0161kole v\u00a0uplynul\u00fdch letech v\u00fdznamn\u011b stoupl po\u010det \u017e\u00e1k\u016f, z\u00e1rove\u0148 z\u00a0bezpe\u010dnostn\u00edho hlediska nen\u00ed mo\u017en\u00e9 umo\u017enit rodi\u010d\u016fm \u010dekat na sv\u00e9 d\u011bti v\u00a0prostor\u00e1ch \u0161koly. Vchod z\u00a0ulice Sl\u00e1dkova, kter\u00fd je situov\u00e1n u&nbsp;\u0161aten, j\u00eddelny \u010di \u0161koln\u00ed dru\u017einy, je proto \u010dast\u00fdm m\u00edstem setk\u00e1v\u00e1n\u00ed d\u011bt\u00ed a&nbsp;rodi\u010d\u016f a&nbsp;pravideln\u011b se tu shroma\u017e\u010fuje v\u011bt\u0161\u00ed mno\u017estv\u00ed osob. Proto velmi v\u00edt\u00e1me, \u017ee pro n\u011b p\u0159ed \u0161kolou bude upraven dostate\u010dn\u011b kapacitn\u00ed, p\u0159\u00edjemn\u00fd a&nbsp;p\u0159edev\u0161\u00edm bezpe\u010dn\u00fd prostor,\u201c<\/em> uvedl<em><strong> \u0159editel Z\u0160 Korunova\u010dn\u00ed Tom\u00e1\u0161 Komrska<\/strong><\/em>.<\/p>\r\n<p><strong>Pr\u00e1ce p\u0159ed vchodem do \u0161koly v\u00a0ulici Sl\u00e1dkova Technick\u00e1 spr\u00e1va komunikac\u00ed hl. m. Prahy uskute\u010dn\u00ed od 15.&nbsp;9.&nbsp;do 30.&nbsp;9.&nbsp;2023.<\/strong> Omlouv\u00e1me se za do\u010dasn\u00e9 omezen\u00ed v\u00a0m\u00edst\u011b realizace. D\u011bkujeme za pochopen\u00ed.<\/p>","protected":false},"excerpt":{"rendered":"[perex] Praha&nbsp;7 pokra\u010duje v\u00a0realizaci opat\u0159en\u00ed s\u00a0c\u00edlem zajistit p\u0159\u00edv\u011btiv\u00e9 a&nbsp;bezpe\u010dn\u00e9 okol\u00ed \u0161kol. Ve druh\u00e9 polovin\u011b z\u00e1\u0159\u00ed prob\u011bhnou \u00fapravy p\u0159ed vchodem do Z\u0160 Korunova\u010dn\u00ed z\u00a0ulice Sl\u00e1dkova. [\/perex] Tento vchod je situov\u00e1n v\u00a0bl\u00edzkosti j\u00eddelny a&nbsp;\u0161koln\u00ed dru\u017einy a&nbsp;je d\u011btmi v\u00a0hojn\u00e9 m\u00ed\u0159e vyu\u017e\u00edv\u00e1n p\u0159edev\u0161\u00edm v\u00a0odpoledn\u00edch hodin\u00e1ch p\u0159i odchodu ze \u0161koly. Prostor p\u0159ed vchodem do \u0161koly dlouhodob\u011b nem\u00e1 s\u00a0ohledem na intenzitu [&hellip;]","protected":false},"author":5,"featured_media":69786,"comment_status":"closed","ping_status":"open","sticky":false,"template":"","format":"standard","meta":[],"categories":[34],"tags":[],"_links":{"self":[{"href":"https:\/\/www.praha7.cz\/api\/wp\/v2\/posts\/69782"}],"collection":[{"href":"https:\/\/www.praha7.cz\/api\/wp\/v2\/posts"}],"about":[{"href":"https:\/\/www.praha7.cz\/api\/wp\/v2\/types\/post"}],"author":[{"embeddable":true,"href":"https:\/\/www.praha7.cz\/api\/wp\/v2\/users\/5"}],"replies":[{"embeddable":true,"href":"https:\/\/www.praha7.cz\/api\/wp\/v2\/comments?post=69782"}],"version-history":[{"count":2,"href":"https:\/\/www.praha7.cz\/api\/wp\/v2\/posts\/69782\/revisions"}],"predecessor-version":[{"id":69834,"href":"https:\/\/www.praha7.cz\/api\/wp\/v2\/posts\/69782\/revisions\/69834"}],"wp:featuredmedia":[{"embeddable":true,"href":"https:\/\/www.praha7.cz\/api\/wp\/v2\/media\/69786"}],"wp:attachment":[{"href":"https:\/\/www.praha7.cz\/api\/wp\/v2\/media?parent=69782"}],"wp:term":[{"taxonomy":"category","embeddable":true,"href":"https:\/\/www.praha7.cz\/api\/wp\/v2\/categories?post=69782"},{"taxonomy":"post_tag","embeddable":true,"href":"https:\/\/www.praha7.cz\/api\/wp\/v2\/tags?post=69782"}],"curies":[{"name":"wp","href":"https:\/\/api.w.org\/{rel}","templated":true}]}}