    
{"id":69685,"date":"2023-09-05T10:35:17","date_gmt":"2023-09-05T08:35:17","guid":{"rendered":"https:\/\/www.praha7.cz\/?p=69685"},"modified":"2023-09-05T10:35:28","modified_gmt":"2023-09-05T08:35:28","slug":"praha-7-ziska-druhy-nejdulezitejsi-pozemek-na-svem-uzemi","status":"publish","type":"post","link":"https:\/\/www.praha7.cz\/praha-7-ziska-druhy-nejdulezitejsi-pozemek-na-svem-uzemi\/","title":{"rendered":"Praha&nbsp;7 z\u00edsk\u00e1 druh\u00fd nejd\u016fle\u017eit\u011bj\u0161\u00ed pozemek na sv\u00e9m \u00fazem\u00ed"},"content":{"rendered":"<p>[perex]<\/p>\r\n<h3>Sedmi\u010dka scel\u00ed Ortenovo n\u00e1m\u011bst\u00ed, vzniknout zde bude moci nov\u00e1 \u0161kola \u010di \u0161kolka<\/h3>\r\n<p>St\u00e1v\u00e1 se zcela v\u00fdjime\u010dn\u011b, \u017ee by pra\u017esk\u00e1 m\u011bstsk\u00e1 \u010d\u00e1st dostala p\u0159\u00edle\u017eitost z\u00edskat do majetku obce \u010d\u00e1st n\u00e1m\u011bst\u00ed. Zastupitelstvo M\u010c Praha&nbsp;7 schv\u00e1lilo na sv\u00e9m jedn\u00e1n\u00ed v\u00a0pond\u011bl\u00ed 4.&nbsp;z\u00e1\u0159\u00ed 2023 odkup pozemku s&nbsp;budovou na Ortenov\u011b n\u00e1m\u011bst\u00ed. M\u011bstsk\u00e9 \u010d\u00e1sti se tak poda\u0159\u00ed scelit vlastnictv\u00ed v\u0161ech pozemk\u016f v&nbsp;prostoru n\u00e1m\u011bst\u00ed do spr\u00e1vy obce. Objekt na kupovan\u00e9m pozemku d\u0159\u00edve slou\u017eil p\u0159ed\u0161koln\u00edmu vzd\u011bl\u00e1v\u00e1n\u00ed a&nbsp;dal\u0161\u00ed ve\u0159ejn\u00e9 vybavenosti. Tuto funkci mu chce Praha&nbsp;7 op\u011bt vr\u00e1tit.<\/p>\r\n<p>[\/perex]<\/p>\r\n<p><em>\u201eOrtenovo n\u00e1m\u011bst\u00ed je hlavn\u00edm ve\u0159ejn\u00fdm prostranstv\u00edm doln\u00edch Hole\u0161ovic. Je tu \u0161kola, \u0161kolka, park, d\u011btsk\u00e9 h\u0159i\u0161t\u011b i&nbsp;sportovi\u0161t\u011b. V&nbsp;90.&nbsp;letech v\u0161ak jeden z&nbsp;objekt\u016f, kde byla d\u0159\u00edve \u0161kolka, p\u0159e\u0161el privatizac\u00ed ze st\u00e1tu do soukrom\u00e9ho vlastnictv\u00ed, vyu\u017e\u00edval se jako kancel\u00e1\u0159e a&nbsp;k&nbsp;dal\u0161\u00edm soukrom\u00fdm \u00fa\u010del\u016fm, krom jin\u00e9ho zde b\u00fdvala tak\u00e9 herna. Nyn\u00ed se n\u00e1m naskytla p\u0159\u00edle\u017eitost z\u00edskat objekt i&nbsp;pozemek do vlastnictv\u00ed obce, zcelit plochy v\u00a0prostoru n\u00e1m\u011bst\u00ed pod na\u0161i spr\u00e1vu a&nbsp;obnovit zde ve\u0159ejnou vybavenost. Jde o&nbsp;druh\u00fd nejd\u016fle\u017eit\u011bj\u0161\u00ed pozemek, o&nbsp;kter\u00fd m\u00e1 Praha&nbsp;7 z\u00e1jem. T\u00edm prvn\u00edm je pozemek pod Billou na Letensk\u00e9m n\u00e1m\u011bst\u00ed,\u201c<\/em> uvedl <em><strong>starosta M\u010c Praha&nbsp;7 Jan \u010ci\u017einsk\u00fd<\/strong><\/em>.<\/p>\r\n<p><img loading=\"lazy\" src=\"https:\/\/www.praha7.cz\/wp-content\/uploads\/2023\/09\/Ortenovo-nam_pohled-ze-zahrady-1500x844.jpg\" alt=\"\" width=\"640\" height=\"360\" class=\"alignnone size-large wp-image-69687\" srcset=\"https:\/\/www.praha7.cz\/wp-content\/uploads\/2023\/09\/Ortenovo-nam_pohled-ze-zahrady-1500x844.jpg 1500w, https:\/\/www.praha7.cz\/wp-content\/uploads\/2023\/09\/Ortenovo-nam_pohled-ze-zahrady-600x337.jpg 600w, https:\/\/www.praha7.cz\/wp-content\/uploads\/2023\/09\/Ortenovo-nam_pohled-ze-zahrady-768x432.jpg 768w, https:\/\/www.praha7.cz\/wp-content\/uploads\/2023\/09\/Ortenovo-nam_pohled-ze-zahrady-1536x864.jpg 1536w, https:\/\/www.praha7.cz\/wp-content\/uploads\/2023\/09\/Ortenovo-nam_pohled-ze-zahrady-2048x1152.jpg 2048w\" sizes=\"(max-width: 640px) 100vw, 640px\" \/><\/p>\r\n<p><em>\u201ePozemek v\u00a0prvn\u00ed polovin\u011b minul\u00e9ho stolet\u00ed slou\u017eil jako \u0161koln\u00ed h\u0159i\u0161t\u011b. V&nbsp;50.&nbsp;letech zde byl v\u00a0r\u00e1mci pov\u00e1le\u010dn\u00e9 obnovy postaven objekt takzvan\u00e9 \u0160koli\u010dky dle n\u00e1vrhu architekta Lubora Marka. Dodnes se nemovitosti z&nbsp;hlediska \u00fazemn\u00edho pl\u00e1nu na\u0161t\u011bst\u00ed nach\u00e1zej\u00ed v&nbsp;ploch\u00e1ch ve\u0159ejn\u00e9ho vybaven\u00ed. To n\u00e1m d\u00e1v\u00e1 mo\u017enost tuto posledn\u00ed \u010d\u00e1st n\u00e1m\u011bst\u00ed, kter\u00e1 je v\u00a0soukrom\u00fdch rukou, z\u00edskat a&nbsp;vyu\u017e\u00edt k\u00a0rozvoji slu\u017eeb pro na\u0161e obyvatele,\u201c<\/em> \u0159ekl <em><strong>m\u00edstostarosta Prahy&nbsp;7 Kamil Vav\u0159inec Mare\u0161<\/strong><\/em>, do jeho\u017e gesce spad\u00e1 p\u00e9\u010de o&nbsp;obecn\u00ed majetek. A&nbsp;dod\u00e1v\u00e1, \u017ee o&nbsp;jej\u00edm odkupu se p\u0159eru\u0161ovan\u011b vedla jedn\u00e1n\u00ed od roku 2017 a&nbsp;s\u00e1m si ji\u017e n\u011bkolikr\u00e1t myslel, \u017ee se tato akvizice nepoda\u0159\u00ed.<\/p>\r\n<p><em>\u201eVzhledem k&nbsp;tomu, \u017ee mus\u00edme dr\u017eet krok s&nbsp;demografick\u00fdm v\u00fdvojem na\u0161\u00ed m\u011bstsk\u00e9 \u010d\u00e1sti a&nbsp;ka\u017edoro\u010dn\u011b navy\u0161ovat kapacity na\u0161ich \u0161kol a&nbsp;\u0161kolek, r\u00e1di bychom objekt v\u00a0p\u0159\u00ed\u0161t\u00edch letech op\u011bt vyu\u017eili pro n\u011bjak\u00fd typ \u0161kolsk\u00e9ho za\u0159\u00edzen\u00ed,\u201c<\/em> \u0159ekla <em><strong>m\u00edstostarostka Prahy&nbsp;7 Hana \u0160i\u0161kov\u00e1<\/strong><\/em>, kter\u00e1 m\u00e1 na starosti \u0161kolstv\u00ed a&nbsp;vzd\u011bl\u00e1v\u00e1n\u00ed.<\/p>\r\n<p><img loading=\"lazy\" src=\"https:\/\/www.praha7.cz\/wp-content\/uploads\/2023\/09\/Ortenovo-nam_chodba-1500x844.jpg\" alt=\"\" width=\"640\" height=\"360\" class=\"alignnone size-large wp-image-69690\" srcset=\"https:\/\/www.praha7.cz\/wp-content\/uploads\/2023\/09\/Ortenovo-nam_chodba-1500x844.jpg 1500w, https:\/\/www.praha7.cz\/wp-content\/uploads\/2023\/09\/Ortenovo-nam_chodba-600x338.jpg 600w, https:\/\/www.praha7.cz\/wp-content\/uploads\/2023\/09\/Ortenovo-nam_chodba-768x432.jpg 768w, https:\/\/www.praha7.cz\/wp-content\/uploads\/2023\/09\/Ortenovo-nam_chodba-1536x864.jpg 1536w, https:\/\/www.praha7.cz\/wp-content\/uploads\/2023\/09\/Ortenovo-nam_chodba-2048x1152.jpg 2048w\" sizes=\"(max-width: 640px) 100vw, 640px\" \/><\/p>\r\n<p>Projekt takzvan\u00fdch \u0160koli\u010dek se zrodil na z\u00e1klad\u011b pov\u00e1le\u010dn\u00e9ho dvoulet\u00e9ho hospod\u00e1\u0159sk\u00e9ho pl\u00e1nu (1947\u20131948) v&nbsp;pra\u017esk\u00e9m Studijn\u00edm a&nbsp;typiza\u010dn\u00edm \u00fastavu pod veden\u00edm architekta Lubora Marka. Zd\u011bn\u00e9 dvout\u0159\u00eddky vznikaly v\u00a0cel\u00e9m tehdej\u0161\u00edm \u010ceskoslovensku. \u0160koli\u010dky byly koncipov\u00e1ny obvykle jako moduly, n\u011bkdy tak\u00e9 jako zdvojen\u00e9 \u010di dokonce ztrojen\u00e9 solit\u00e9rn\u00ed objekty. V\u00a0Praze 7 se dal\u0161\u00ed budovy postaven\u00e9 v\u00a0r\u00e1mci tohoto projektu nach\u00e1z\u00ed v\u00a0parku v\u00a0Tusarov\u011b ulici \u010di v\u00a0ulici Na V\u00fd\u0161in\u00e1ch jako p\u0159\u00edstavba vod\u00e1rensk\u00e9 v\u011b\u017ee zrekonstruovan\u00e9 v\u00a0roce 2018. Ob\u011bma t\u011bmto objekt\u016fm m\u011bstsk\u00e1 \u010d\u00e1st v&nbsp;posledn\u00edch letech op\u011bt vr\u00e1tila funkci p\u0159ed\u0161koln\u00edho vzd\u011bl\u00e1v\u00e1n\u00ed.<\/p>\r\n<p>Kupn\u00ed cena nemovitost\u00ed na Ortenov\u011b n\u00e1m\u011bst\u00ed \u010din\u00ed 64 milion\u016f K\u010d. \u00a0\u00a0<\/p>\r\n<p>O pozemek pod obchodem Billa na Letensk\u00e9m n\u00e1m\u011bst\u00ed stoj\u00ed Praha&nbsp;7 dlouhodob\u011b, zat\u00edm se ale nepoda\u0159ilo odkup vyjednat.<\/p>\r\n<p><img loading=\"lazy\" src=\"https:\/\/www.praha7.cz\/wp-content\/uploads\/2023\/09\/Ortenovo-nam_hlavni-vstup-1500x867.jpg\" alt=\"\" width=\"640\" height=\"370\" class=\"alignnone size-large wp-image-69691\" srcset=\"https:\/\/www.praha7.cz\/wp-content\/uploads\/2023\/09\/Ortenovo-nam_hlavni-vstup-1500x867.jpg 1500w, https:\/\/www.praha7.cz\/wp-content\/uploads\/2023\/09\/Ortenovo-nam_hlavni-vstup-600x347.jpg 600w, https:\/\/www.praha7.cz\/wp-content\/uploads\/2023\/09\/Ortenovo-nam_hlavni-vstup-768x444.jpg 768w, https:\/\/www.praha7.cz\/wp-content\/uploads\/2023\/09\/Ortenovo-nam_hlavni-vstup-1536x888.jpg 1536w, https:\/\/www.praha7.cz\/wp-content\/uploads\/2023\/09\/Ortenovo-nam_hlavni-vstup-2048x1184.jpg 2048w\" sizes=\"(max-width: 640px) 100vw, 640px\" \/><\/p>\r\n<p>&nbsp;<\/p>","protected":false},"excerpt":{"rendered":"[perex] Sedmi\u010dka scel\u00ed Ortenovo n\u00e1m\u011bst\u00ed, vzniknout zde bude moci nov\u00e1 \u0161kola \u010di \u0161kolka St\u00e1v\u00e1 se zcela v\u00fdjime\u010dn\u011b, \u017ee by pra\u017esk\u00e1 m\u011bstsk\u00e1 \u010d\u00e1st dostala p\u0159\u00edle\u017eitost z\u00edskat do majetku obce \u010d\u00e1st n\u00e1m\u011bst\u00ed. Zastupitelstvo M\u010c Praha&nbsp;7 schv\u00e1lilo na sv\u00e9m jedn\u00e1n\u00ed v\u00a0pond\u011bl\u00ed 4.&nbsp;z\u00e1\u0159\u00ed 2023 odkup pozemku s&nbsp;budovou na Ortenov\u011b n\u00e1m\u011bst\u00ed. M\u011bstsk\u00e9 \u010d\u00e1sti se tak poda\u0159\u00ed scelit vlastnictv\u00ed v\u0161ech pozemk\u016f [&hellip;]","protected":false},"author":5,"featured_media":69686,"comment_status":"closed","ping_status":"open","sticky":false,"template":"","format":"standard","meta":[],"categories":[34,74],"tags":[],"_links":{"self":[{"href":"https:\/\/www.praha7.cz\/api\/wp\/v2\/posts\/69685"}],"collection":[{"href":"https:\/\/www.praha7.cz\/api\/wp\/v2\/posts"}],"about":[{"href":"https:\/\/www.praha7.cz\/api\/wp\/v2\/types\/post"}],"author":[{"embeddable":true,"href":"https:\/\/www.praha7.cz\/api\/wp\/v2\/users\/5"}],"replies":[{"embeddable":true,"href":"https:\/\/www.praha7.cz\/api\/wp\/v2\/comments?post=69685"}],"version-history":[{"count":3,"href":"https:\/\/www.praha7.cz\/api\/wp\/v2\/posts\/69685\/revisions"}],"predecessor-version":[{"id":69692,"href":"https:\/\/www.praha7.cz\/api\/wp\/v2\/posts\/69685\/revisions\/69692"}],"wp:featuredmedia":[{"embeddable":true,"href":"https:\/\/www.praha7.cz\/api\/wp\/v2\/media\/69686"}],"wp:attachment":[{"href":"https:\/\/www.praha7.cz\/api\/wp\/v2\/media?parent=69685"}],"wp:term":[{"taxonomy":"category","embeddable":true,"href":"https:\/\/www.praha7.cz\/api\/wp\/v2\/categories?post=69685"},{"taxonomy":"post_tag","embeddable":true,"href":"https:\/\/www.praha7.cz\/api\/wp\/v2\/tags?post=69685"}],"curies":[{"name":"wp","href":"https:\/\/api.w.org\/{rel}","templated":true}]}}