    
{"id":69624,"date":"2023-09-04T08:09:59","date_gmt":"2023-09-04T06:09:59","guid":{"rendered":"https:\/\/www.praha7.cz\/?p=69624"},"modified":"2023-09-04T12:58:27","modified_gmt":"2023-09-04T10:58:27","slug":"zemrel-grafik-jan-hora-autor-logotypu-mc-praha-7","status":"publish","type":"post","link":"https:\/\/www.praha7.cz\/zemrel-grafik-jan-hora-autor-logotypu-mc-praha-7\/","title":{"rendered":"Zem\u0159el grafik Jan Hora, autor logotypu M\u010c Praha&nbsp;7"},"content":{"rendered":"<p>[perex]<\/p>\r\n<p>S hlubokou l\u00edtost\u00ed oznamujeme, \u017ee ve \u010dtvrtek 31.&nbsp;srpna 2023 zem\u0159el ve v\u011bku 58 let grafick\u00fd design\u00e9r Jan Hora, autor logotypu na\u0161\u00ed m\u011bstsk\u00e9 \u010d\u00e1sti. Vyjad\u0159ujeme up\u0159\u00edmnou soustrast v\u0161em poz\u016fstal\u00fdm.\u00a0<\/p>\r\n<p>[\/perex]<\/p>\r\n<p>Po absolvov\u00e1n\u00ed SUP\u0160 v&nbsp;Praze studoval Jan Hora (1965\u20132023) v&nbsp;letech 1986\u20131992 na Vysok\u00e9 \u0161kole um\u011bleckopr\u016fmyslov\u00e9 v&nbsp;Praze. Po absolutoriu p\u016fsobil jako grafick\u00fd design\u00e9r na voln\u00e9 noze a&nbsp;pedagog. Byl autorem mnoha kni\u017en\u00edch \u00faprav i&nbsp;logotyp\u016f (ji\u017e zm\u00edn\u011bn\u00fd logotyp M\u010c Praha&nbsp;7 z&nbsp;roku 2007, Nadace um\u011bn\u00ed pro zdrav\u00ed, S\u010d\u00edt\u00e1n\u00ed lidu 2001 a&nbsp;dal\u0161\u00edch). Byl \u010dlenem Asociace u\u017eit\u00e9 grafiky a&nbsp;grafick\u00e9ho designu (AUG). Dlouh\u00e1 l\u00e9ta \u017eil v&nbsp;Hole\u0161ovic\u00edch.<\/p>","protected":false},"excerpt":{"rendered":"[perex] S&nbsp;hlubokou l\u00edtost\u00ed oznamujeme, \u017ee ve \u010dtvrtek 31.&nbsp;srpna 2023 zem\u0159el ve v\u011bku 58 let grafick\u00fd design\u00e9r Jan Hora, autor logotypu na\u0161\u00ed m\u011bstsk\u00e9 \u010d\u00e1sti. Vyjad\u0159ujeme up\u0159\u00edmnou soustrast v\u0161em poz\u016fstal\u00fdm.\u00a0 [\/perex] Po absolvov\u00e1n\u00ed SUP\u0160 v&nbsp;Praze studoval Jan Hora (1965\u20132023) v&nbsp;letech 1986\u20131992 na Vysok\u00e9 \u0161kole um\u011bleckopr\u016fmyslov\u00e9 v&nbsp;Praze. Po absolutoriu p\u016fsobil jako grafick\u00fd design\u00e9r na voln\u00e9 noze a&nbsp;pedagog. [&hellip;]","protected":false},"author":251,"featured_media":69625,"comment_status":"closed","ping_status":"open","sticky":false,"template":"","format":"standard","meta":[],"categories":[34],"tags":[],"_links":{"self":[{"href":"https:\/\/www.praha7.cz\/api\/wp\/v2\/posts\/69624"}],"collection":[{"href":"https:\/\/www.praha7.cz\/api\/wp\/v2\/posts"}],"about":[{"href":"https:\/\/www.praha7.cz\/api\/wp\/v2\/types\/post"}],"author":[{"embeddable":true,"href":"https:\/\/www.praha7.cz\/api\/wp\/v2\/users\/251"}],"replies":[{"embeddable":true,"href":"https:\/\/www.praha7.cz\/api\/wp\/v2\/comments?post=69624"}],"version-history":[{"count":4,"href":"https:\/\/www.praha7.cz\/api\/wp\/v2\/posts\/69624\/revisions"}],"predecessor-version":[{"id":69658,"href":"https:\/\/www.praha7.cz\/api\/wp\/v2\/posts\/69624\/revisions\/69658"}],"wp:featuredmedia":[{"embeddable":true,"href":"https:\/\/www.praha7.cz\/api\/wp\/v2\/media\/69625"}],"wp:attachment":[{"href":"https:\/\/www.praha7.cz\/api\/wp\/v2\/media?parent=69624"}],"wp:term":[{"taxonomy":"category","embeddable":true,"href":"https:\/\/www.praha7.cz\/api\/wp\/v2\/categories?post=69624"},{"taxonomy":"post_tag","embeddable":true,"href":"https:\/\/www.praha7.cz\/api\/wp\/v2\/tags?post=69624"}],"curies":[{"name":"wp","href":"https:\/\/api.w.org\/{rel}","templated":true}]}}