    
{"id":69597,"date":"2023-09-01T10:39:15","date_gmt":"2023-09-01T08:39:15","guid":{"rendered":"https:\/\/www.praha7.cz\/?p=69597"},"modified":"2023-09-30T11:06:04","modified_gmt":"2023-09-30T09:06:04","slug":"pozadejte-si-o-prispevek-na-krouzky-detem","status":"publish","type":"post","link":"https:\/\/www.praha7.cz\/pozadejte-si-o-prispevek-na-krouzky-detem\/","title":{"rendered":"Po\u017e\u00e1dejte si o&nbsp;p\u0159\u00edsp\u011bvek na krou\u017eky d\u011btem"},"content":{"rendered":"<p>[perex]<\/p>\r\n<p>Rodi\u010de \u017e\u00e1k\u016f z\u00e1kladn\u00edch i&nbsp;mate\u0159sk\u00fdch \u0161kol s&nbsp;trval\u00fdm bydli\u0161t\u011bm v&nbsp;Praze 7 si mohou po\u017e\u00e1dat o&nbsp;p\u0159\u00edsp\u011bvek na krou\u017eky, kter\u00e9 se konaj\u00ed ve prvn\u00edm pololet\u00ed \u0161koln\u00edho roku 2023\/2024. P\u0159\u00edsp\u011bvky jsou ur\u010deny pro rodi\u010de v&nbsp;nep\u0159\u00edzniv\u00e9 finan\u010dn\u00ed situaci. Souhrn v\u0161ech mo\u017enost\u00ed najdete <a href=\"https:\/\/www.praha7.cz\/potrebuji-zaridit\/socialni-oblast\/podpora-pro-rodiny\/\">zde<\/a>.\u00a0<\/p>\r\n<p>[\/perex]<\/p>\r\n<p>Podpora krou\u017ek\u016f po\u0159\u00e1dan\u00fdch <a href=\"https:\/\/www.ddmpraha7.cz\/\" target=\"_blank\" rel=\"noopener\">Domem d\u011bt\u00ed a&nbsp;ml\u00e1de\u017ee Praha&nbsp;7<\/a>\u00a0a <a href=\"https:\/\/www.zuss.cz\/pro-rodice\/\" target=\"_blank\" rel=\"noopener\">Z\u00e1kladn\u00ed um\u011bleckou \u0161kolou \u0160im\u00e1\u010dkova<\/a> nebo z\u00e1kladn\u00edmi a&nbsp;mate\u0159sk\u00fdmi \u0161kolami je prim\u00e1rn\u011b \u0159e\u0161ena prost\u0159ednictv\u00edm programu hl. m. Prahy <a href=\"https:\/\/pomocprazanum.praha.eu\/cz\/balicek-skolstvi\" target=\"_blank\" rel=\"noopener\">Bal\u00ed\u010dek okam\u017eit\u00e9 pomoci Pra\u017ean\u016fm<\/a>. Ohledn\u011b pomoci s&nbsp;financov\u00e1n\u00edm t\u011bchto krou\u017ek\u016f se obracejte p\u0159\u00edmo na jejich organiz\u00e1tory.<\/p>\r\n<p>Podpora z&nbsp;programu Krou\u017eek pro ka\u017ed\u00e9 d\u00edt\u011b je omezen\u00e1 na p\u0159\u00edpady, kde financov\u00e1n\u00ed z&nbsp;Bal\u00ed\u010dku okam\u017eit\u00e9 pomoci Pra\u017ean\u016fm nen\u00ed mo\u017en\u00e9.<\/p>\r\n<p><strong>Sedm\u00e1 m\u011bstsk\u00e1 \u010d\u00e1st na \u00fahradu volno\u010dasov\u00fdch aktivit p\u0159isp\u00edv\u00e1:<\/strong><\/p>\r\n<p><strong>\u00b7\u00a0\u00a0\u00a0\u00a0\u00a0\u00a0\u00a0\u00a0 u&nbsp;\u017e\u00e1k\u016f z\u00e1kladn\u00edch \u0161kol\u00a0a\u017e do v\u00fd\u0161e 1\u00a0500\u00a0K\u010d<\/strong><\/p>\r\n<p><strong>\u00b7\u00a0\u00a0\u00a0\u00a0\u00a0\u00a0\u00a0\u00a0 u&nbsp;d\u011bt\u00ed z\u00a0mate\u0159sk\u00fdch \u0161kol a\u017e do v\u00fd\u0161e 750\u00a0K\u010d<\/strong><\/p>\r\n<h3><strong>Jak si o\u00a0p\u0159\u00edsp\u011bvek za\u017e\u00e1dat?<\/strong><\/h3>\r\n<p><strong>\u017d\u00e1dosti lze podat pr\u016fb\u011b\u017en\u011b od 1.&nbsp;z\u00e1\u0159\u00ed 2023 do 29.&nbsp;z\u00e1\u0159\u00ed 2023 (v&nbsp;p\u0159\u00edpad\u011b elektronick\u00e9ho pod\u00e1n\u00ed do 23.59 hodin dne 29.&nbsp;z\u00e1\u0159\u00ed 2023).<\/strong><\/p>\r\n<p>\u017d\u00e1dost je mo\u017en\u00e9 podat prost\u0159ednictv\u00edm <strong><a href=\"https:\/\/forms.office.com\/pages\/responsepage.aspx?id=rWtfeUImDUCKyU7DWDSqNF9nMmmFcUxGvHuuaVBTULhUOEtYNkpYOVc1RU9TSFM4WFBaRUZXWk9RRy4u\">elektronick\u00e9ho online formul\u00e1\u0159e<\/a><\/strong>. Po podpisu lze \u017e\u00e1dost doru\u010dit datovou zpr\u00e1vou, osobn\u011b prost\u0159ednictv\u00edm <a href=\"https:\/\/www.praha7.cz\/radnice\/\">podatelny v&nbsp;p\u0159\u00edzem\u00ed \u00da\u0159adu M\u010c Praha&nbsp;7<\/a>, prost\u0159ednictv\u00edm provozovatele po\u0161tovn\u00edch slu\u017eeb \u010di e-mailem na adresu: <a href=\"mailto:krouzky@praha7.cz\">krouzky@praha7.cz<\/a><\/p>\r\n<p>V\u00edce informac\u00ed najdete v&nbsp;n\u00ed\u017ee uveden\u00fdch pravidlech.\u00a0<\/p>\r\n<h4><a href=\"https:\/\/www.praha7.cz\/wp-content\/uploads\/2023\/08\/Pravidla-pro-poskytnuti-prispevku-Krouzek-pro-kazde-dite-23_24.pdf\">Pravidla poskytnut\u00ed p\u0159\u00edsp\u011bvku na krou\u017eek<\/a><\/h4>\r\n<h4><a href=\"https:\/\/forms.office.com\/pages\/responsepage.aspx?id=rWtfeUImDUCKyU7DWDSqNF9nMmmFcUxGvHuuaVBTULhUOEtYNkpYOVc1RU9TSFM4WFBaRUZXWk9RRy4u\">\u017d\u00e1dost o&nbsp;p\u0159\u00edsp\u011bvek na krou\u017eek<\/a><\/h4>\r\n<p><br \/>\r\nPodrobnosti m\u016f\u017eete z\u00edskat na Odboru soci\u00e1ln\u00edho za\u010dle\u0148ov\u00e1n\u00ed u&nbsp;Mark\u00e9ty Mirgov\u00e9, tel.: 774&nbsp;093&nbsp;367, e-mail: <a href=\"mailto:krouzky@praha7.cz\">krouzky@praha7.cz<\/a><\/p>","protected":false},"excerpt":{"rendered":"[perex] Rodi\u010de \u017e\u00e1k\u016f z\u00e1kladn\u00edch i&nbsp;mate\u0159sk\u00fdch \u0161kol s&nbsp;trval\u00fdm bydli\u0161t\u011bm v&nbsp;Praze 7 si mohou po\u017e\u00e1dat o&nbsp;p\u0159\u00edsp\u011bvek na krou\u017eky, kter\u00e9 se konaj\u00ed ve prvn\u00edm pololet\u00ed \u0161koln\u00edho roku 2023\/2024. P\u0159\u00edsp\u011bvky jsou ur\u010deny pro rodi\u010de v&nbsp;nep\u0159\u00edzniv\u00e9 finan\u010dn\u00ed situaci. Souhrn v\u0161ech mo\u017enost\u00ed najdete zde.\u00a0 [\/perex] Podpora krou\u017ek\u016f po\u0159\u00e1dan\u00fdch Domem d\u011bt\u00ed a&nbsp;ml\u00e1de\u017ee Praha&nbsp;7\u00a0a Z\u00e1kladn\u00ed um\u011bleckou \u0161kolou \u0160im\u00e1\u010dkova nebo z\u00e1kladn\u00edmi a&nbsp;mate\u0159sk\u00fdmi \u0161kolami je [&hellip;]","protected":false},"author":251,"featured_media":69601,"comment_status":"closed","ping_status":"open","sticky":false,"template":"","format":"standard","meta":[],"categories":[34],"tags":[],"_links":{"self":[{"href":"https:\/\/www.praha7.cz\/api\/wp\/v2\/posts\/69597"}],"collection":[{"href":"https:\/\/www.praha7.cz\/api\/wp\/v2\/posts"}],"about":[{"href":"https:\/\/www.praha7.cz\/api\/wp\/v2\/types\/post"}],"author":[{"embeddable":true,"href":"https:\/\/www.praha7.cz\/api\/wp\/v2\/users\/251"}],"replies":[{"embeddable":true,"href":"https:\/\/www.praha7.cz\/api\/wp\/v2\/comments?post=69597"}],"version-history":[{"count":5,"href":"https:\/\/www.praha7.cz\/api\/wp\/v2\/posts\/69597\/revisions"}],"predecessor-version":[{"id":70091,"href":"https:\/\/www.praha7.cz\/api\/wp\/v2\/posts\/69597\/revisions\/70091"}],"wp:featuredmedia":[{"embeddable":true,"href":"https:\/\/www.praha7.cz\/api\/wp\/v2\/media\/69601"}],"wp:attachment":[{"href":"https:\/\/www.praha7.cz\/api\/wp\/v2\/media?parent=69597"}],"wp:term":[{"taxonomy":"category","embeddable":true,"href":"https:\/\/www.praha7.cz\/api\/wp\/v2\/categories?post=69597"},{"taxonomy":"post_tag","embeddable":true,"href":"https:\/\/www.praha7.cz\/api\/wp\/v2\/tags?post=69597"}],"curies":[{"name":"wp","href":"https:\/\/api.w.org\/{rel}","templated":true}]}}