    
{"id":69319,"date":"2023-08-23T10:23:37","date_gmt":"2023-08-23T08:23:37","guid":{"rendered":"https:\/\/www.praha7.cz\/?p=69319"},"modified":"2023-08-23T10:24:23","modified_gmt":"2023-08-23T08:24:23","slug":"uklidme-sedmicku-podzim-2023","status":"publish","type":"post","link":"https:\/\/www.praha7.cz\/uklidme-sedmicku-podzim-2023\/","title":{"rendered":"Ukli\u010fme Sedmi\u010dku \u2013 podzim 2023"},"content":{"rendered":"<p>[perex]<\/p>\r\n<p>Praha&nbsp;7 se op\u011bt zapoj\u00ed do celorepublikov\u00e9 akce Ukli\u010fme \u010cesko. Tradi\u010dn\u00ed podzimn\u00ed \u00faklid ve sv\u00e9m okol\u00ed mohou zorganizovat tak\u00e9 dal\u0161\u00ed skupiny soused\u016f, p\u0159\u00e1tel \u010di koleg\u016f. Hlavn\u00ed podzimn\u00ed \u00faklidov\u00fd den p\u0159ipad\u00e1 na sobotu 16.&nbsp;z\u00e1\u0159\u00ed 2023, proto\u017ee se v\u0161ak v&nbsp;uveden\u00e9m term\u00ednu kon\u00e1 mnoho jin\u00fdch akc\u00ed, na Sedmi\u010dce budeme ukl\u00edzet o&nbsp;t\u00fdden pozd\u011bji, tedy v&nbsp;<strong>sobotu 23.&nbsp;z\u00e1\u0159\u00ed 2023<\/strong>. Ji\u017e nyn\u00ed si m\u016f\u017eete napl\u00e1novat a&nbsp;hlavn\u011b zaregistrovat sv\u016fj \u00faklid na: <a href=\"https:\/\/www.uklidmecesko.cz\/\">www.uklidmecesko.cz<\/a><\/p>\r\n<p>[\/perex]<\/p>\r\n<h3><strong>P\u0159ipoj\u00edte se k&nbsp;\u00faklidu organizovan\u00e9m m\u011bstskou \u010d\u00e1st\u00ed?<\/strong><\/h3>\r\n<p><a href=\"https:\/\/www.uklidmecesko.cz\/event\/40575\" target=\"_blank\" rel=\"noopener\">Radni\u010dn\u00ed \u00faklid<\/a> prob\u011bhne v&nbsp;sobotu 23.&nbsp;z\u00e1\u0159\u00ed 2023, sraz je v&nbsp;9.00 p\u0159ed kostelem sv. Anton\u00edna na Strossmayerov\u011b n\u00e1m\u011bst\u00ed. Rozd\u00e1me v\u00e1m rukavice (pro dosp\u011bl\u00e9 i&nbsp;d\u011bti) a&nbsp;pytle a&nbsp;spole\u010dn\u011b se vyd\u00e1me pod\u00e9l Bubensk\u00e9ho n\u00e1b\u0159e\u017e\u00ed do ulice Komunard\u016f. Trasa je vhodn\u00e1 pro v\u0161echny generace, \u010dasov\u00e1 n\u00e1ro\u010dnost p\u0159ibli\u017en\u011b dv\u011b hodiny.\u00a0<\/p>\r\n<h3>Chcete si zaregistrovat vlastn\u00ed \u00faklid?<\/h3>\r\n<p>D\u00edky <a href=\"https:\/\/www.uklidmecesko.cz\/zapojitse\/jakSeZapojit\/\" target=\"_blank\" rel=\"noopener\">registraci<\/a> se o&nbsp;v\u00e1mi organizovan\u00e9 \u00faklidov\u00e9 akci dozv\u011bd\u00ed dal\u0161\u00ed potenci\u00e1ln\u00ed dobrovoln\u00edci, kte\u0159\u00ed se k&nbsp;v\u00e1m mohou p\u0159ipojit. Organiz\u00e1to\u0159i Ukli\u010fme \u010cesko nab\u00edz\u00ed tak\u00e9 zasl\u00e1n\u00ed \u00faklidov\u00fdch bal\u00ed\u010dk\u016f, v&nbsp;nich\u017e najdete pytle na odpad a&nbsp;rukavice r\u016fzn\u00fdch velikost\u00ed.<strong> \u017d\u00e1dost o&nbsp;bal\u00ed\u010dek je nutn\u00e9 vyplnit do 1.&nbsp;z\u00e1\u0159\u00ed 2023.<\/strong><\/p>\r\n<p>Skupiny, kter\u00e9 si na 23.&nbsp;z\u00e1\u0159\u00ed napl\u00e1nuj\u00ed \u00faklid v&nbsp;Praze 7, si mohou na radnici m\u011bstsk\u00e9 \u010d\u00e1sti domluvit odvoz sesb\u00edran\u00e9ho odpadu. Zkonzultovat s&nbsp;n\u00e1mi m\u016f\u017eete tak\u00e9 v\u00fdb\u011br vhodn\u00fdch lokalit pro va\u0161i \u00faklidovou akci. V&nbsp;p\u0159\u00edpad\u011b z\u00e1jmu se pros\u00edm obra\u0165te na odd\u011blen\u00ed p\u00e9\u010de o&nbsp;ve\u0159ejn\u00fd prostor, tel.: 603721206, e-mail: <a href=\"mailto:BatekT@Praha7.cz\">BatekT@Praha7.cz<\/a><\/p>\r\n<hr \/>\r\n<p>Jak na Sedmi\u010dce prob\u00edhal leto\u0161n\u00ed jarn\u00ed \u00faklid, si m\u016f\u017eete p\u0159ipomenout <a href=\"https:\/\/www.praha7.cz\/19-pytlu-neporadku-a-tonouci-prasatko-peppa\/\">zde<\/a>. D\u011bkujeme v\u0161em, kte\u0159\u00ed se zapojili!<\/p>","protected":false},"excerpt":{"rendered":"[perex] Praha&nbsp;7 se op\u011bt zapoj\u00ed do celorepublikov\u00e9 akce Ukli\u010fme \u010cesko. Tradi\u010dn\u00ed podzimn\u00ed \u00faklid ve sv\u00e9m okol\u00ed mohou zorganizovat tak\u00e9 dal\u0161\u00ed skupiny soused\u016f, p\u0159\u00e1tel \u010di koleg\u016f. Hlavn\u00ed podzimn\u00ed \u00faklidov\u00fd den p\u0159ipad\u00e1 na sobotu 16.&nbsp;z\u00e1\u0159\u00ed 2023, proto\u017ee se v\u0161ak v&nbsp;uveden\u00e9m term\u00ednu kon\u00e1 mnoho jin\u00fdch akc\u00ed, na Sedmi\u010dce budeme ukl\u00edzet o&nbsp;t\u00fdden pozd\u011bji, tedy v&nbsp;sobotu 23.&nbsp;z\u00e1\u0159\u00ed 2023. Ji\u017e nyn\u00ed [&hellip;]","protected":false},"author":251,"featured_media":65598,"comment_status":"closed","ping_status":"open","sticky":false,"template":"","format":"standard","meta":[],"categories":[34],"tags":[],"_links":{"self":[{"href":"https:\/\/www.praha7.cz\/api\/wp\/v2\/posts\/69319"}],"collection":[{"href":"https:\/\/www.praha7.cz\/api\/wp\/v2\/posts"}],"about":[{"href":"https:\/\/www.praha7.cz\/api\/wp\/v2\/types\/post"}],"author":[{"embeddable":true,"href":"https:\/\/www.praha7.cz\/api\/wp\/v2\/users\/251"}],"replies":[{"embeddable":true,"href":"https:\/\/www.praha7.cz\/api\/wp\/v2\/comments?post=69319"}],"version-history":[{"count":2,"href":"https:\/\/www.praha7.cz\/api\/wp\/v2\/posts\/69319\/revisions"}],"predecessor-version":[{"id":69321,"href":"https:\/\/www.praha7.cz\/api\/wp\/v2\/posts\/69319\/revisions\/69321"}],"wp:featuredmedia":[{"embeddable":true,"href":"https:\/\/www.praha7.cz\/api\/wp\/v2\/media\/65598"}],"wp:attachment":[{"href":"https:\/\/www.praha7.cz\/api\/wp\/v2\/media?parent=69319"}],"wp:term":[{"taxonomy":"category","embeddable":true,"href":"https:\/\/www.praha7.cz\/api\/wp\/v2\/categories?post=69319"},{"taxonomy":"post_tag","embeddable":true,"href":"https:\/\/www.praha7.cz\/api\/wp\/v2\/tags?post=69319"}],"curies":[{"name":"wp","href":"https:\/\/api.w.org\/{rel}","templated":true}]}}