    
{"id":68892,"date":"2023-08-03T11:37:42","date_gmt":"2023-08-03T09:37:42","guid":{"rendered":"https:\/\/www.praha7.cz\/?p=68892"},"modified":"2023-08-03T11:38:50","modified_gmt":"2023-08-03T09:38:50","slug":"poliklinika-prahy-7-hleda-lekare-lekarku-do-ordinace-gynekologie","status":"publish","type":"post","link":"https:\/\/www.praha7.cz\/poliklinika-prahy-7-hleda-lekare-lekarku-do-ordinace-gynekologie\/","title":{"rendered":"Poliklinika Prahy&nbsp;7 hled\u00e1 l\u00e9ka\u0159e\/l\u00e9ka\u0159ku do ordinace gynekologie"},"content":{"rendered":"<p>[perex]<\/p>\r\n<p>Poliklinika Prahy\u00a07 hled\u00e1\u00a0l\u00e9ka\u0159e\/l\u00e9ka\u0159ku do ordinace gynekologie na pln\u00fd \u010di zkr\u00e1cen\u00fd \u00favazek. N\u00e1stup mo\u017en\u00fd ihned nebo dle dohody.<\/p>\r\n<p>[\/perex]<\/p>\r\n<h4>Poliklinika Prahy&nbsp;7 nab\u00edz\u00ed:<\/h4>\r\n<ul>\r\n\t<li>prostor pro skute\u010dnou pr\u00e1ci l\u00e9ka\u0159e bez zat\u00ed\u017een\u00ed administrativy<\/li>\r\n\t<li>pr\u00e1ci v&nbsp;zaveden\u00e9 a&nbsp;vybaven\u00e9 ordinaci v&nbsp;centru Prahy \u2013 na Letn\u00e9<\/li>\r\n\t<li>ordinace vybavena nov\u00fdm ultrazvukov\u00fdm diagnostick\u00fdm p\u0159\u00edstrojem od firmy FUJIFILM, ozna\u010den\u00ed Arietta 65<\/li>\r\n\t<li>jednosm\u011bnn\u00fd provoz<\/li>\r\n\t<li>p\u0159\u00e1telsk\u00fd kolektiv a&nbsp;z\u00e1zem\u00ed Polikliniky M\u011bstsk\u00e9 \u010d\u00e1sti Praha&nbsp;7<\/li>\r\n\t<li>dobr\u00e9 platov\u00e9 ohodnocen\u00ed<\/li>\r\n\t<li>5 dn\u016f placen\u00e9ho volna (sick days)<\/li>\r\n\t<li>5 t\u00fddn\u016f dovolen\u00e9, stravenky, FKSP<\/li>\r\n\t<li>podpora celo\u017eivotn\u00edho vzd\u011bl\u00e1v\u00e1n\u00ed, odm\u011bna za diplom celo\u017eivotn\u00edho vzd\u011bl\u00e1v\u00e1n\u00ed<\/li>\r\n\t<li>n\u00e1borov\u00fd p\u0159\u00edsp\u011bvek ve v\u00fd\u0161i jedn\u00e9 m\u011bs\u00ed\u010dn\u00ed mzdy<\/li>\r\n\t<li>mo\u017enost slu\u017eebn\u00edho bytu v&nbsp;centru Prahy<\/li>\r\n<\/ul>\r\n<h4>Poliklinika Prahy&nbsp;7 po\u017eaduje:<\/h4>\r\n<ul>\r\n\t<li>V\u0160 a&nbsp;zp\u016fsobilost l\u00e9ka\u0159e v&nbsp;oboru gynekologie<\/li>\r\n\t<li>profesion\u00e1ln\u00ed p\u0159\u00edstup, komunikativnost a&nbsp;vst\u0159\u00edcn\u00fd postoj k&nbsp;pacient\u016fm a&nbsp;koleg\u016fm<\/li>\r\n\t<li>schopnost t\u00fdmov\u00e9 spolupr\u00e1ce na odd\u011blen\u00ed rehabilitace rentgenu i&nbsp;s&nbsp;jin\u00fdmi pot\u0159ebn\u00fdmi specialisty Polikliniky Prahy&nbsp;7<\/li>\r\n\t<li>n\u00e1stup mo\u017en\u00fd ihned\/dle dohody<\/li>\r\n<\/ul>\r\n<hr \/>\r\n<p>V\u00a0p\u0159\u00edpad\u011b z\u00e1jmu kontaktuje provozn\u00ed a&nbsp;person\u00e1ln\u00ed mana\u017eerku Martinu Baierovou, e-mail:\u00a0<a href=\"mailto:sekretariat@pp7.cz\">sekretariat@pp7.cz<\/a>; tel: 270\u00a0005&nbsp;667<\/p>\r\n<hr \/>\r\n<p><strong>V\u00edce informac\u00ed o&nbsp;aktu\u00e1ln\u00edm provozu gynekologick\u00e9 ordinace se do\u010dtete na <a href=\"https:\/\/www.poliklinikaprahy7.eu\/gynekologie\/\" target=\"_blank\" rel=\"noopener\">webu Polikliniky Prahy&nbsp;7<\/a>.\u00a0<\/strong><\/p>","protected":false},"excerpt":{"rendered":"[perex] Poliklinika Prahy\u00a07 hled\u00e1\u00a0l\u00e9ka\u0159e\/l\u00e9ka\u0159ku do ordinace gynekologie na pln\u00fd \u010di zkr\u00e1cen\u00fd \u00favazek. N\u00e1stup mo\u017en\u00fd ihned nebo dle dohody. [\/perex] Poliklinika Prahy&nbsp;7 nab\u00edz\u00ed: prostor pro skute\u010dnou pr\u00e1ci l\u00e9ka\u0159e bez zat\u00ed\u017een\u00ed administrativy pr\u00e1ci v&nbsp;zaveden\u00e9 a&nbsp;vybaven\u00e9 ordinaci v&nbsp;centru Prahy \u2013 na Letn\u00e9 ordinace vybavena nov\u00fdm ultrazvukov\u00fdm diagnostick\u00fdm p\u0159\u00edstrojem od firmy FUJIFILM, ozna\u010den\u00ed Arietta 65 jednosm\u011bnn\u00fd provoz p\u0159\u00e1telsk\u00fd kolektiv [&hellip;]","protected":false},"author":251,"featured_media":68934,"comment_status":"closed","ping_status":"open","sticky":false,"template":"","format":"standard","meta":[],"categories":[34],"tags":[],"_links":{"self":[{"href":"https:\/\/www.praha7.cz\/api\/wp\/v2\/posts\/68892"}],"collection":[{"href":"https:\/\/www.praha7.cz\/api\/wp\/v2\/posts"}],"about":[{"href":"https:\/\/www.praha7.cz\/api\/wp\/v2\/types\/post"}],"author":[{"embeddable":true,"href":"https:\/\/www.praha7.cz\/api\/wp\/v2\/users\/251"}],"replies":[{"embeddable":true,"href":"https:\/\/www.praha7.cz\/api\/wp\/v2\/comments?post=68892"}],"version-history":[{"count":4,"href":"https:\/\/www.praha7.cz\/api\/wp\/v2\/posts\/68892\/revisions"}],"predecessor-version":[{"id":68987,"href":"https:\/\/www.praha7.cz\/api\/wp\/v2\/posts\/68892\/revisions\/68987"}],"wp:featuredmedia":[{"embeddable":true,"href":"https:\/\/www.praha7.cz\/api\/wp\/v2\/media\/68934"}],"wp:attachment":[{"href":"https:\/\/www.praha7.cz\/api\/wp\/v2\/media?parent=68892"}],"wp:term":[{"taxonomy":"category","embeddable":true,"href":"https:\/\/www.praha7.cz\/api\/wp\/v2\/categories?post=68892"},{"taxonomy":"post_tag","embeddable":true,"href":"https:\/\/www.praha7.cz\/api\/wp\/v2\/tags?post=68892"}],"curies":[{"name":"wp","href":"https:\/\/api.w.org\/{rel}","templated":true}]}}