    
{"id":68889,"date":"2023-07-31T15:15:00","date_gmt":"2023-07-31T13:15:00","guid":{"rendered":"https:\/\/www.praha7.cz\/?p=68889"},"modified":"2023-07-31T15:15:00","modified_gmt":"2023-07-31T13:15:00","slug":"nocni-nataceni-omezi-provoz-v-useku-strossmayerovo-namesti-vltavska","status":"publish","type":"post","link":"https:\/\/www.praha7.cz\/nocni-nataceni-omezi-provoz-v-useku-strossmayerovo-namesti-vltavska\/","title":{"rendered":"No\u010dn\u00ed nat\u00e1\u010den\u00ed omez\u00ed provoz v&nbsp;\u00faseku Strossmayerovo n\u00e1m\u011bst\u00ed \u2013 Vltavsk\u00e1"},"content":{"rendered":"<p>[perex]<\/p>\r\n<p>Upozor\u0148ujeme na nat\u00e1\u010den\u00ed televizn\u00edho spotu, kter\u00e9 prob\u011bhne ve \u010dtvrtek 3.&nbsp;srpna 2023 v&nbsp;\u010dase 0.30\u20134.20 v&nbsp;\u00faseku Strossmayerovo n\u00e1m\u011bst\u00ed \u2013 Vltavsk\u00e1. V&nbsp;m\u00edst\u011b nat\u00e1\u010den\u00ed m\u016f\u017ee doj\u00edt k&nbsp;p\u0159echodn\u00e9mu omezen\u00ed no\u010dn\u00edch tramvajov\u00fdch linek, pros\u00edme o&nbsp;respektov\u00e1n\u00ed do\u010dasn\u00e9ho dopravn\u00edho zna\u010den\u00ed.\u00a0\u00a0<\/p>\r\n<p>[\/perex]<\/p>\r\n<p>S p\u0159\u00edpadn\u00fdmi dotazy se pros\u00edm obracejte p\u0159\u00edmo na loka\u010dn\u00edho mana\u017eera Michala R\u00f6sslera, tel. 737&nbsp;078&nbsp;591.<\/p>\r\n<p>&nbsp;<\/p>\r\n<p>&nbsp;<\/p>\r\n<p>&nbsp;<\/p>","protected":false},"excerpt":{"rendered":"[perex] Upozor\u0148ujeme na nat\u00e1\u010den\u00ed televizn\u00edho spotu, kter\u00e9 prob\u011bhne ve \u010dtvrtek 3.&nbsp;srpna 2023 v&nbsp;\u010dase 0.30\u20134.20 v&nbsp;\u00faseku Strossmayerovo n\u00e1m\u011bst\u00ed \u2013 Vltavsk\u00e1. V&nbsp;m\u00edst\u011b nat\u00e1\u010den\u00ed m\u016f\u017ee doj\u00edt k&nbsp;p\u0159echodn\u00e9mu omezen\u00ed no\u010dn\u00edch tramvajov\u00fdch linek, pros\u00edme o&nbsp;respektov\u00e1n\u00ed do\u010dasn\u00e9ho dopravn\u00edho zna\u010den\u00ed.\u00a0\u00a0 [\/perex] S&nbsp;p\u0159\u00edpadn\u00fdmi dotazy se pros\u00edm obracejte p\u0159\u00edmo na loka\u010dn\u00edho mana\u017eera Michala R\u00f6sslera, tel. 737&nbsp;078&nbsp;591. &nbsp; &nbsp; &nbsp;","protected":false},"author":251,"featured_media":68890,"comment_status":"closed","ping_status":"open","sticky":false,"template":"","format":"standard","meta":[],"categories":[34],"tags":[],"_links":{"self":[{"href":"https:\/\/www.praha7.cz\/api\/wp\/v2\/posts\/68889"}],"collection":[{"href":"https:\/\/www.praha7.cz\/api\/wp\/v2\/posts"}],"about":[{"href":"https:\/\/www.praha7.cz\/api\/wp\/v2\/types\/post"}],"author":[{"embeddable":true,"href":"https:\/\/www.praha7.cz\/api\/wp\/v2\/users\/251"}],"replies":[{"embeddable":true,"href":"https:\/\/www.praha7.cz\/api\/wp\/v2\/comments?post=68889"}],"version-history":[{"count":2,"href":"https:\/\/www.praha7.cz\/api\/wp\/v2\/posts\/68889\/revisions"}],"predecessor-version":[{"id":68916,"href":"https:\/\/www.praha7.cz\/api\/wp\/v2\/posts\/68889\/revisions\/68916"}],"wp:featuredmedia":[{"embeddable":true,"href":"https:\/\/www.praha7.cz\/api\/wp\/v2\/media\/68890"}],"wp:attachment":[{"href":"https:\/\/www.praha7.cz\/api\/wp\/v2\/media?parent=68889"}],"wp:term":[{"taxonomy":"category","embeddable":true,"href":"https:\/\/www.praha7.cz\/api\/wp\/v2\/categories?post=68889"},{"taxonomy":"post_tag","embeddable":true,"href":"https:\/\/www.praha7.cz\/api\/wp\/v2\/tags?post=68889"}],"curies":[{"name":"wp","href":"https:\/\/api.w.org\/{rel}","templated":true}]}}