    
{"id":68862,"date":"2023-07-28T14:36:45","date_gmt":"2023-07-28T12:36:45","guid":{"rendered":"https:\/\/www.praha7.cz\/?p=68862"},"modified":"2023-07-28T14:39:25","modified_gmt":"2023-07-28T12:39:25","slug":"stavba-v-parku-u-vody-vstupuje-do-dalsi-etapy","status":"publish","type":"post","link":"https:\/\/www.praha7.cz\/stavba-v-parku-u-vody-vstupuje-do-dalsi-etapy\/","title":{"rendered":"Pr\u00e1ce v&nbsp;parku U&nbsp;Vody vstupuj\u00ed do dal\u0161\u00ed etapy"},"content":{"rendered":"<p>[perex]<\/p>\r\n<p>Upozor\u0148ujeme ob\u010dany, \u017ee pr\u00e1ce na nov\u00e9m parku U&nbsp;Vody vstoup\u00ed v\u00a0sobotu 29.&nbsp;7.&nbsp;2023 do dal\u0161\u00ed etapy. Pracovat se za\u010dne v&nbsp;b\u0159ehov\u00e9 linii a&nbsp;prostorem parku se bude pohybovat stavebn\u00ed technika. Z\u00a0toho d\u016fvodu bude nutn\u00e9 pro ve\u0159ejnost uzav\u0159\u00edt tak\u00e9 v\u00fdchodn\u00ed \u010d\u00e1st parku, kter\u00e1 od za\u010d\u00e1tku stavby v\u00a0polovin\u011b \u010dervna a\u017e dosud z\u016fst\u00e1vala p\u0159\u00edstupn\u00e1.<\/p>\r\n<p>[\/perex]<\/p>\r\n<p>Nad\u00e1le je k&nbsp;dispozici cesta od vchodu u&nbsp;\u017eelezni\u010dn\u00edho mostu naproti vnitrobloku U&nbsp;Vody. Park je tak\u00e9 v&nbsp;t\u00e9to \u010d\u00e1sti uzav\u0159en\u00fd (v\u010detn\u011b fitness prvk\u016f), zachov\u00e1n v\u0161ak z\u016fst\u00e1v\u00e1 pr\u016fchod k&nbsp;mostu Barik\u00e1dn\u00edk\u016f, nov\u00e9 stezce pro p\u011b\u0161\u00ed a&nbsp;cyklisty na n\u00e1b\u0159e\u017e\u00ed a&nbsp;d\u00e1le sm\u011brem ke Stromovce.<\/p>\r\n<p>Tento stav bude platit do odvol\u00e1n\u00ed, jednotliv\u00e9 \u010d\u00e1sti parku se budeme sna\u017eit postupn\u011b zp\u0159\u00edstup\u0148ovat, jakmile to postup stavby umo\u017en\u00ed. Pros\u00edme, pro vlastn\u00ed bezpe\u010dnost respektujte nastaven\u00e1 opat\u0159en\u00ed, nenaru\u0161ujte oplocen\u00ed a&nbsp;nevstupujte do prostoru stavby.<\/p>\r\n<p>D\u011bkujeme za pochopen\u00ed a&nbsp;omlouv\u00e1me se za sou\u010dasn\u00e1 omezen\u00ed.<\/p>\r\n<p>&nbsp;<\/p>\r\n<p><a href=\"https:\/\/www.praha7.cz\/wp-content\/uploads\/2023\/07\/staveniste.png\"><img loading=\"lazy\" src=\"https:\/\/www.praha7.cz\/wp-content\/uploads\/2023\/07\/staveniste.png\" alt=\"\" width=\"1466\" height=\"642\" class=\"alignnone size-full wp-image-68863\" srcset=\"https:\/\/www.praha7.cz\/wp-content\/uploads\/2023\/07\/staveniste.png 1466w, https:\/\/www.praha7.cz\/wp-content\/uploads\/2023\/07\/staveniste-600x263.png 600w, https:\/\/www.praha7.cz\/wp-content\/uploads\/2023\/07\/staveniste-768x336.png 768w\" sizes=\"(max-width: 1466px) 100vw, 1466px\" \/><\/a><\/p>\r\n<p>&nbsp;<\/p>\r\n<p><strong>Pro dal\u0161\u00ed informace sledujte: <a href=\"https:\/\/www.praha7.cz\/potrebuji-zaridit\/stavba-rekonstrukce\/planujte-sedmicku-s-nami\/park-u-vody\/\">www.praha7.cz\/park-u-vody<\/a><\/strong><\/p>","protected":false},"excerpt":{"rendered":"[perex] Upozor\u0148ujeme ob\u010dany, \u017ee pr\u00e1ce na nov\u00e9m parku U&nbsp;Vody vstoup\u00ed v\u00a0sobotu 29.&nbsp;7.&nbsp;2023 do dal\u0161\u00ed etapy. Pracovat se za\u010dne v&nbsp;b\u0159ehov\u00e9 linii a&nbsp;prostorem parku se bude pohybovat stavebn\u00ed technika. Z\u00a0toho d\u016fvodu bude nutn\u00e9 pro ve\u0159ejnost uzav\u0159\u00edt tak\u00e9 v\u00fdchodn\u00ed \u010d\u00e1st parku, kter\u00e1 od za\u010d\u00e1tku stavby v\u00a0polovin\u011b \u010dervna a\u017e dosud z\u016fst\u00e1vala p\u0159\u00edstupn\u00e1. [\/perex] Nad\u00e1le je k&nbsp;dispozici cesta od vchodu [&hellip;]","protected":false},"author":5,"featured_media":67709,"comment_status":"closed","ping_status":"open","sticky":false,"template":"","format":"standard","meta":[],"categories":[34],"tags":[],"_links":{"self":[{"href":"https:\/\/www.praha7.cz\/api\/wp\/v2\/posts\/68862"}],"collection":[{"href":"https:\/\/www.praha7.cz\/api\/wp\/v2\/posts"}],"about":[{"href":"https:\/\/www.praha7.cz\/api\/wp\/v2\/types\/post"}],"author":[{"embeddable":true,"href":"https:\/\/www.praha7.cz\/api\/wp\/v2\/users\/5"}],"replies":[{"embeddable":true,"href":"https:\/\/www.praha7.cz\/api\/wp\/v2\/comments?post=68862"}],"version-history":[{"count":3,"href":"https:\/\/www.praha7.cz\/api\/wp\/v2\/posts\/68862\/revisions"}],"predecessor-version":[{"id":68866,"href":"https:\/\/www.praha7.cz\/api\/wp\/v2\/posts\/68862\/revisions\/68866"}],"wp:featuredmedia":[{"embeddable":true,"href":"https:\/\/www.praha7.cz\/api\/wp\/v2\/media\/67709"}],"wp:attachment":[{"href":"https:\/\/www.praha7.cz\/api\/wp\/v2\/media?parent=68862"}],"wp:term":[{"taxonomy":"category","embeddable":true,"href":"https:\/\/www.praha7.cz\/api\/wp\/v2\/categories?post=68862"},{"taxonomy":"post_tag","embeddable":true,"href":"https:\/\/www.praha7.cz\/api\/wp\/v2\/tags?post=68862"}],"curies":[{"name":"wp","href":"https:\/\/api.w.org\/{rel}","templated":true}]}}