    
{"id":68822,"date":"2023-07-27T11:10:10","date_gmt":"2023-07-27T09:10:10","guid":{"rendered":"https:\/\/www.praha7.cz\/?p=68822"},"modified":"2023-07-27T11:10:10","modified_gmt":"2023-07-27T09:10:10","slug":"privoz-holka-vypluje-v-patek-naposledy","status":"publish","type":"post","link":"https:\/\/www.praha7.cz\/privoz-holka-vypluje-v-patek-naposledy\/","title":{"rendered":"P\u0159\u00edvoz HolKa vypluje v&nbsp;p\u00e1tek naposledy"},"content":{"rendered":"<p>[perex]<\/p>\r\n<p>N\u011bco star\u00e9ho kon\u010d\u00ed, n\u011bco nov\u00e9ho za\u010d\u00edn\u00e1. Tak bychom mohli shrnout posledn\u00ed plavbu p\u0159\u00edvozu P7, pro kter\u00fd se v\u017eil n\u00e1zev HolKa, podle dvou pra\u017esk\u00fdch \u010dtvrt\u00ed, Hole\u0161ovic a&nbsp;Karl\u00edna, je\u017e tato vodn\u00ed linka propojovala. P\u0159\u00edvoz P7 vypluje naposled v&nbsp;p\u00e1tek 28.&nbsp;\u010dervence 2023 v&nbsp;15 hodin, tent\u00fd\u017e den ho nahrad\u00ed nov\u00e1 pra\u017esk\u00e1 mostn\u00ed stavba \u2013 \u0160tvanick\u00e1 l\u00e1vka.<\/p>\r\n<p>[\/perex]<\/p>\r\n<p>P\u0159\u00edvoz zvan\u00fd HolKa plul u&nbsp;v\u00fdchodn\u00edho c\u00edpu ostrova \u0160tvanice od 7.&nbsp;srpna 2015 a&nbsp;zaji\u0161\u0165oval spojen\u00ed Hole\u0161ovic s&nbsp;Karl\u00ednem (do roku 2021 i&nbsp;s&nbsp;ostrovem \u0160tvanice). P\u0159esto\u017ee byl v&nbsp;z\u00e1kladu p\u0159\u00edvozem sezonn\u00edm, n\u011bkdy pom\u00e1hal i&nbsp;v&nbsp;zimn\u00edm obdob\u00ed p\u0159i omezen\u00edch tramvajov\u00e9 dopravy na Libe\u0148sk\u00e9m most\u011b \u010di na Bubensk\u00e9m n\u00e1b\u0159e\u017e\u00ed. Svou kari\u00e9ru zakon\u010d\u00ed rozlu\u010dkov\u00fdm provozem tento p\u00e1tek 28.&nbsp;\u010dervence.<\/p>\r\n<p><br \/>\r\nZa skoro osm let linka p\u0159epravila t\u00e9m\u011b\u0159 690&nbsp;000 cestuj\u00edc\u00edch, tedy pr\u016fm\u011brn\u011b 377 osob denn\u011b. S&nbsp;plavidly i&nbsp;p\u0159evozn\u00edky z&nbsp;P7 se ale m\u016f\u017eete setk\u00e1vat d\u00e1l, proto\u017ee ve sv\u00e9 slu\u017eb\u011b v&nbsp;PID a&nbsp;na Vltav\u011b pokra\u010duj\u00ed \u2013 konkr\u00e9tn\u011b na p\u0159\u00edvozu P4 spojuj\u00edc\u00edm Mod\u0159any s&nbsp;Velkou Chuchl\u00ed (term\u00edn znovuvyplut\u00ed linky P4 zat\u00edm nen\u00ed stanoven).<br \/>\r\n<a href=\"https:\/\/www.praha7.cz\/wp-content\/uploads\/2023\/07\/jizdni-rad_HolKa2.jpg\"><img loading=\"lazy\" src=\"https:\/\/www.praha7.cz\/wp-content\/uploads\/2023\/07\/jizdni-rad_HolKa2-1296x1000.jpg\" alt=\"\" width=\"640\" height=\"494\" class=\"alignnone size-large wp-image-68824\" srcset=\"https:\/\/www.praha7.cz\/wp-content\/uploads\/2023\/07\/jizdni-rad_HolKa2-1296x1000.jpg 1296w, https:\/\/www.praha7.cz\/wp-content\/uploads\/2023\/07\/jizdni-rad_HolKa2-518x400.jpg 518w, https:\/\/www.praha7.cz\/wp-content\/uploads\/2023\/07\/jizdni-rad_HolKa2-768x593.jpg 768w, https:\/\/www.praha7.cz\/wp-content\/uploads\/2023\/07\/jizdni-rad_HolKa2-1536x1185.jpg 1536w, https:\/\/www.praha7.cz\/wp-content\/uploads\/2023\/07\/jizdni-rad_HolKa2.jpg 2048w\" sizes=\"(max-width: 640px) 100vw, 640px\" \/><\/a> <a href=\"https:\/\/www.praha7.cz\/wp-content\/uploads\/2023\/07\/jizdni-rad_HolKa1.jpg\"><img loading=\"lazy\" src=\"https:\/\/www.praha7.cz\/wp-content\/uploads\/2023\/07\/jizdni-rad_HolKa1-1296x1000.jpg\" alt=\"\" width=\"640\" height=\"494\" class=\"alignnone size-large wp-image-68825\" srcset=\"https:\/\/www.praha7.cz\/wp-content\/uploads\/2023\/07\/jizdni-rad_HolKa1-1296x1000.jpg 1296w, https:\/\/www.praha7.cz\/wp-content\/uploads\/2023\/07\/jizdni-rad_HolKa1-518x400.jpg 518w, https:\/\/www.praha7.cz\/wp-content\/uploads\/2023\/07\/jizdni-rad_HolKa1-768x593.jpg 768w, https:\/\/www.praha7.cz\/wp-content\/uploads\/2023\/07\/jizdni-rad_HolKa1-1536x1185.jpg 1536w, https:\/\/www.praha7.cz\/wp-content\/uploads\/2023\/07\/jizdni-rad_HolKa1.jpg 2048w\" sizes=\"(max-width: 640px) 100vw, 640px\" \/><\/a><\/p>","protected":false},"excerpt":{"rendered":"[perex] N\u011bco star\u00e9ho kon\u010d\u00ed, n\u011bco nov\u00e9ho za\u010d\u00edn\u00e1. Tak bychom mohli shrnout posledn\u00ed plavbu p\u0159\u00edvozu P7, pro kter\u00fd se v\u017eil n\u00e1zev HolKa, podle dvou pra\u017esk\u00fdch \u010dtvrt\u00ed, Hole\u0161ovic a&nbsp;Karl\u00edna, je\u017e tato vodn\u00ed linka propojovala. P\u0159\u00edvoz P7 vypluje naposled v&nbsp;p\u00e1tek 28.&nbsp;\u010dervence 2023 v&nbsp;15 hodin, tent\u00fd\u017e den ho nahrad\u00ed nov\u00e1 pra\u017esk\u00e1 mostn\u00ed stavba \u2013 \u0160tvanick\u00e1 l\u00e1vka. [\/perex] P\u0159\u00edvoz zvan\u00fd [&hellip;]","protected":false},"author":251,"featured_media":68823,"comment_status":"closed","ping_status":"open","sticky":false,"template":"","format":"standard","meta":[],"categories":[34],"tags":[],"_links":{"self":[{"href":"https:\/\/www.praha7.cz\/api\/wp\/v2\/posts\/68822"}],"collection":[{"href":"https:\/\/www.praha7.cz\/api\/wp\/v2\/posts"}],"about":[{"href":"https:\/\/www.praha7.cz\/api\/wp\/v2\/types\/post"}],"author":[{"embeddable":true,"href":"https:\/\/www.praha7.cz\/api\/wp\/v2\/users\/251"}],"replies":[{"embeddable":true,"href":"https:\/\/www.praha7.cz\/api\/wp\/v2\/comments?post=68822"}],"version-history":[{"count":1,"href":"https:\/\/www.praha7.cz\/api\/wp\/v2\/posts\/68822\/revisions"}],"predecessor-version":[{"id":68826,"href":"https:\/\/www.praha7.cz\/api\/wp\/v2\/posts\/68822\/revisions\/68826"}],"wp:featuredmedia":[{"embeddable":true,"href":"https:\/\/www.praha7.cz\/api\/wp\/v2\/media\/68823"}],"wp:attachment":[{"href":"https:\/\/www.praha7.cz\/api\/wp\/v2\/media?parent=68822"}],"wp:term":[{"taxonomy":"category","embeddable":true,"href":"https:\/\/www.praha7.cz\/api\/wp\/v2\/categories?post=68822"},{"taxonomy":"post_tag","embeddable":true,"href":"https:\/\/www.praha7.cz\/api\/wp\/v2\/tags?post=68822"}],"curies":[{"name":"wp","href":"https:\/\/api.w.org\/{rel}","templated":true}]}}