    
{"id":68807,"date":"2023-07-26T17:19:35","date_gmt":"2023-07-26T15:19:35","guid":{"rendered":"https:\/\/www.praha7.cz\/?p=68807"},"modified":"2023-07-26T17:19:35","modified_gmt":"2023-07-26T15:19:35","slug":"zakaz-rozdelavani-ohnu-odvolan","status":"publish","type":"post","link":"https:\/\/www.praha7.cz\/zakaz-rozdelavani-ohnu-odvolan\/","title":{"rendered":"Z\u00e1kaz rozd\u011bl\u00e1v\u00e1n\u00ed oh\u0148\u016f odvol\u00e1n"},"content":{"rendered":"<p>[perex]<\/p>\r\n<p>Na z\u00e1klad\u011b informace \u010cesk\u00e9ho hydrometeorologick\u00e9ho \u00fastavu, kterou se ru\u0161\u00ed v\u00fdstraha p\u0159ed nebezpe\u010d\u00edm po\u017e\u00e1ru, kon\u010d\u00ed dne 26.&nbsp;\u010dervence 2023 platnost na\u0159\u00edzen\u00ed hl. m. Prahy t\u00fdkaj\u00edc\u00ed se z\u00e1kazu rozd\u011bl\u00e1v\u00e1n\u00ed oh\u0148\u016f na m\u00edstech zv\u00fd\u0161en\u00e9ho nebezpe\u010d\u00ed vzniku po\u017e\u00e1ru.<\/p>\r\n<p>[\/perex]<\/p>\r\n<p>V\u00fdstraha p\u0159ed nebezpe\u010d\u00edm po\u017e\u00e1ru je zru\u0161ena, tak\u017ee nap\u0159\u00edklad grilov\u00e1n\u00ed s&nbsp;p\u0159\u00e1teli moment\u00e1ln\u011b nic nebr\u00e1n\u00ed.<\/p>\r\n<p>Vyu\u017e\u00edt m\u016f\u017eete t\u0159eba <a href=\"https:\/\/navystavisti.cz\/kam-za-jidlem\/griloviste\/\" target=\"_blank\" rel=\"noopener\">grilovi\u0161t\u011b na V\u00fdstavi\u0161ti<\/a> nebo piknikov\u00e1 m\u00edsta s&nbsp;mo\u017enost\u00ed grilov\u00e1n\u00ed bez rezervace v&nbsp;parku Stromovka.<\/p>\r\n<p><a href=\"https:\/\/www.praha7.cz\/wp-content\/uploads\/2023\/07\/Stromovka_grilovani_2023.jpg\"><img loading=\"lazy\" src=\"https:\/\/www.praha7.cz\/wp-content\/uploads\/2023\/07\/Stromovka_grilovani_2023-1500x884.jpg\" alt=\"\" width=\"640\" height=\"377\" class=\"alignnone size-large wp-image-68808\" srcset=\"https:\/\/www.praha7.cz\/wp-content\/uploads\/2023\/07\/Stromovka_grilovani_2023-1500x884.jpg 1500w, https:\/\/www.praha7.cz\/wp-content\/uploads\/2023\/07\/Stromovka_grilovani_2023-600x353.jpg 600w, https:\/\/www.praha7.cz\/wp-content\/uploads\/2023\/07\/Stromovka_grilovani_2023-768x452.jpg 768w, https:\/\/www.praha7.cz\/wp-content\/uploads\/2023\/07\/Stromovka_grilovani_2023-1536x905.jpg 1536w, https:\/\/www.praha7.cz\/wp-content\/uploads\/2023\/07\/Stromovka_grilovani_2023.jpg 1908w\" sizes=\"(max-width: 640px) 100vw, 640px\" \/><\/a><\/p>\r\n<p>&nbsp;<\/p>","protected":false},"excerpt":{"rendered":"[perex] Na z\u00e1klad\u011b informace \u010cesk\u00e9ho hydrometeorologick\u00e9ho \u00fastavu, kterou se ru\u0161\u00ed v\u00fdstraha p\u0159ed nebezpe\u010d\u00edm po\u017e\u00e1ru, kon\u010d\u00ed dne 26.&nbsp;\u010dervence 2023 platnost na\u0159\u00edzen\u00ed hl. m. Prahy t\u00fdkaj\u00edc\u00ed se z\u00e1kazu rozd\u011bl\u00e1v\u00e1n\u00ed oh\u0148\u016f na m\u00edstech zv\u00fd\u0161en\u00e9ho nebezpe\u010d\u00ed vzniku po\u017e\u00e1ru. [\/perex] V\u00fdstraha p\u0159ed nebezpe\u010d\u00edm po\u017e\u00e1ru je zru\u0161ena, tak\u017ee nap\u0159\u00edklad grilov\u00e1n\u00ed s&nbsp;p\u0159\u00e1teli moment\u00e1ln\u011b nic nebr\u00e1n\u00ed. Vyu\u017e\u00edt m\u016f\u017eete t\u0159eba grilovi\u0161t\u011b na V\u00fdstavi\u0161ti nebo [&hellip;]","protected":false},"author":251,"featured_media":64406,"comment_status":"closed","ping_status":"open","sticky":false,"template":"","format":"standard","meta":[],"categories":[34],"tags":[],"_links":{"self":[{"href":"https:\/\/www.praha7.cz\/api\/wp\/v2\/posts\/68807"}],"collection":[{"href":"https:\/\/www.praha7.cz\/api\/wp\/v2\/posts"}],"about":[{"href":"https:\/\/www.praha7.cz\/api\/wp\/v2\/types\/post"}],"author":[{"embeddable":true,"href":"https:\/\/www.praha7.cz\/api\/wp\/v2\/users\/251"}],"replies":[{"embeddable":true,"href":"https:\/\/www.praha7.cz\/api\/wp\/v2\/comments?post=68807"}],"version-history":[{"count":1,"href":"https:\/\/www.praha7.cz\/api\/wp\/v2\/posts\/68807\/revisions"}],"predecessor-version":[{"id":68809,"href":"https:\/\/www.praha7.cz\/api\/wp\/v2\/posts\/68807\/revisions\/68809"}],"wp:featuredmedia":[{"embeddable":true,"href":"https:\/\/www.praha7.cz\/api\/wp\/v2\/media\/64406"}],"wp:attachment":[{"href":"https:\/\/www.praha7.cz\/api\/wp\/v2\/media?parent=68807"}],"wp:term":[{"taxonomy":"category","embeddable":true,"href":"https:\/\/www.praha7.cz\/api\/wp\/v2\/categories?post=68807"},{"taxonomy":"post_tag","embeddable":true,"href":"https:\/\/www.praha7.cz\/api\/wp\/v2\/tags?post=68807"}],"curies":[{"name":"wp","href":"https:\/\/api.w.org\/{rel}","templated":true}]}}