    
{"id":68760,"date":"2023-07-25T14:12:14","date_gmt":"2023-07-25T12:12:14","guid":{"rendered":"https:\/\/www.praha7.cz\/?p=68760"},"modified":"2023-07-28T14:57:36","modified_gmt":"2023-07-28T12:57:36","slug":"stvanicka-lavka-se-otevre-28-cervence","status":"publish","type":"post","link":"https:\/\/www.praha7.cz\/stvanicka-lavka-se-otevre-28-cervence\/","title":{"rendered":"\u0160tvanick\u00e1 l\u00e1vka se otev\u0159e 28.&nbsp;\u010dervence"},"content":{"rendered":"<p>[perex]<\/p>\r\n<p>\u0160tvanick\u00e1 l\u00e1vka se ve\u0159ejnosti otev\u0159e v&nbsp;p\u00e1tek 28.&nbsp;\u010dervence 2023 po poledni. Stavba propoj\u00ed m\u011bstsk\u00e9 \u010dtvrti Karl\u00edn a&nbsp;Hole\u0161ovice s&nbsp;ostrovem \u0160tvanice. T\u0159i sta metr\u016f dlouh\u00e1 a&nbsp;p\u011bt metr\u016f \u0161irok\u00e1 konstrukce z&nbsp;unik\u00e1tn\u00edho ultravysokopevnostn\u00edho betonu v\u00fdrazn\u011b usnadn\u00ed p\u0159esun p\u011b\u0161\u00edm i&nbsp;cyklist\u016fm. K&nbsp;oslav\u00e1m otev\u0159en\u00ed zvou \u010dty\u0159i obl\u00edben\u00e9 podniky z&nbsp;obou b\u0159eh\u016f: Vrrr\u00e1tnice, Baden Baden, Vlny \u0160tvanice a&nbsp;P\u0159\u00edstav 18600.\u00a0<\/p>\r\n<p>[\/perex]<\/p>\r\n<p>Bezbari\u00e9rov\u00e1 l\u00e1vka je navr\u017eena jako segmentov\u00fd tr\u00e1mov\u00fd most s&nbsp;parapetn\u00edmi nosn\u00edky. D\u00e9lka mostu je 299,4 metru, d\u00e9lka bo\u010dn\u00ed rampy na \u0160tvanici \u010din\u00ed 84 metr\u016f. Stavba sest\u00e1v\u00e1 z&nbsp;osmi pol\u00ed, maxim\u00e1ln\u00ed rozp\u011bt\u00ed pole je 55,4 metru. Zalo\u017eena je hlubinn\u011b na velkopr\u016fm\u011brov\u00fdch vrtan\u00fdch pilot\u00e1ch, krajn\u00ed pole na hole\u0161ovick\u00e9m b\u0159ehu je pro p\u0159\u00edpad povodn\u00ed navr\u017eeno jako zdvi\u017en\u00e9.<\/p>\r\n<p>Nosn\u00e1 konstrukce v&nbsp;hlavn\u00edm sm\u011bru m\u00e1 \u0161\u00ed\u0159ku p\u011bt metr\u016f, aby kapacitn\u011b vyhov\u011bla zv\u00fd\u0161en\u00e9mu provozu chodc\u016f a&nbsp;cyklist\u016f. Bo\u010dn\u00ed rampa je pak navr\u017eena v&nbsp;redukovan\u00e9 \u0161\u00ed\u0159ce \u010dty\u0159i metry. Auto\u0159i n\u00e1vrhu l\u00e1vky jsou architekti Petr Tej a&nbsp;Marek Blank.<\/p>\r\n<p>Otev\u0159en\u00ed l\u00e1vky m\u016f\u017eete oslavit spole\u010dn\u011b s&nbsp;obl\u00edben\u00fdmi podniky: hole\u0161ovickou Vrrr\u00e1tnic\u00ed, \u0161tvanick\u00fdmi Baden Baden a&nbsp;Vlnami \u0160tvanice a&nbsp;karl\u00ednsk\u00fdm P\u0159\u00edstavem 18600. Akce prob\u011bhne v&nbsp;p\u00e1tek 28.&nbsp;\u010dervence 2023 v&nbsp;odpoledn\u00edch hodin\u00e1ch, v\u00edce se do\u010dtete <a href=\"https:\/\/www.facebook.com\/events\/235293859337608?active_tab=about&amp;locale=cs_CZ\" target=\"_blank\" rel=\"noopener\">ve facebookov\u00e9 ud\u00e1losti<\/a>.<\/p>","protected":false},"excerpt":{"rendered":"[perex] \u0160tvanick\u00e1 l\u00e1vka se ve\u0159ejnosti otev\u0159e v&nbsp;p\u00e1tek 28.&nbsp;\u010dervence 2023 po poledni. Stavba propoj\u00ed m\u011bstsk\u00e9 \u010dtvrti Karl\u00edn a&nbsp;Hole\u0161ovice s&nbsp;ostrovem \u0160tvanice. T\u0159i sta metr\u016f dlouh\u00e1 a&nbsp;p\u011bt metr\u016f \u0161irok\u00e1 konstrukce z&nbsp;unik\u00e1tn\u00edho ultravysokopevnostn\u00edho betonu v\u00fdrazn\u011b usnadn\u00ed p\u0159esun p\u011b\u0161\u00edm i&nbsp;cyklist\u016fm. K&nbsp;oslav\u00e1m otev\u0159en\u00ed zvou \u010dty\u0159i obl\u00edben\u00e9 podniky z&nbsp;obou b\u0159eh\u016f: Vrrr\u00e1tnice, Baden Baden, Vlny \u0160tvanice a&nbsp;P\u0159\u00edstav 18600.\u00a0 [\/perex] Bezbari\u00e9rov\u00e1 l\u00e1vka je navr\u017eena [&hellip;]","protected":false},"author":251,"featured_media":68761,"comment_status":"closed","ping_status":"open","sticky":false,"template":"","format":"standard","meta":[],"categories":[34],"tags":[],"_links":{"self":[{"href":"https:\/\/www.praha7.cz\/api\/wp\/v2\/posts\/68760"}],"collection":[{"href":"https:\/\/www.praha7.cz\/api\/wp\/v2\/posts"}],"about":[{"href":"https:\/\/www.praha7.cz\/api\/wp\/v2\/types\/post"}],"author":[{"embeddable":true,"href":"https:\/\/www.praha7.cz\/api\/wp\/v2\/users\/251"}],"replies":[{"embeddable":true,"href":"https:\/\/www.praha7.cz\/api\/wp\/v2\/comments?post=68760"}],"version-history":[{"count":5,"href":"https:\/\/www.praha7.cz\/api\/wp\/v2\/posts\/68760\/revisions"}],"predecessor-version":[{"id":68798,"href":"https:\/\/www.praha7.cz\/api\/wp\/v2\/posts\/68760\/revisions\/68798"}],"wp:featuredmedia":[{"embeddable":true,"href":"https:\/\/www.praha7.cz\/api\/wp\/v2\/media\/68761"}],"wp:attachment":[{"href":"https:\/\/www.praha7.cz\/api\/wp\/v2\/media?parent=68760"}],"wp:term":[{"taxonomy":"category","embeddable":true,"href":"https:\/\/www.praha7.cz\/api\/wp\/v2\/categories?post=68760"},{"taxonomy":"post_tag","embeddable":true,"href":"https:\/\/www.praha7.cz\/api\/wp\/v2\/tags?post=68760"}],"curies":[{"name":"wp","href":"https:\/\/api.w.org\/{rel}","templated":true}]}}