    
{"id":68726,"date":"2023-07-24T18:24:54","date_gmt":"2023-07-24T16:24:54","guid":{"rendered":"https:\/\/www.praha7.cz\/?p=68726"},"modified":"2023-08-29T12:06:56","modified_gmt":"2023-08-29T10:06:56","slug":"dopravni-uzavirka-dukelskych-hrdinu-strojnicka-u-vystaviste-2","status":"publish","type":"post","link":"https:\/\/www.praha7.cz\/dopravni-uzavirka-dukelskych-hrdinu-strojnicka-u-vystaviste-2\/","title":{"rendered":"Dopravn\u00ed uzav\u00edrka Dukelsk\u00fdch hrdin\u016f, Strojnick\u00e1, U&nbsp;V\u00fdstavi\u0161t\u011b"},"content":{"rendered":"<p>[perex]<\/p>\r\n<p>V r\u00e1mci modernizace \u017eeleznice prob\u011bhne instalace ochrann\u00e9ho r\u00e1mu pro v\u00fdstavbu nov\u00e9ho \u017eelezni\u010dn\u00edho mostu u&nbsp;V\u00fdstavi\u0161t\u011b. B\u011bhem t\u011bchto prac\u00ed dojde k&nbsp;dopravn\u00ed uzav\u00edrce v&nbsp;k\u0159i\u017eovatce ulic Dukelsk\u00fdch hrdin\u016f, Strojnick\u00e1 a&nbsp;U&nbsp;V\u00fdstavi\u0161t\u011b. Od pond\u011bl\u00ed 31.&nbsp;\u010dervence 2023 (p\u0159ibli\u017en\u011b od 0.00 hodin) do p\u00e1tku 25.&nbsp;srpna 2023 (p\u0159ibli\u017en\u011b do 24.00 hodin) bude p\u0159eru\u0161en provoz tramvaj\u00ed v&nbsp;\u00faseku Strossmayerovo n\u00e1m\u011bst\u00ed \u2013 V\u00fdstavi\u0161t\u011b. K\u0159i\u017eovatka u&nbsp;V\u00fdstavi\u0161t\u011b bude uzav\u0159ena tak\u00e9 pro automobilovou dopravu a&nbsp;to a\u017e do konce roku 2023. V&nbsp;dob\u011b v\u00fdluky bude pos\u00edlena autobusov\u00e1 linka 156, kter\u00e1 v&nbsp;dot\u010den\u00e9 oblasti bude jezdit i&nbsp;o&nbsp;v\u00edkendech.<\/p>\r\n<p>[\/perex]<\/p>\r\n<h3>Zm\u011bny tras tramvajov\u00fdch linek<\/h3>\r\n<p><strong>Linky \u010d\u00edslo 6 a&nbsp;94<\/strong> budou v&nbsp;\u00faseku Strossmayerovo n\u00e1m\u011bst\u00ed \u2013 Maniny odklon\u011bny p\u0159es zast\u00e1vky Vltavsk\u00e1 a&nbsp;Hole\u0161ovick\u00e1 tr\u017enice.<\/p>\r\n<p><strong>Linky \u010d\u00edslo 17 a&nbsp;93<\/strong> budou v&nbsp;\u00faseku Strossmayerovo n\u00e1m\u011bst\u00ed \u2013 N\u00e1dra\u017e\u00ed Hole\u0161ovice odklon\u011bny p\u0159es zast\u00e1vky Vltavsk\u00e1, D\u011blnick\u00e1 a&nbsp;Ortenovo n\u00e1m\u011bst\u00ed.<\/p>\r\n<p><strong>Historick\u00e1 linka \u010d\u00edslo 41<\/strong> bude v&nbsp;\u00faseku Strossmayerovo n\u00e1m\u011bst\u00ed \u2013 \u010cech\u016fv most (v&nbsp;uveden\u00e9m sm\u011bru) odklon\u011bna p\u0159es zast\u00e1vky Vltavsk\u00e1 (na p\u0159edmost\u00ed Hl\u00e1vkova mostu), T\u011b\u0161nov, B\u00edl\u00e1 labu\u0165, N\u00e1m\u011bst\u00ed Republiky a&nbsp;Dlouh\u00e1 t\u0159\u00edda.<\/p>\r\n<p>V denn\u00edm provozu je zavedena tramvajov\u00e1 <strong>linka \u010d\u00edslo 27<\/strong> v&nbsp;trase Libu\u0161 \u2013 Levsk\u00e9ho \u2013 Poliklinika Mod\u0159any \u2013 N\u00e1dra\u017e\u00ed Bran\u00edk \u2013 Dvorce \u2013 Podolsk\u00e1 vod\u00e1rna \u2013 Palack\u00e9ho n\u00e1m\u011bst\u00ed \u2013 N\u00e1rodn\u00ed divadlo \u2013 Starom\u011bstsk\u00e1 \u2013 Pr\u00e1vnick\u00e1 fakulta \u2013 Strossmayerovo n\u00e1m\u011bst\u00ed \u2013 Letensk\u00e9 n\u00e1m\u011bst\u00ed \u2013 \u0160pejchar.<\/p>\r\n<p>&nbsp;<\/p>\r\n<h3>Pos\u00edlen\u00ed provozu autobusu 156<\/h3>\r\n<p>V dob\u011b v\u00fdluky budou o&nbsp;v\u00edkendech (p\u0159ibli\u017en\u011b od 8.00 hodin do 19.00 hodin) zavedeny (v&nbsp;uveden\u00e9m sm\u011bru) spoje linky \u010d\u00edslo 156 v&nbsp;trase Vltavsk\u00e1 \u2013 Strossmayerovo n\u00e1m\u011bst\u00ed \u2013 Veletr\u017en\u00ed pal\u00e1c \u2013 OC Stromovka \u2013 Veletr\u017en\u00ed pal\u00e1c \u2013 \u0158ez\u00e1\u010dovo n\u00e1m\u011bst\u00ed \u2013 Bubensk\u00e1 \u2013 Vltavsk\u00e1.<\/p>\r\n<p>V\u00edkendov\u00fd j\u00edzdn\u00ed \u0159\u00e1d autobusov\u00e9 linky 156 <a href=\"https:\/\/www.praha7.cz\/wp-content\/uploads\/2023\/07\/156_JRvikend.pdf\" target=\"_blank\" rel=\"noopener\">ZDE<\/a>.<\/p>\r\n<p>Podrobn\u00e9 informace o&nbsp;v\u00fdluce MHD jsou aktualizov\u00e1ny <a href=\"https:\/\/www.dpp.cz\/omezeni-a-mimoradne-udalosti\/detail\/18849\" target=\"_blank\" rel=\"noopener\">ZDE<\/a>.<\/p>\r\n<p>&nbsp;<\/p>\r\n<p>Sch\u00e9ma v\u00fdluky tramvaj\u00ed:<\/p>\r\n<p><a href=\"https:\/\/www.praha7.cz\/wp-content\/uploads\/2023\/07\/Schema_provozu_behem_opatreni_Stross_namesti_Vystaviste.png\"><img loading=\"lazy\" src=\"https:\/\/www.praha7.cz\/wp-content\/uploads\/2023\/07\/Schema_provozu_behem_opatreni_Stross_namesti_Vystaviste-1443x1000.png\" alt=\"\" width=\"640\" height=\"444\" class=\"alignnone size-large wp-image-68727\" srcset=\"https:\/\/www.praha7.cz\/wp-content\/uploads\/2023\/07\/Schema_provozu_behem_opatreni_Stross_namesti_Vystaviste-1443x1000.png 1443w, https:\/\/www.praha7.cz\/wp-content\/uploads\/2023\/07\/Schema_provozu_behem_opatreni_Stross_namesti_Vystaviste-577x400.png 577w, https:\/\/www.praha7.cz\/wp-content\/uploads\/2023\/07\/Schema_provozu_behem_opatreni_Stross_namesti_Vystaviste-768x532.png 768w, https:\/\/www.praha7.cz\/wp-content\/uploads\/2023\/07\/Schema_provozu_behem_opatreni_Stross_namesti_Vystaviste-1536x1064.png 1536w, https:\/\/www.praha7.cz\/wp-content\/uploads\/2023\/07\/Schema_provozu_behem_opatreni_Stross_namesti_Vystaviste-2048x1419.png 2048w\" sizes=\"(max-width: 640px) 100vw, 640px\" \/><\/a><\/p>\r\n<p>&nbsp;<\/p>\r\n<h3>Uzav\u00edrka pro automobilovou dopravu<\/h3>\r\n<p><strong>Od 31.&nbsp;7.<\/strong> bude pro automobilovou dopravu uzav\u0159ena k\u0159i\u017eovatka ul. Dukelsk\u00fdch hrdin\u016f, Strojnick\u00e1, U&nbsp;V\u00fdstavi\u0161t\u011b. Umo\u017en\u011bno bude pouze prav\u00e9 odbo\u010den\u00ed z&nbsp;ul. Strojnick\u00e1 do ul. Dukelsk\u00fdch hrdin\u016f u&nbsp;Policejn\u00edho prezidia. <strong>Tento stav bude trvat dle p\u0159edpokladu alespo\u0148\u00a0do konce roku 2023\u00a0.<\/strong> Dal\u0161\u00ed opat\u0159en\u00ed budou z\u00e1viset na v\u00fdvoji a\u00a0n\u00e1sledn\u00e9 koordinaci prac\u00ed v\u00a0dan\u00e9 oblasti.\u00a0V\u00edce informac\u00ed <a href=\"https:\/\/opravujeme.to\/action\/1345\/\" target=\"_blank\" rel=\"noopener\">ZDE<\/a>.<\/p>\r\n<p>&nbsp;<\/p>\r\n<p><strong>Obj\u00edzdn\u00e9 trasy:<\/strong><\/p>\r\n<p>\u00b7\u00a0\u00a0\u00a0\u00a0\u00a0\u00a0\u00a0\u00a0 sm\u011br Hole\u0161ovice: Veletr\u017en\u00ed, Bubensk\u00e1, \u017delezni\u010d\u00e1\u0159\u016f<\/p>\r\n<p>\u00b7\u00a0\u00a0\u00a0\u00a0\u00a0\u00a0\u00a0\u00a0 sm\u011br Troja: Veletr\u017en\u00ed, Bubensk\u00e1, Partyz\u00e1nsk\u00e1<\/p>\r\n<p>\u00b7\u00a0\u00a0\u00a0\u00a0\u00a0\u00a0\u00a0\u00a0 sm\u011br centrum: Bubensk\u00e1<\/p>\r\n<p>\u00b7\u00a0\u00a0\u00a0\u00a0\u00a0\u00a0\u00a0\u00a0 sm\u011br Strojnick\u00e1: Veletr\u017en\u00ed, u&nbsp;Stud\u00e1nky<\/p>\r\n<p>&nbsp;<\/p>\r\n<p>V dopravn\u00ed \u0161pi\u010dce po\u010d\u00edtejte se zdr\u017een\u00edm 10\u201330 minut.<\/p>\r\n<p>&nbsp;<\/p>\r\n<p>Sch\u00e9ma dopravn\u00ed uzav\u00edrky:<\/p>\r\n<p><a href=\"https:\/\/www.praha7.cz\/wp-content\/uploads\/2023\/07\/krizovatka-vyluka-schema.png\"><img loading=\"lazy\" src=\"https:\/\/www.praha7.cz\/wp-content\/uploads\/2023\/07\/krizovatka-vyluka-schema.png\" alt=\"\" width=\"785\" height=\"531\" class=\"alignnone size-full wp-image-68728\" srcset=\"https:\/\/www.praha7.cz\/wp-content\/uploads\/2023\/07\/krizovatka-vyluka-schema.png 785w, https:\/\/www.praha7.cz\/wp-content\/uploads\/2023\/07\/krizovatka-vyluka-schema-591x400.png 591w, https:\/\/www.praha7.cz\/wp-content\/uploads\/2023\/07\/krizovatka-vyluka-schema-768x520.png 768w\" sizes=\"(max-width: 785px) 100vw, 785px\" \/><\/a><\/p>\r\n<p>&nbsp;<\/p>\r\n<p>Upozor\u0148ujeme, \u017ee jednosm\u011brn\u00e1 uzav\u00edrka ul. Strojnick\u00e1 v&nbsp;\u00faseku od ul. Dukelsk\u00fdch hrdin\u016f ke h\u0159bitovu bude trvat a\u017e do konce tohoto roku. V\u00edce<a href=\"https:\/\/www.praha7.cz\/castecna-uzavirka-ulice-strojnicka\/\" target=\"_blank\" rel=\"noopener\"> ZDE<\/a>.\u00a0<\/p>\r\n<p>&nbsp;<\/p>\r\n<h3>Pr\u016fchod k&nbsp;V\u00fdstavi\u0161ti<\/h3>\r\n<p>Pr\u016fchod k&nbsp;V\u00fdstavi\u0161ti je umo\u017en\u011bn provizorn\u00edm koridorem od k\u0159i\u017eovatky ul. Strojnick\u00e1 a&nbsp;Janovsk\u00e9ho.<\/p>\r\n<p><img loading=\"lazy\" src=\"https:\/\/www.praha7.cz\/wp-content\/uploads\/2023\/07\/pruchod_pohled-na-vystaviste-1409x1000.jpg\" alt=\"\" width=\"640\" height=\"454\" class=\"alignnone size-large wp-image-68729\" srcset=\"https:\/\/www.praha7.cz\/wp-content\/uploads\/2023\/07\/pruchod_pohled-na-vystaviste-1409x1000.jpg 1409w, https:\/\/www.praha7.cz\/wp-content\/uploads\/2023\/07\/pruchod_pohled-na-vystaviste-564x400.jpg 564w, https:\/\/www.praha7.cz\/wp-content\/uploads\/2023\/07\/pruchod_pohled-na-vystaviste-768x545.jpg 768w, https:\/\/www.praha7.cz\/wp-content\/uploads\/2023\/07\/pruchod_pohled-na-vystaviste-1536x1090.jpg 1536w, https:\/\/www.praha7.cz\/wp-content\/uploads\/2023\/07\/pruchod_pohled-na-vystaviste-2048x1453.jpg 2048w\" sizes=\"(max-width: 640px) 100vw, 640px\" \/><\/p>\r\n<p>&nbsp;<\/p>\r\n<p><strong>Dal\u0161\u00ed informace k\u00a0modernizaci dr\u00e1hy, stavebn\u00edm prac\u00edm a\u00a0souvisej\u00edc\u00edm opat\u0159en\u00edm jsou uvedeny\u00a0<a href=\"https:\/\/www.praha7.cz\/modernizace-zeleznice-stavebni-prace-a-opatreni\/\" target=\"_blank\" rel=\"noopener\">ZDE<\/a>.\u00a0<\/strong><\/p>","protected":false},"excerpt":{"rendered":"[perex] V&nbsp;r\u00e1mci modernizace \u017eeleznice prob\u011bhne instalace ochrann\u00e9ho r\u00e1mu pro v\u00fdstavbu nov\u00e9ho \u017eelezni\u010dn\u00edho mostu u&nbsp;V\u00fdstavi\u0161t\u011b. B\u011bhem t\u011bchto prac\u00ed dojde k&nbsp;dopravn\u00ed uzav\u00edrce v&nbsp;k\u0159i\u017eovatce ulic Dukelsk\u00fdch hrdin\u016f, Strojnick\u00e1 a&nbsp;U&nbsp;V\u00fdstavi\u0161t\u011b. Od pond\u011bl\u00ed 31.&nbsp;\u010dervence 2023 (p\u0159ibli\u017en\u011b od 0.00 hodin) do p\u00e1tku 25.&nbsp;srpna 2023 (p\u0159ibli\u017en\u011b do 24.00 hodin) bude p\u0159eru\u0161en provoz tramvaj\u00ed v&nbsp;\u00faseku Strossmayerovo n\u00e1m\u011bst\u00ed \u2013 V\u00fdstavi\u0161t\u011b. K\u0159i\u017eovatka u&nbsp;V\u00fdstavi\u0161t\u011b bude [&hellip;]","protected":false},"author":5,"featured_media":68731,"comment_status":"closed","ping_status":"open","sticky":false,"template":"","format":"standard","meta":[],"categories":[34],"tags":[],"_links":{"self":[{"href":"https:\/\/www.praha7.cz\/api\/wp\/v2\/posts\/68726"}],"collection":[{"href":"https:\/\/www.praha7.cz\/api\/wp\/v2\/posts"}],"about":[{"href":"https:\/\/www.praha7.cz\/api\/wp\/v2\/types\/post"}],"author":[{"embeddable":true,"href":"https:\/\/www.praha7.cz\/api\/wp\/v2\/users\/5"}],"replies":[{"embeddable":true,"href":"https:\/\/www.praha7.cz\/api\/wp\/v2\/comments?post=68726"}],"version-history":[{"count":18,"href":"https:\/\/www.praha7.cz\/api\/wp\/v2\/posts\/68726\/revisions"}],"predecessor-version":[{"id":69459,"href":"https:\/\/www.praha7.cz\/api\/wp\/v2\/posts\/68726\/revisions\/69459"}],"wp:featuredmedia":[{"embeddable":true,"href":"https:\/\/www.praha7.cz\/api\/wp\/v2\/media\/68731"}],"wp:attachment":[{"href":"https:\/\/www.praha7.cz\/api\/wp\/v2\/media?parent=68726"}],"wp:term":[{"taxonomy":"category","embeddable":true,"href":"https:\/\/www.praha7.cz\/api\/wp\/v2\/categories?post=68726"},{"taxonomy":"post_tag","embeddable":true,"href":"https:\/\/www.praha7.cz\/api\/wp\/v2\/tags?post=68726"}],"curies":[{"name":"wp","href":"https:\/\/api.w.org\/{rel}","templated":true}]}}