    
{"id":68272,"date":"2023-07-11T15:37:46","date_gmt":"2023-07-11T13:37:46","guid":{"rendered":"https:\/\/www.praha7.cz\/?p=68272"},"modified":"2023-07-11T15:37:46","modified_gmt":"2023-07-11T13:37:46","slug":"zkraceni-otviraci-doby-ceske-posty-v-delnicke-12-dne-12-7","status":"publish","type":"post","link":"https:\/\/www.praha7.cz\/zkraceni-otviraci-doby-ceske-posty-v-delnicke-12-dne-12-7\/","title":{"rendered":"Zkr\u00e1cen\u00ed otv\u00edrac\u00ed doby \u010cesk\u00e9 po\u0161ty v&nbsp;D\u011blnick\u00e9 12 dne 12.&nbsp;7."},"content":{"rendered":"<p>[perex]<\/p>\r\n<p>Upozor\u0148ujeme ob\u010dany, \u017ee ve st\u0159edu 12.&nbsp;\u010dervence 2023 bude z&nbsp;d\u016fvodu odpojen\u00ed elekt\u0159iny pobo\u010dka \u010cesk\u00e9 po\u0161ty v&nbsp;ulici D\u011blnick\u00e1 213\/12 otev\u0159ena pouze do 18.00. D\u011bkujeme za pochopen\u00ed.\u00a0<\/p>\r\n<p>[\/perex]<\/p>","protected":false},"excerpt":{"rendered":"[perex] Upozor\u0148ujeme ob\u010dany, \u017ee ve st\u0159edu 12.&nbsp;\u010dervence 2023 bude z&nbsp;d\u016fvodu odpojen\u00ed elekt\u0159iny pobo\u010dka \u010cesk\u00e9 po\u0161ty v&nbsp;ulici D\u011blnick\u00e1 213\/12 otev\u0159ena pouze do 18.00. D\u011bkujeme za pochopen\u00ed.\u00a0 [\/perex]","protected":false},"author":251,"featured_media":68273,"comment_status":"closed","ping_status":"open","sticky":false,"template":"","format":"standard","meta":[],"categories":[34],"tags":[],"_links":{"self":[{"href":"https:\/\/www.praha7.cz\/api\/wp\/v2\/posts\/68272"}],"collection":[{"href":"https:\/\/www.praha7.cz\/api\/wp\/v2\/posts"}],"about":[{"href":"https:\/\/www.praha7.cz\/api\/wp\/v2\/types\/post"}],"author":[{"embeddable":true,"href":"https:\/\/www.praha7.cz\/api\/wp\/v2\/users\/251"}],"replies":[{"embeddable":true,"href":"https:\/\/www.praha7.cz\/api\/wp\/v2\/comments?post=68272"}],"version-history":[{"count":1,"href":"https:\/\/www.praha7.cz\/api\/wp\/v2\/posts\/68272\/revisions"}],"predecessor-version":[{"id":68274,"href":"https:\/\/www.praha7.cz\/api\/wp\/v2\/posts\/68272\/revisions\/68274"}],"wp:featuredmedia":[{"embeddable":true,"href":"https:\/\/www.praha7.cz\/api\/wp\/v2\/media\/68273"}],"wp:attachment":[{"href":"https:\/\/www.praha7.cz\/api\/wp\/v2\/media?parent=68272"}],"wp:term":[{"taxonomy":"category","embeddable":true,"href":"https:\/\/www.praha7.cz\/api\/wp\/v2\/categories?post=68272"},{"taxonomy":"post_tag","embeddable":true,"href":"https:\/\/www.praha7.cz\/api\/wp\/v2\/tags?post=68272"}],"curies":[{"name":"wp","href":"https:\/\/api.w.org\/{rel}","templated":true}]}}