    
{"id":68250,"date":"2023-07-10T15:50:16","date_gmt":"2023-07-10T13:50:16","guid":{"rendered":"https:\/\/www.praha7.cz\/?p=68250"},"modified":"2023-08-21T11:28:36","modified_gmt":"2023-08-21T09:28:36","slug":"leto-na-strossu-patri-divadlu-a-detem","status":"publish","type":"post","link":"https:\/\/www.praha7.cz\/leto-na-strossu-patri-divadlu-a-detem\/","title":{"rendered":"L\u00e9to na Strossu pat\u0159\u00ed divadlu a&nbsp;d\u011btem"},"content":{"rendered":"<p>[perex]<\/p>\r\n<p>Po roce se na Strossmayerovo n\u00e1m\u011bst\u00ed vrac\u00ed p\u0159ehl\u00eddka loutkov\u00e9ho divadla pro nejmen\u0161\u00ed div\u00e1ky. Po p\u011bt pond\u011blk\u016f, od 17.&nbsp;\u010dervence do 14.&nbsp;srpna 2023, se p\u0159ed zv\u00eddav\u00fdma d\u011btsk\u00fdma o\u010dima odehraje p\u011bt p\u0159\u00edb\u011bh\u016f. Vstup je voln\u00fd, kompletn\u00ed program najdete na str\u00e1nce <a href=\"https:\/\/www.praha7.cz\/temata\/art-district-7\/letni-scena-na-strossu\/\" target=\"_blank\" rel=\"noopener\">Letn\u00ed sc\u00e9na na Strossu<\/a>.\u00a0<\/p>\r\n<p>[\/perex]<\/p>\r\n<p><strong>pond\u011bl\u00ed 17.\u00a07. <\/strong>| 16.00<br \/>\r\n<strong>Divadlo b: O\u00a0Malence<\/strong><br \/>\r\n45 minut | d\u011btem 3+<\/p>\r\n<p><strong>pond\u011bl\u00ed 24.\u00a07.<\/strong> | 16.00<br \/>\r\n<strong>Tom\u00e1\u0161 Podrazil &amp; Studio Dam\u00faza: Fimf\u00e1rum<\/strong><br \/>\r\n40 minut | d\u011btem 3+<\/p>\r\n<p><strong>pond\u011bl\u00ed 31.\u00a07.<\/strong> | 16.00<br \/>\r\n<strong>Divadlo Drak: \u010cerven\u00e1 Karkulka<\/strong><br \/>\r\n35 minut | d\u011btem 3+ | hraje se v&nbsp;\u010de\u0161tin\u011b a&nbsp;ukrajin\u0161tin\u011b<\/p>\r\n<p><strong>pond\u011bl\u00ed 7.\u00a08.<\/strong> | 16.00<br \/>\r\n<strong>Jakub Folvar\u010dn\u00fd: Karlova a\u00a0Jarom\u00edrova poh\u00e1dka<\/strong><br \/>\r\n50 minut | d\u011btem 4+<\/p>\r\n<p><strong>pond\u011bl\u00ed 14.\u00a08.<\/strong> | 16.00<br \/>\r\n<strong>Buchty a\u00a0loutky: Zlat\u00e1 husa<\/strong><br \/>\r\n45 minut | d\u011btem 4+<\/p>\r\n<hr \/>\r\n<p>Zm\u011bna programu vyhrazena. V&nbsp;p\u0159\u00edpad\u011b nep\u0159\u00edzniv\u00e9ho po\u010das\u00ed se program ru\u0161\u00ed.<\/p>\r\n<p><a href=\"https:\/\/www.facebook.com\/events\/932166171176783\/932166184510115\/?ref=newsfeed\" target=\"_blank\" rel=\"noopener\">fb ud\u00e1lost<\/a><\/p>","protected":false},"excerpt":{"rendered":"[perex] Po roce se na Strossmayerovo n\u00e1m\u011bst\u00ed vrac\u00ed p\u0159ehl\u00eddka loutkov\u00e9ho divadla pro nejmen\u0161\u00ed div\u00e1ky. Po p\u011bt pond\u011blk\u016f, od 17.&nbsp;\u010dervence do 14.&nbsp;srpna 2023, se p\u0159ed zv\u00eddav\u00fdma d\u011btsk\u00fdma o\u010dima odehraje p\u011bt p\u0159\u00edb\u011bh\u016f. Vstup je voln\u00fd, kompletn\u00ed program najdete na str\u00e1nce Letn\u00ed sc\u00e9na na Strossu.\u00a0 [\/perex] pond\u011bl\u00ed 17.\u00a07. | 16.00 Divadlo b: O\u00a0Malence 45 minut | d\u011btem 3+ [&hellip;]","protected":false},"author":251,"featured_media":68164,"comment_status":"closed","ping_status":"open","sticky":false,"template":"","format":"standard","meta":[],"categories":[34],"tags":[],"_links":{"self":[{"href":"https:\/\/www.praha7.cz\/api\/wp\/v2\/posts\/68250"}],"collection":[{"href":"https:\/\/www.praha7.cz\/api\/wp\/v2\/posts"}],"about":[{"href":"https:\/\/www.praha7.cz\/api\/wp\/v2\/types\/post"}],"author":[{"embeddable":true,"href":"https:\/\/www.praha7.cz\/api\/wp\/v2\/users\/251"}],"replies":[{"embeddable":true,"href":"https:\/\/www.praha7.cz\/api\/wp\/v2\/comments?post=68250"}],"version-history":[{"count":3,"href":"https:\/\/www.praha7.cz\/api\/wp\/v2\/posts\/68250\/revisions"}],"predecessor-version":[{"id":68253,"href":"https:\/\/www.praha7.cz\/api\/wp\/v2\/posts\/68250\/revisions\/68253"}],"wp:featuredmedia":[{"embeddable":true,"href":"https:\/\/www.praha7.cz\/api\/wp\/v2\/media\/68164"}],"wp:attachment":[{"href":"https:\/\/www.praha7.cz\/api\/wp\/v2\/media?parent=68250"}],"wp:term":[{"taxonomy":"category","embeddable":true,"href":"https:\/\/www.praha7.cz\/api\/wp\/v2\/categories?post=68250"},{"taxonomy":"post_tag","embeddable":true,"href":"https:\/\/www.praha7.cz\/api\/wp\/v2\/tags?post=68250"}],"curies":[{"name":"wp","href":"https:\/\/api.w.org\/{rel}","templated":true}]}}