    
{"id":68237,"date":"2023-07-07T15:29:59","date_gmt":"2023-07-07T13:29:59","guid":{"rendered":"https:\/\/www.praha7.cz\/?p=68237"},"modified":"2023-07-07T15:29:59","modified_gmt":"2023-07-07T13:29:59","slug":"dopravni-omezeni-v-ulici-bubenska-do-30-cervence","status":"publish","type":"post","link":"https:\/\/www.praha7.cz\/dopravni-omezeni-v-ulici-bubenska-do-30-cervence\/","title":{"rendered":"Dopravn\u00ed omezen\u00ed v&nbsp;ulici Bubensk\u00e1 do 30.&nbsp;\u010dervence"},"content":{"rendered":"<p>[perex]<\/p>\r\n<p>V ulici Bubensk\u00e1 dojde v&nbsp;r\u00e1mci modernizace \u017eelezni\u010dn\u00ed trati na Kladno k&nbsp;budov\u00e1n\u00ed z\u00e1klad\u016f mostn\u00edch pil\u00ed\u0159\u016f a&nbsp;odstran\u011bn\u00ed poz\u016fstatk\u016f veden\u00ed parovodu. V&nbsp;souvislosti s&nbsp;t\u00edm zde bude v&nbsp;term\u00ednu od 10.&nbsp;do 30.&nbsp;\u010dervence 2023 omezena doprava. V&nbsp;m\u00edst\u011b b\u00fdval\u00e9ho \u017eelezni\u010dn\u00edho p\u0159ejezdu bude ulice Bubensk\u00e1 jednosm\u011brn\u00e1 ve sm\u011bru j\u00edzdy z&nbsp;centra. Ve sm\u011bru do centra bude doprava vedena po obj\u00edzdn\u00e9 trase: \u017delezni\u010d\u00e1\u0159\u016f, Plyn\u00e1rn\u00ed, Argentinsk\u00e1, n\u00e1b\u0159e\u017e\u00ed Kapit\u00e1na Jaro\u0161e.<\/p>\r\n<p>[\/perex]<\/p>\r\n<p>V dopravn\u00ed \u0161pi\u010dce po\u010d\u00edtejte se zdr\u017een\u00edm do 10 minut; p\u011b\u0161\u00ed vazby z\u016fstanou zachov\u00e1ny vymezen\u00fdm koridorem ve vozovce.<\/p>\r\n<p>V\u00edce informac\u00ed najdete na str\u00e1nk\u00e1ch <a href=\"https:\/\/opravujeme.to\/action\/1439\/\" target=\"_blank\" rel=\"noopener\">opravujeme.to<\/a>.<\/p>","protected":false},"excerpt":{"rendered":"[perex] V&nbsp;ulici Bubensk\u00e1 dojde v&nbsp;r\u00e1mci modernizace \u017eelezni\u010dn\u00ed trati na Kladno k&nbsp;budov\u00e1n\u00ed z\u00e1klad\u016f mostn\u00edch pil\u00ed\u0159\u016f a&nbsp;odstran\u011bn\u00ed poz\u016fstatk\u016f veden\u00ed parovodu. V&nbsp;souvislosti s&nbsp;t\u00edm zde bude v&nbsp;term\u00ednu od 10.&nbsp;do 30.&nbsp;\u010dervence 2023 omezena doprava. V&nbsp;m\u00edst\u011b b\u00fdval\u00e9ho \u017eelezni\u010dn\u00edho p\u0159ejezdu bude ulice Bubensk\u00e1 jednosm\u011brn\u00e1 ve sm\u011bru j\u00edzdy z&nbsp;centra. Ve sm\u011bru do centra bude doprava vedena po obj\u00edzdn\u00e9 trase: \u017delezni\u010d\u00e1\u0159\u016f, Plyn\u00e1rn\u00ed, Argentinsk\u00e1, [&hellip;]","protected":false},"author":251,"featured_media":68238,"comment_status":"closed","ping_status":"open","sticky":false,"template":"","format":"standard","meta":[],"categories":[34],"tags":[],"_links":{"self":[{"href":"https:\/\/www.praha7.cz\/api\/wp\/v2\/posts\/68237"}],"collection":[{"href":"https:\/\/www.praha7.cz\/api\/wp\/v2\/posts"}],"about":[{"href":"https:\/\/www.praha7.cz\/api\/wp\/v2\/types\/post"}],"author":[{"embeddable":true,"href":"https:\/\/www.praha7.cz\/api\/wp\/v2\/users\/251"}],"replies":[{"embeddable":true,"href":"https:\/\/www.praha7.cz\/api\/wp\/v2\/comments?post=68237"}],"version-history":[{"count":1,"href":"https:\/\/www.praha7.cz\/api\/wp\/v2\/posts\/68237\/revisions"}],"predecessor-version":[{"id":68239,"href":"https:\/\/www.praha7.cz\/api\/wp\/v2\/posts\/68237\/revisions\/68239"}],"wp:featuredmedia":[{"embeddable":true,"href":"https:\/\/www.praha7.cz\/api\/wp\/v2\/media\/68238"}],"wp:attachment":[{"href":"https:\/\/www.praha7.cz\/api\/wp\/v2\/media?parent=68237"}],"wp:term":[{"taxonomy":"category","embeddable":true,"href":"https:\/\/www.praha7.cz\/api\/wp\/v2\/categories?post=68237"},{"taxonomy":"post_tag","embeddable":true,"href":"https:\/\/www.praha7.cz\/api\/wp\/v2\/tags?post=68237"}],"curies":[{"name":"wp","href":"https:\/\/api.w.org\/{rel}","templated":true}]}}