    
{"id":68217,"date":"2023-07-04T13:18:38","date_gmt":"2023-07-04T11:18:38","guid":{"rendered":"https:\/\/www.praha7.cz\/?p=68217"},"modified":"2023-07-04T13:39:39","modified_gmt":"2023-07-04T11:39:39","slug":"vysel-letni-hobulet","status":"publish","type":"post","link":"https:\/\/www.praha7.cz\/vysel-letni-hobulet\/","title":{"rendered":"Vy\u0161el letn\u00ed Hobulet"},"content":{"rendered":"<p>[perex]<\/p>\r\n<p>Letn\u00ed dvoj\u010d\u00edslo Hobuletu v\u00e1s vezme na putov\u00e1n\u00ed za k\u00e1vou \u2013 dozv\u00edte se n\u011bco nejen o&nbsp;historii tohoto n\u00e1poje a&nbsp;o&nbsp;po\u010d\u00e1tc\u00edch k\u00e1vov\u00e9 kultury v&nbsp;\u010desk\u00fdch zem\u00edch, ale tak\u00e9 o&nbsp;hole\u0161ovick\u00fdch a&nbsp;letensk\u00fdch kav\u00e1rn\u00e1ch. V\u00e1clav Kune\u0161, tane\u010dn\u00edk, choreograf a&nbsp;um\u011bleck\u00fd \u0159editel souboru 420PEOPLE, v&nbsp;rozhovoru mluv\u00ed (p\u0159irozen\u011b) o&nbsp;tanci, poko\u0159e i&nbsp;\u201evyprsen\u00fdch dvac\u00edtk\u00e1ch na instagramu\u201c. V&nbsp;rubrice Archiv se do\u010dtete o&nbsp;sedmi\u010dkov\u00fdch hotelech; p\u0159ibli\u017eujeme projekt Z\u00e1hony pro \u0161kolky i&nbsp;\u017e\u00e1kovsk\u00e9 parlamenty. V\u011bnujeme se op\u011bt t\u0159\u00edd\u011bn\u00ed odpadu a&nbsp;p\u0159ipravili jsme pro v\u00e1s kr\u00e1tk\u00fd dotazn\u00edk: vyplnit ho m\u016f\u017eete <a href=\"https:\/\/www.praha7.cz\/anketa-web\/odpady\" target=\"_blank\" rel=\"noopener\">zde<\/a>. Vyzpov\u00eddali jsme kyjevskou l\u00e9ka\u0159ku Halynu Shchepankevych, kterou jste mohli potk\u00e1vat v&nbsp;ordinaci v&nbsp;Tusarov\u011b. Na d\u011bti \u010dek\u00e1 speci\u00e1ln\u00ed str\u00e1nka a&nbsp;p\u0159edstaven\u00ed p\u0159ehl\u00eddky loutkov\u00e9ho divadla na Strossmayerov\u011b n\u00e1m\u011bst\u00ed, nechyb\u00ed informace o&nbsp;d\u011bn\u00ed na Sedmi\u010dce nebo kulturn\u00ed tipy.<\/p>\r\n<p>P\u0159ejeme odpo\u010dinkov\u00e9 sv\u00e1te\u010dn\u00ed dny, t\u0159eba ve spole\u010dnosti Hobuletu.<\/p>\r\n<p>[\/perex]<\/p>\r\n<h3>\u010c\u00edst Hobulet online m\u016f\u017eete\u00a0<a href=\"https:\/\/zpravodaj.munipolis.cz\/praha7\/cervenec-srpen-2023\/\" target=\"_blank\" rel=\"noopener\">zde<\/a>.<\/h3>\r\n<p>\u010cervencov\u00fd Hobulet sv\u00fdmi ilustracemi doprovodila Julie Stavianis \u0160pa\u010dkov\u00e1, Halynu Shchepankevych a&nbsp;V\u00e1clava Kune\u0161e zachytil sv\u00fdm objektivem Hynek Alt.<\/p>\r\n<hr \/>\r\n<p>Archiv m\u011bs\u00ed\u010dn\u00edku m\u011bstsk\u00e9 \u010d\u00e1sti Praha\u00a07\u00a0Hobulet\u00a0najdete\u00a0<a href=\"https:\/\/www.praha7.cz\/hobulet\/archiv-hobuletu\/\">zde<\/a>.<\/p>\r\n<p>&nbsp;<\/p>","protected":false},"excerpt":{"rendered":"[perex] Letn\u00ed dvoj\u010d\u00edslo Hobuletu v\u00e1s vezme na putov\u00e1n\u00ed za k\u00e1vou \u2013 dozv\u00edte se n\u011bco nejen o&nbsp;historii tohoto n\u00e1poje a&nbsp;o&nbsp;po\u010d\u00e1tc\u00edch k\u00e1vov\u00e9 kultury v&nbsp;\u010desk\u00fdch zem\u00edch, ale tak\u00e9 o&nbsp;hole\u0161ovick\u00fdch a&nbsp;letensk\u00fdch kav\u00e1rn\u00e1ch. V\u00e1clav Kune\u0161, tane\u010dn\u00edk, choreograf a&nbsp;um\u011bleck\u00fd \u0159editel souboru 420PEOPLE, v&nbsp;rozhovoru mluv\u00ed (p\u0159irozen\u011b) o&nbsp;tanci, poko\u0159e i&nbsp;\u201evyprsen\u00fdch dvac\u00edtk\u00e1ch na instagramu\u201c. V&nbsp;rubrice Archiv se do\u010dtete o&nbsp;sedmi\u010dkov\u00fdch hotelech; p\u0159ibli\u017eujeme projekt Z\u00e1hony pro [&hellip;]","protected":false},"author":251,"featured_media":68219,"comment_status":"closed","ping_status":"open","sticky":false,"template":"","format":"standard","meta":[],"categories":[34],"tags":[],"_links":{"self":[{"href":"https:\/\/www.praha7.cz\/api\/wp\/v2\/posts\/68217"}],"collection":[{"href":"https:\/\/www.praha7.cz\/api\/wp\/v2\/posts"}],"about":[{"href":"https:\/\/www.praha7.cz\/api\/wp\/v2\/types\/post"}],"author":[{"embeddable":true,"href":"https:\/\/www.praha7.cz\/api\/wp\/v2\/users\/251"}],"replies":[{"embeddable":true,"href":"https:\/\/www.praha7.cz\/api\/wp\/v2\/comments?post=68217"}],"version-history":[{"count":3,"href":"https:\/\/www.praha7.cz\/api\/wp\/v2\/posts\/68217\/revisions"}],"predecessor-version":[{"id":68222,"href":"https:\/\/www.praha7.cz\/api\/wp\/v2\/posts\/68217\/revisions\/68222"}],"wp:featuredmedia":[{"embeddable":true,"href":"https:\/\/www.praha7.cz\/api\/wp\/v2\/media\/68219"}],"wp:attachment":[{"href":"https:\/\/www.praha7.cz\/api\/wp\/v2\/media?parent=68217"}],"wp:term":[{"taxonomy":"category","embeddable":true,"href":"https:\/\/www.praha7.cz\/api\/wp\/v2\/categories?post=68217"},{"taxonomy":"post_tag","embeddable":true,"href":"https:\/\/www.praha7.cz\/api\/wp\/v2\/tags?post=68217"}],"curies":[{"name":"wp","href":"https:\/\/api.w.org\/{rel}","templated":true}]}}