    
{"id":68106,"date":"2023-06-30T15:51:35","date_gmt":"2023-06-30T13:51:35","guid":{"rendered":"https:\/\/www.praha7.cz\/?p=68106"},"modified":"2023-06-30T16:03:49","modified_gmt":"2023-06-30T14:03:49","slug":"na-bubenske-nabrezi-se-vratila-auta","status":"publish","type":"post","link":"https:\/\/www.praha7.cz\/na-bubenske-nabrezi-se-vratila-auta\/","title":{"rendered":"Na Bubensk\u00e9 n\u00e1b\u0159e\u017e\u00ed se vr\u00e1tila auta"},"content":{"rendered":"<p>[perex]<\/p>\r\n<p>Rekonstrukce Bubensk\u00e9ho n\u00e1b\u0159e\u017e\u00ed vstoupila do z\u00e1v\u011bre\u010dn\u00e9 f\u00e1ze. Od minul\u00e9ho roku zde prob\u00edhaj\u00ed rozs\u00e1hl\u00e9 \u00fapravy souvisej\u00edc\u00ed s&nbsp;v\u00fdstavbou \u0160tvanick\u00e9 l\u00e1vky a&nbsp;dal\u0161\u00edch koordinovan\u00fdch akc\u00ed, jako jsou rekonstrukce kanalizace a&nbsp;vodovodu, \u00fapravy komunikac\u00ed, rekonstrukce chodn\u00edk\u016f, opat\u0159en\u00ed pro cyklodopravu, vybudov\u00e1n\u00ed zv\u00fd\u0161en\u00e9ho p\u0159echodu aj. Technick\u00e1 spr\u00e1va komunikac\u00ed hl. m. Prahy nyn\u00ed s&nbsp;p\u0159edstihem dokon\u010dila \u00fapravy vozovky v&nbsp;prostoru p\u0159ed Hole\u0161ovickou tr\u017enic\u00ed, kam se od 30.&nbsp;\u010dervna 2023 mohl vr\u00e1tit automobilov\u00fd provoz.<\/p>\r\n<p>[\/perex]<\/p>\r\n<p>Bubensk\u00e9 n\u00e1b\u0159e\u017e\u00ed je nyn\u00ed p\u0159ed tr\u017enic\u00ed op\u011bt pr\u016fjezdn\u00e9 v\u00a0obou sm\u011brech. Ve sm\u011bru do centra auta jedou v\u00a0nov\u011b upraven\u00e9m j\u00edzdn\u00edm pruhu, ve sm\u011bru k\u00a0ul. Komunard\u016f po tramvajov\u00e9m p\u00e1su. Zb\u00fdvaj\u00edc\u00ed \u00fapravy budou do fin\u00e1ln\u00edho stavu dokon\u010deny v\u00a0pr\u016fb\u011bhu \u010dervence, kdy se p\u0159edpokl\u00e1d\u00e1 tak\u00e9 otev\u0159en\u00ed nov\u00e9 \u0160tvanick\u00e9 l\u00e1vky. P\u0159esn\u00fd term\u00edn otev\u0159en\u00ed l\u00e1vky bude je\u0161t\u011b up\u0159esn\u011bn ze strany investora, kter\u00fdm je hl. m. Praha.<\/p>\r\n<p>&nbsp;<\/p>\r\n<p><strong>Rekonstrukce kanalizace u&nbsp;Negrelliho viaduktu<\/strong><\/p>\r\n<p>Na Bubensk\u00e9m n\u00e1b\u0159. nad\u00e1le pokra\u010duje tak\u00e9 rekonstrukce kanalizace u&nbsp;Negrelliho viaduktu, kde plat\u00ed \u010d\u00e1ste\u010dn\u00e1 uzav\u00edrka j\u00edzdn\u00edho pruhu ve sm\u011bru z&nbsp;centra. Aktu\u00e1ln\u00ed informace najdete <a href=\"https:\/\/opravujeme.to\/action\/1260\/\">ZDE<\/a>.\u00a0<\/p>\r\n<p>&nbsp;<\/p>\r\n<p><strong>Realizace odvod\u0148ovac\u00edch \u0161achet v\u00a0ul. Za Viaduktem<\/strong><\/p>\r\n<p>Upozor\u0148ujeme tak\u00e9, \u017ee od 3.&nbsp;7.&nbsp;budou prob\u00edhat pr\u00e1ce v&nbsp;ul. Za Viaduktem, kter\u00e9 se t\u00fdkaj\u00ed vybudov\u00e1n\u00ed odvod\u0148ovac\u00edch \u0161achet v&nbsp;r\u00e1mci aktu\u00e1ln\u011b prob\u00edhaj\u00edc\u00ed modernizace \u017eeleznice na Kladno. Zde je t\u0159eba po\u010d\u00edtat se z\u00e1borem chodn\u00edku pro stavbu a&nbsp;z\u00e1borem prav\u00e9ho j\u00edzdn\u00edho pruhu pro um\u00edst\u011bn\u00ed ochrann\u00e9ho ostr\u016fvku a&nbsp;do\u010dasn\u00e9ho p\u0159echodu pro chodce. V\u00edce informac\u00ed najdete <a href=\"https:\/\/opravujeme.to\/action\/1417\/\">ZDE<\/a>.<\/p>\r\n<p>&nbsp;<\/p>\r\n<p>D\u011bkujeme za trp\u011blivost b\u011bhem realizace prac\u00ed.<\/p>\r\n<p>&nbsp;<\/p>\r\n<p><img loading=\"lazy\" src=\"https:\/\/www.praha7.cz\/wp-content\/uploads\/2023\/06\/nabrezi-reko-auta2-1500x826.jpg\" alt=\"\" width=\"640\" height=\"352\" class=\"alignnone size-large wp-image-68095\" srcset=\"https:\/\/www.praha7.cz\/wp-content\/uploads\/2023\/06\/nabrezi-reko-auta2-1500x826.jpg 1500w, https:\/\/www.praha7.cz\/wp-content\/uploads\/2023\/06\/nabrezi-reko-auta2-600x330.jpg 600w, https:\/\/www.praha7.cz\/wp-content\/uploads\/2023\/06\/nabrezi-reko-auta2-768x423.jpg 768w, https:\/\/www.praha7.cz\/wp-content\/uploads\/2023\/06\/nabrezi-reko-auta2-1536x846.jpg 1536w, https:\/\/www.praha7.cz\/wp-content\/uploads\/2023\/06\/nabrezi-reko-auta2-2048x1128.jpg 2048w\" sizes=\"(max-width: 640px) 100vw, 640px\" \/><\/p>","protected":false},"excerpt":{"rendered":"[perex] Rekonstrukce Bubensk\u00e9ho n\u00e1b\u0159e\u017e\u00ed vstoupila do z\u00e1v\u011bre\u010dn\u00e9 f\u00e1ze. Od minul\u00e9ho roku zde prob\u00edhaj\u00ed rozs\u00e1hl\u00e9 \u00fapravy souvisej\u00edc\u00ed s&nbsp;v\u00fdstavbou \u0160tvanick\u00e9 l\u00e1vky a&nbsp;dal\u0161\u00edch koordinovan\u00fdch akc\u00ed, jako jsou rekonstrukce kanalizace a&nbsp;vodovodu, \u00fapravy komunikac\u00ed, rekonstrukce chodn\u00edk\u016f, opat\u0159en\u00ed pro cyklodopravu, vybudov\u00e1n\u00ed zv\u00fd\u0161en\u00e9ho p\u0159echodu aj. Technick\u00e1 spr\u00e1va komunikac\u00ed hl. m. Prahy nyn\u00ed s&nbsp;p\u0159edstihem dokon\u010dila \u00fapravy vozovky v&nbsp;prostoru p\u0159ed Hole\u0161ovickou tr\u017enic\u00ed, kam se [&hellip;]","protected":false},"author":5,"featured_media":68096,"comment_status":"closed","ping_status":"open","sticky":false,"template":"","format":"standard","meta":[],"categories":[34],"tags":[],"_links":{"self":[{"href":"https:\/\/www.praha7.cz\/api\/wp\/v2\/posts\/68106"}],"collection":[{"href":"https:\/\/www.praha7.cz\/api\/wp\/v2\/posts"}],"about":[{"href":"https:\/\/www.praha7.cz\/api\/wp\/v2\/types\/post"}],"author":[{"embeddable":true,"href":"https:\/\/www.praha7.cz\/api\/wp\/v2\/users\/5"}],"replies":[{"embeddable":true,"href":"https:\/\/www.praha7.cz\/api\/wp\/v2\/comments?post=68106"}],"version-history":[{"count":3,"href":"https:\/\/www.praha7.cz\/api\/wp\/v2\/posts\/68106\/revisions"}],"predecessor-version":[{"id":68114,"href":"https:\/\/www.praha7.cz\/api\/wp\/v2\/posts\/68106\/revisions\/68114"}],"wp:featuredmedia":[{"embeddable":true,"href":"https:\/\/www.praha7.cz\/api\/wp\/v2\/media\/68096"}],"wp:attachment":[{"href":"https:\/\/www.praha7.cz\/api\/wp\/v2\/media?parent=68106"}],"wp:term":[{"taxonomy":"category","embeddable":true,"href":"https:\/\/www.praha7.cz\/api\/wp\/v2\/categories?post=68106"},{"taxonomy":"post_tag","embeddable":true,"href":"https:\/\/www.praha7.cz\/api\/wp\/v2\/tags?post=68106"}],"curies":[{"name":"wp","href":"https:\/\/api.w.org\/{rel}","templated":true}]}}