    
{"id":68070,"date":"2023-06-29T14:50:28","date_gmt":"2023-06-29T12:50:28","guid":{"rendered":"https:\/\/www.praha7.cz\/?p=68070"},"modified":"2023-09-19T16:23:51","modified_gmt":"2023-09-19T14:23:51","slug":"milostive-leto-2023-vyreste-sve-dluhy-na-danich-ci-socialnim-pojisteni","status":"publish","type":"post","link":"https:\/\/www.praha7.cz\/milostive-leto-2023-vyreste-sve-dluhy-na-danich-ci-socialnim-pojisteni\/","title":{"rendered":"MILOSTIV\u00c9 L\u00c9TO 2023: Jak vy\u0159e\u0161it dluhy na dan\u00edch \u010di soci\u00e1ln\u00edm poji\u0161t\u011bn\u00ed"},"content":{"rendered":"<p>[perex]<\/p>\r\n<p>V r\u00e1mci t\u0159et\u00edho Milostiv\u00e9ho l\u00e9ta (Milostiv\u00e9ho podzimu) se lid\u00e9 mohou zbavit p\u0159edev\u0161\u00edm dluh\u016f na dan\u00edch a&nbsp;soci\u00e1ln\u00edm poji\u0161t\u011bn\u00ed.<\/p>\r\n<p>Z\u00e1kladn\u00ed princip da\u0148ov\u00e9ho a&nbsp;pojistn\u00e9ho Milostiv\u00e9ho l\u00e9ta 2023 je, \u017ee pokud \u010dlov\u011bk uhrad\u00ed jistinu dluhu (p\u016fvodn\u00ed dlu\u017enou \u010d\u00e1stku), st\u00e1t mu odpust\u00ed pen\u00e1le, sankce, \u00faroky, p\u0159\u00edpadn\u011b exeku\u010dn\u00ed n\u00e1klady. <strong>Jedine\u010dn\u00e1 p\u0159\u00edle\u017eitost za\u010d\u00edn\u00e1 1.&nbsp;\u010dervence 2023 a&nbsp;kon\u010d\u00ed 30.&nbsp;listopadu 2023.<\/strong> Je mo\u017en\u00e9 ji uplatnit na v\u0161echny dlu\u017en\u00e9 pohled\u00e1vky (dluhy zat\u00edm pouze evidovan\u00e9 nebo ji\u017e v&nbsp;exekuci, nikoli v\u0161ak v&nbsp;soudn\u00ed exekuci). <strong>Vztahuje se na nedoplatky vznikl\u00e9 do 30.&nbsp;z\u00e1\u0159\u00ed 2022.<\/strong><\/p>\r\n<p>[\/perex]<\/p>\r\n<h3><a href=\"https:\/\/www.clovekvtisni.cz\/milostive-leto-2023-vyuzijte-prilezitost-vyresit-dluhy-na-danich-ci-socialnim-pojisteni-10441gp\" target=\"_blank\" rel=\"noopener\">Milostiv\u00e9 l\u00e9to 2023: Z\u00e1kladn\u00ed informace<\/a><\/h3>\r\n<p>&nbsp;<\/p>\r\n<p>Na co v\u0161echno se\u00a0da\u0148ov\u00e9 a&nbsp;pojistn\u00e9 Milostiv\u00e9 l\u00e9to 2023\u00a0vztahuje:<strong>\u00a0<\/strong><\/p>\r\n<p><strong>\u00b7\u00a0\u00a0\u00a0\u00a0\u00a0\u00a0\u00a0\u00a0 dluhy na soci\u00e1ln\u00edm poji\u0161t\u011bn\u00ed<\/strong><\/p>\r\n<p><strong>\u00b7\u00a0\u00a0\u00a0\u00a0\u00a0\u00a0\u00a0\u00a0 da\u0148ov\u00e9 nedoplatky<\/strong><\/p>\r\n<p><strong>\u00b7\u00a0\u00a0\u00a0\u00a0\u00a0\u00a0\u00a0\u00a0 poplatky vym\u00e1han\u00e9 Celn\u00edm \u00fa\u0159adem<\/strong><\/p>\r\n<p><strong>\u00b7\u00a0\u00a0\u00a0\u00a0\u00a0\u00a0\u00a0\u00a0 dluhy v\u016f\u010di soud\u016fm a&nbsp;V\u011bze\u0148sk\u00e9 slu\u017eb\u011b \u010cR<\/strong><\/p>\r\n<p><strong>\u00b7\u00a0\u00a0\u00a0\u00a0\u00a0\u00a0\u00a0\u00a0 m\u00edstn\u00ed poplatky<\/strong>\u00a0<em><\/em><\/p>\r\n<p>V\u00a0p\u0159\u00edpad\u011b, \u017ee m\u00e1te <strong>dluh na m\u00edstn\u00edch poplatc\u00edch<\/strong>, m\u016f\u017eete si na \u00da\u0159ad\u011b M\u010c Praha&nbsp;7 za\u017e\u00e1dat o&nbsp;odpu\u0161t\u011bn\u00ed p\u0159\u00edslu\u0161enstv\u00ed v&nbsp;podob\u011b exeku\u010dn\u00edch n\u00e1klad\u016f evidovan\u00fdch do 30.&nbsp;9.&nbsp;2022. Pokud n\u00e1sledn\u011b po pod\u00e1n\u00ed \u017e\u00e1dosti dlu\u017enou \u010d\u00e1stku <strong>do 30.&nbsp;11.&nbsp;2023<\/strong> uhrad\u00edte, p\u0159\u00edslu\u0161enstv\u00ed v\u00e1m bude odpu\u0161t\u011bno. Zahrnuty jsou m\u00edstn\u00ed poplatky ze psa, z\u00a0pobytu, ze vstupn\u00e9ho \u010di za u\u017e\u00edv\u00e1n\u00ed ve\u0159ejn\u00e9ho prostranstv\u00ed.<\/p>\r\n<p>\u017d\u00e1dost o&nbsp;odpu\u0161t\u011bn\u00ed p\u0159\u00edslu\u0161enstv\u00ed je mo\u017eno podat prost\u0159ednictv\u00edm p\u0159ilo\u017een\u00e9ho formul\u00e1\u0159e elektronicky (datovou schr\u00e1nkou: r44b2x7), osobn\u011b na <a href=\"https:\/\/www.praha7.cz\/radnice\/\">podateln\u011b \u00da\u0159adu M\u010c Praha&nbsp;7<\/a>, p\u0159\u00edpadn\u011b p\u0159\u00edmo na Odboru ekonomick\u00e9m \u2013 <a href=\"https:\/\/www.praha7.cz\/radnice\/organizacni-struktura\/odbor-ekonomicky\/oddeleni-mistnich-poplatku\/\">odd\u011bln\u00e9 m\u00edstn\u00edch poplatk\u016f<\/a> (4.&nbsp;patro \u00da\u0159adu M\u010c Praha&nbsp;7, U&nbsp;Pr\u016fhonu 38). Zd\u016fraz\u0148ujeme, \u017ee je nutn\u00e9 v\u00a0\u017e\u00e1dosti uv\u00e9st svou datovou schr\u00e1nku, p\u0159\u00edpadn\u011b e-mail pro n\u00e1slednou mo\u017enost komunikace ze strany \u00da\u0159adu M\u010c Praha&nbsp;7.<\/p>\r\n<p><a href=\"https:\/\/www.praha7.cz\/wp-content\/uploads\/2023\/06\/zadost-o-odpusteni-prislusenstvi.doc\"><strong>\u017d\u00e1dost o&nbsp;odpu\u0161t\u011bn\u00ed p\u0159\u00edslu\u0161enstv\u00ed na m\u00edstn\u00edm poplatku<\/strong><\/a><\/p>\r\n<p>&nbsp;<\/p>\r\n<hr \/>\r\n<p><strong>Pokud chcete vyu\u017e\u00edt oddlu\u017een\u00ed v&nbsp;r\u00e1mci Milostiv\u00e9ho l\u00e9ta 2023, zjist\u011bte si, kolik a&nbsp;kde p\u0159esn\u011b dlu\u017e\u00edte. V\u00edce informac\u00ed, jak postupovat, se dozv\u00edte:\u00a0 <\/strong><\/p>\r\n<p><strong><a href=\"https:\/\/milostiveleto.cz\/\" target=\"_blank\" rel=\"noopener\">milostiveleto.cz<\/a> <\/strong><\/p>\r\n<p><strong>linka pomoci: 770&nbsp;600&nbsp;800 (po\u2013p\u00e1: 9\u201317&nbsp;h.)<\/strong><\/p>\r\n<p>&nbsp;<\/p>\r\n<p><span style=\"color: #0000ff;\"><strong>Jste z\u00a0Prahy\u00a07 a\u00a0pot\u0159ebujete se v\u00a0t\u00e9to problematice zorientovat nebo m\u00e1te probl\u00e9m se zaplacen\u00edm jistiny? Obra\u0165te se na na\u0161e soci\u00e1ln\u00ed pracovnice:<\/strong><\/span><\/p>\r\n<p><span style=\"color: #0000ff;\"><strong>Na\u010fu Zelinkovou: 739\u00a0553\u00a0133<\/strong><\/span><\/p>\r\n<p><span style=\"color: #0000ff;\"><strong>Kate\u0159inu Laskovskou: 605\u00a0070\u00a0056<\/strong><\/span><\/p>\r\n<hr \/>\r\n<p><a href=\"https:\/\/www.praha7.cz\/wp-content\/uploads\/2023\/06\/Milostive-leto-2023.png\"><img loading=\"lazy\" src=\"https:\/\/www.praha7.cz\/wp-content\/uploads\/2023\/06\/Milostive-leto-2023.png\" alt=\"\" width=\"637\" height=\"904\" class=\"alignnone size-full wp-image-68071\" srcset=\"https:\/\/www.praha7.cz\/wp-content\/uploads\/2023\/06\/Milostive-leto-2023.png 637w, https:\/\/www.praha7.cz\/wp-content\/uploads\/2023\/06\/Milostive-leto-2023-282x400.png 282w\" sizes=\"(max-width: 637px) 100vw, 637px\" \/><\/a><\/p>\r\n<p>Zdroj: \u010clov\u011bk v&nbsp;t\u00edsni<\/p>","protected":false},"excerpt":{"rendered":"[perex] V&nbsp;r\u00e1mci t\u0159et\u00edho Milostiv\u00e9ho l\u00e9ta (Milostiv\u00e9ho podzimu) se lid\u00e9 mohou zbavit p\u0159edev\u0161\u00edm dluh\u016f na dan\u00edch a&nbsp;soci\u00e1ln\u00edm poji\u0161t\u011bn\u00ed. Z\u00e1kladn\u00ed princip da\u0148ov\u00e9ho a&nbsp;pojistn\u00e9ho Milostiv\u00e9ho l\u00e9ta 2023 je, \u017ee pokud \u010dlov\u011bk uhrad\u00ed jistinu dluhu (p\u016fvodn\u00ed dlu\u017enou \u010d\u00e1stku), st\u00e1t mu odpust\u00ed pen\u00e1le, sankce, \u00faroky, p\u0159\u00edpadn\u011b exeku\u010dn\u00ed n\u00e1klady. Jedine\u010dn\u00e1 p\u0159\u00edle\u017eitost za\u010d\u00edn\u00e1 1.&nbsp;\u010dervence 2023 a&nbsp;kon\u010d\u00ed 30.&nbsp;listopadu 2023. Je mo\u017en\u00e9 ji [&hellip;]","protected":false},"author":5,"featured_media":60368,"comment_status":"closed","ping_status":"open","sticky":false,"template":"","format":"standard","meta":[],"categories":[34,36],"tags":[],"_links":{"self":[{"href":"https:\/\/www.praha7.cz\/api\/wp\/v2\/posts\/68070"}],"collection":[{"href":"https:\/\/www.praha7.cz\/api\/wp\/v2\/posts"}],"about":[{"href":"https:\/\/www.praha7.cz\/api\/wp\/v2\/types\/post"}],"author":[{"embeddable":true,"href":"https:\/\/www.praha7.cz\/api\/wp\/v2\/users\/5"}],"replies":[{"embeddable":true,"href":"https:\/\/www.praha7.cz\/api\/wp\/v2\/comments?post=68070"}],"version-history":[{"count":17,"href":"https:\/\/www.praha7.cz\/api\/wp\/v2\/posts\/68070\/revisions"}],"predecessor-version":[{"id":69951,"href":"https:\/\/www.praha7.cz\/api\/wp\/v2\/posts\/68070\/revisions\/69951"}],"wp:featuredmedia":[{"embeddable":true,"href":"https:\/\/www.praha7.cz\/api\/wp\/v2\/media\/60368"}],"wp:attachment":[{"href":"https:\/\/www.praha7.cz\/api\/wp\/v2\/media?parent=68070"}],"wp:term":[{"taxonomy":"category","embeddable":true,"href":"https:\/\/www.praha7.cz\/api\/wp\/v2\/categories?post=68070"},{"taxonomy":"post_tag","embeddable":true,"href":"https:\/\/www.praha7.cz\/api\/wp\/v2\/tags?post=68070"}],"curies":[{"name":"wp","href":"https:\/\/api.w.org\/{rel}","templated":true}]}}