    
{"id":67995,"date":"2023-06-27T15:48:15","date_gmt":"2023-06-27T13:48:15","guid":{"rendered":"https:\/\/www.praha7.cz\/?p=67995"},"modified":"2023-06-27T15:48:15","modified_gmt":"2023-06-27T13:48:15","slug":"primestske-tabory-na-sedmicce","status":"publish","type":"post","link":"https:\/\/www.praha7.cz\/primestske-tabory-na-sedmicce\/","title":{"rendered":"P\u0159\u00edm\u011bstsk\u00e9 t\u00e1bory na Sedmi\u010dce"},"content":{"rendered":"<p>[perex]<\/p>\r\n<p>Chyb\u00ed v\u00e1m v&nbsp;pr\u00e1zdninov\u00e9m programu je\u0161t\u011b obsadit n\u011bjak\u00fd ten t\u00fdden? Pod\u00edvejte se na <a href=\"https:\/\/www.praha7.cz\/volny-cas-prehled\/deti\/primestske-tabory\/\" target=\"_blank\" rel=\"noopener\">soupis p\u0159\u00edm\u011bstsk\u00fdch t\u00e1bor\u016f<\/a>, kter\u00fd jsme p\u0159ipravili ve spolupr\u00e1ci s&nbsp;m\u00edstn\u00edmi organizacemi, nechyb\u00ed ani n\u00edzkoprahov\u00e1 centra s&nbsp;programem zdarma. Aktu\u00e1ln\u00ed obsazenost si pros\u00edm ov\u011b\u0159te p\u0159\u00edmo u&nbsp;organiz\u00e1tor\u016f. P\u0159ejeme hezk\u00e9 l\u00e9to pln\u00e9 radostn\u00fdch z\u00e1\u017eitk\u016f!<\/p>\r\n<p>[\/perex]<\/p>","protected":false},"excerpt":{"rendered":"[perex] Chyb\u00ed v\u00e1m v&nbsp;pr\u00e1zdninov\u00e9m programu je\u0161t\u011b obsadit n\u011bjak\u00fd ten t\u00fdden? Pod\u00edvejte se na soupis p\u0159\u00edm\u011bstsk\u00fdch t\u00e1bor\u016f, kter\u00fd jsme p\u0159ipravili ve spolupr\u00e1ci s&nbsp;m\u00edstn\u00edmi organizacemi, nechyb\u00ed ani n\u00edzkoprahov\u00e1 centra s&nbsp;programem zdarma. Aktu\u00e1ln\u00ed obsazenost si pros\u00edm ov\u011b\u0159te p\u0159\u00edmo u&nbsp;organiz\u00e1tor\u016f. P\u0159ejeme hezk\u00e9 l\u00e9to pln\u00e9 radostn\u00fdch z\u00e1\u017eitk\u016f! [\/perex]","protected":false},"author":251,"featured_media":64346,"comment_status":"closed","ping_status":"open","sticky":false,"template":"","format":"standard","meta":[],"categories":[34],"tags":[],"_links":{"self":[{"href":"https:\/\/www.praha7.cz\/api\/wp\/v2\/posts\/67995"}],"collection":[{"href":"https:\/\/www.praha7.cz\/api\/wp\/v2\/posts"}],"about":[{"href":"https:\/\/www.praha7.cz\/api\/wp\/v2\/types\/post"}],"author":[{"embeddable":true,"href":"https:\/\/www.praha7.cz\/api\/wp\/v2\/users\/251"}],"replies":[{"embeddable":true,"href":"https:\/\/www.praha7.cz\/api\/wp\/v2\/comments?post=67995"}],"version-history":[{"count":1,"href":"https:\/\/www.praha7.cz\/api\/wp\/v2\/posts\/67995\/revisions"}],"predecessor-version":[{"id":67996,"href":"https:\/\/www.praha7.cz\/api\/wp\/v2\/posts\/67995\/revisions\/67996"}],"wp:featuredmedia":[{"embeddable":true,"href":"https:\/\/www.praha7.cz\/api\/wp\/v2\/media\/64346"}],"wp:attachment":[{"href":"https:\/\/www.praha7.cz\/api\/wp\/v2\/media?parent=67995"}],"wp:term":[{"taxonomy":"category","embeddable":true,"href":"https:\/\/www.praha7.cz\/api\/wp\/v2\/categories?post=67995"},{"taxonomy":"post_tag","embeddable":true,"href":"https:\/\/www.praha7.cz\/api\/wp\/v2\/tags?post=67995"}],"curies":[{"name":"wp","href":"https:\/\/api.w.org\/{rel}","templated":true}]}}