    
{"id":67978,"date":"2023-06-27T12:03:32","date_gmt":"2023-06-27T10:03:32","guid":{"rendered":"https:\/\/www.praha7.cz\/?p=67978"},"modified":"2023-06-27T12:03:32","modified_gmt":"2023-06-27T10:03:32","slug":"praha-7-uctila-pamatku-milady-horakove-a-obeti-komunistickeho-rezimu","status":"publish","type":"post","link":"https:\/\/www.praha7.cz\/praha-7-uctila-pamatku-milady-horakove-a-obeti-komunistickeho-rezimu\/","title":{"rendered":"Praha&nbsp;7 uctila pam\u00e1tku Milady Hor\u00e1kov\u00e9 a&nbsp;ob\u011bt\u00ed komunistick\u00e9ho re\u017eimu"},"content":{"rendered":"<p>[perex]<\/p>\r\n<p>V \u00fater\u00fd 27.&nbsp;\u010dervna 2023 uplynulo ji\u017e 73 let ode dne, kdy byl vykon\u00e1n rozsudek smrti vynesen\u00fd totalitn\u00edm komunistick\u00fdm re\u017eimem nad \u010deskou vlasteneckou politi\u010dkou doktorkou Miladou Hor\u00e1kovou. Ob\u010dan\u00e9 i&nbsp;z\u00e1stupci m\u011bstsk\u00e9 \u010d\u00e1sti se se\u0161li u&nbsp;pam\u011btn\u00ed desky v\u011bnovan\u00e9 t\u00e9to v\u00fdjime\u010dn\u00e9 osobnosti a&nbsp;vzpomn\u011bli tak\u00e9 na dal\u0161\u00ed ob\u011bti komunistick\u00e9ho re\u017eimu.<\/p>\r\n<p>[\/perex]<\/p>\r\n<p>Pietn\u00ed akt prob\u011bhl za \u00fa\u010dasti starosty M\u010c Praha&nbsp;7 Jana \u010ci\u017einsk\u00e9ho a&nbsp;dal\u0161\u00edch p\u0159edstavitel\u016f radnice, z\u00e1stupc\u016f Sdru\u017een\u00ed v\u00e1le\u010dn\u00fdch veter\u00e1n\u016f \u010cR a&nbsp;Obce bar\u00e1\u010dn\u00edk\u016f. \u00a0<\/p>\r\n<p><img loading=\"lazy\" src=\"https:\/\/www.praha7.cz\/wp-content\/uploads\/2023\/06\/sta_proslov-1500x971.jpg\" alt=\"\" width=\"640\" height=\"414\" class=\"alignnone size-large wp-image-67984\" srcset=\"https:\/\/www.praha7.cz\/wp-content\/uploads\/2023\/06\/sta_proslov-1500x971.jpg 1500w, https:\/\/www.praha7.cz\/wp-content\/uploads\/2023\/06\/sta_proslov-600x388.jpg 600w, https:\/\/www.praha7.cz\/wp-content\/uploads\/2023\/06\/sta_proslov-768x497.jpg 768w, https:\/\/www.praha7.cz\/wp-content\/uploads\/2023\/06\/sta_proslov-1536x994.jpg 1536w, https:\/\/www.praha7.cz\/wp-content\/uploads\/2023\/06\/sta_proslov-2048x1326.jpg 2048w\" sizes=\"(max-width: 640px) 100vw, 640px\" \/><\/p>\r\n<p>Milada Hor\u00e1kov\u00e1 z\u016fstala v\u011brn\u00e1 sv\u00fdm z\u00e1sad\u00e1m a\u017e do samotn\u00e9ho konce. Jako jedin\u00e1 z&nbsp;odsouzen\u00fdch odm\u00edtla podat \u017e\u00e1dost o&nbsp;milost. \u201eJdu s&nbsp;hlavou vzty\u010denou, mus\u00ed se um\u011bt i&nbsp;prohr\u00e1t,\u201c napsala ve sv\u00e9m posledn\u00edm dopise tato odv\u00e1\u017en\u00e1 a&nbsp;hrd\u00e1 \u017eena, kterou se nepoda\u0159ilo zlomit ani nacist\u016fm, ani komunist\u016fm. Uct\u00edt pam\u00e1tku doktorky Milady Hor\u00e1kov\u00e9 a&nbsp;\u0159ady dal\u0161\u00edch odv\u00e1\u017en\u00fdch lid\u00ed, kte\u0159\u00ed dok\u00e1zali \u010delit utrpen\u00ed i&nbsp;smrti s&nbsp;hlavou vzty\u010denou, je v&nbsp;t\u00e9to slo\u017eit\u00e9 dob\u011b velmi d\u016fle\u017eit\u00e9.<\/p>\r\n<p><img loading=\"lazy\" src=\"https:\/\/www.praha7.cz\/wp-content\/uploads\/2023\/06\/venec-a-prapor_vyska-644x1000.jpg\" alt=\"\" width=\"640\" height=\"994\" class=\"alignnone size-large wp-image-67989\" srcset=\"https:\/\/www.praha7.cz\/wp-content\/uploads\/2023\/06\/venec-a-prapor_vyska-644x1000.jpg 644w, https:\/\/www.praha7.cz\/wp-content\/uploads\/2023\/06\/venec-a-prapor_vyska-258x400.jpg 258w, https:\/\/www.praha7.cz\/wp-content\/uploads\/2023\/06\/venec-a-prapor_vyska-768x1192.jpg 768w, https:\/\/www.praha7.cz\/wp-content\/uploads\/2023\/06\/venec-a-prapor_vyska-989x1536.jpg 989w, https:\/\/www.praha7.cz\/wp-content\/uploads\/2023\/06\/venec-a-prapor_vyska-1319x2048.jpg 1319w, https:\/\/www.praha7.cz\/wp-content\/uploads\/2023\/06\/venec-a-prapor_vyska-scaled.jpg 1649w\" sizes=\"(max-width: 640px) 100vw, 640px\" \/><\/p>","protected":false},"excerpt":{"rendered":"[perex] V&nbsp;\u00fater\u00fd 27.&nbsp;\u010dervna 2023 uplynulo ji\u017e 73 let ode dne, kdy byl vykon\u00e1n rozsudek smrti vynesen\u00fd totalitn\u00edm komunistick\u00fdm re\u017eimem nad \u010deskou vlasteneckou politi\u010dkou doktorkou Miladou Hor\u00e1kovou. Ob\u010dan\u00e9 i&nbsp;z\u00e1stupci m\u011bstsk\u00e9 \u010d\u00e1sti se se\u0161li u&nbsp;pam\u011btn\u00ed desky v\u011bnovan\u00e9 t\u00e9to v\u00fdjime\u010dn\u00e9 osobnosti a&nbsp;vzpomn\u011bli tak\u00e9 na dal\u0161\u00ed ob\u011bti komunistick\u00e9ho re\u017eimu. [\/perex] Pietn\u00ed akt prob\u011bhl za \u00fa\u010dasti starosty M\u010c Praha&nbsp;7 [&hellip;]","protected":false},"author":251,"featured_media":67985,"comment_status":"closed","ping_status":"open","sticky":false,"template":"","format":"standard","meta":[],"categories":[34,74],"tags":[],"_links":{"self":[{"href":"https:\/\/www.praha7.cz\/api\/wp\/v2\/posts\/67978"}],"collection":[{"href":"https:\/\/www.praha7.cz\/api\/wp\/v2\/posts"}],"about":[{"href":"https:\/\/www.praha7.cz\/api\/wp\/v2\/types\/post"}],"author":[{"embeddable":true,"href":"https:\/\/www.praha7.cz\/api\/wp\/v2\/users\/251"}],"replies":[{"embeddable":true,"href":"https:\/\/www.praha7.cz\/api\/wp\/v2\/comments?post=67978"}],"version-history":[{"count":1,"href":"https:\/\/www.praha7.cz\/api\/wp\/v2\/posts\/67978\/revisions"}],"predecessor-version":[{"id":67990,"href":"https:\/\/www.praha7.cz\/api\/wp\/v2\/posts\/67978\/revisions\/67990"}],"wp:featuredmedia":[{"embeddable":true,"href":"https:\/\/www.praha7.cz\/api\/wp\/v2\/media\/67985"}],"wp:attachment":[{"href":"https:\/\/www.praha7.cz\/api\/wp\/v2\/media?parent=67978"}],"wp:term":[{"taxonomy":"category","embeddable":true,"href":"https:\/\/www.praha7.cz\/api\/wp\/v2\/categories?post=67978"},{"taxonomy":"post_tag","embeddable":true,"href":"https:\/\/www.praha7.cz\/api\/wp\/v2\/tags?post=67978"}],"curies":[{"name":"wp","href":"https:\/\/api.w.org\/{rel}","templated":true}]}}