    
{"id":67937,"date":"2023-06-26T18:44:40","date_gmt":"2023-06-26T16:44:40","guid":{"rendered":"https:\/\/www.praha7.cz\/?p=67937"},"modified":"2023-06-27T10:37:13","modified_gmt":"2023-06-27T08:37:13","slug":"v-praze-7-pribylo-deset-stolpersteinu","status":"publish","type":"post","link":"https:\/\/www.praha7.cz\/v-praze-7-pribylo-deset-stolpersteinu\/","title":{"rendered":"V Praze 7 p\u0159ibylo deset stolperstein\u016f"},"content":{"rendered":"<p>[perex]<\/p>\r\n<p>Chodn\u00edky na t\u0159ech m\u00edstech Sedmi\u010dky ode dne\u0161ka p\u0159ipom\u00ednaj\u00ed deset ob\u011bt\u00ed nacistick\u00e9ho re\u017eimu. Na adres\u00e1ch Schnirchova 3, Dukelsk\u00fdch hrdin\u016f 27 a&nbsp;Nad \u0160tolou 20 byly do dla\u017eby vsazeny stolpersteine, doslova \u201ekameny, o&nbsp;kter\u00e9 je t\u0159eba klop\u00fdtnout\u201c (pohledem), dla\u017eebn\u00ed kostky s&nbsp;mosazn\u00fdm povrchem o&nbsp;rozm\u011bru 10 \u00d7 10 cm.\u00a0<\/p>\r\n<p>[\/perex]<\/p>\r\n<p>T\u0159i stolpersteiny p\u0159ed domem Schnirchova 1253\/3 p\u0159ipom\u00ednaj\u00ed Annu Kahnovou, rozenou L\u00f6wenbeinovou, jej\u00ed dceru Martu a&nbsp;Martina man\u017eela Ji\u0159\u00edho Schorscha. V\u0161ichni byli deportov\u00e1ni v&nbsp;roce 1942 do Terez\u00edna, Anna byla zavra\u017ed\u011bna t\u00e9ho\u017e roku v&nbsp;Terez\u00edn\u011b. Man\u017eel\u00e9 Schorschovi byli zavra\u017ed\u011bni po deportaci do polsk\u00e9 Izbici. Kostky byly instalov\u00e1ny d\u00edky iniciativ\u011b vnuka pan\u00ed Marty Rogera Herzoga, kter\u00fd i&nbsp;s&nbsp;rodinou \u017eije ve Spojen\u00fdch st\u00e1tech americk\u00fdch.<\/p>\r\n<p><img loading=\"lazy\" src=\"https:\/\/www.praha7.cz\/wp-content\/uploads\/2023\/06\/stolperstein_Sch_usazovani-1500x903.jpg\" alt=\"\" width=\"640\" height=\"385\" class=\"alignnone size-large wp-image-67953\" srcset=\"https:\/\/www.praha7.cz\/wp-content\/uploads\/2023\/06\/stolperstein_Sch_usazovani-1500x903.jpg 1500w, https:\/\/www.praha7.cz\/wp-content\/uploads\/2023\/06\/stolperstein_Sch_usazovani-600x361.jpg 600w, https:\/\/www.praha7.cz\/wp-content\/uploads\/2023\/06\/stolperstein_Sch_usazovani-768x462.jpg 768w, https:\/\/www.praha7.cz\/wp-content\/uploads\/2023\/06\/stolperstein_Sch_usazovani-1536x924.jpg 1536w, https:\/\/www.praha7.cz\/wp-content\/uploads\/2023\/06\/stolperstein_Sch_usazovani-2048x1233.jpg 2048w\" sizes=\"(max-width: 640px) 100vw, 640px\" \/><\/p>\r\n<p><img loading=\"lazy\" src=\"https:\/\/www.praha7.cz\/wp-content\/uploads\/2023\/06\/stolperstein_Sch_kvety-1405x1000.jpg\" alt=\"\" width=\"640\" height=\"456\" class=\"alignnone size-large wp-image-67952\" srcset=\"https:\/\/www.praha7.cz\/wp-content\/uploads\/2023\/06\/stolperstein_Sch_kvety-1405x1000.jpg 1405w, https:\/\/www.praha7.cz\/wp-content\/uploads\/2023\/06\/stolperstein_Sch_kvety-562x400.jpg 562w, https:\/\/www.praha7.cz\/wp-content\/uploads\/2023\/06\/stolperstein_Sch_kvety-768x547.jpg 768w, https:\/\/www.praha7.cz\/wp-content\/uploads\/2023\/06\/stolperstein_Sch_kvety-1536x1093.jpg 1536w, https:\/\/www.praha7.cz\/wp-content\/uploads\/2023\/06\/stolperstein_Sch_kvety-2048x1457.jpg 2048w\" sizes=\"(max-width: 640px) 100vw, 640px\" \/><\/p>\r\n<p>P\u011bt kamen\u016f zmizel\u00fdch bylo dnes naistalov\u00e1no p\u0159ed d\u016fm \u010dp. 470\/27 v&nbsp;ulici Dukelsk\u00fdch hrdin\u016f. P\u0159ipom\u00ednaj\u00ed \u017eivoty Alfr\u00e9da Pra\u017e\u00e1ka, jeho man\u017eelky \u0160t\u011bp\u00e1nky, roz. Buxbaumov\u00e9, a&nbsp;jejich d\u011bt\u00ed V\u011bry, Kv\u011bty a&nbsp;Zde\u0148ka. Alfr\u00e9d byl zavra\u017ed\u011bn v&nbsp;Terez\u00edn\u011b, ostatn\u00ed v&nbsp;Osv\u011btimi. Inici\u00e1torkou polo\u017een\u00ed stolperstein\u016f byla pranete\u0159 Alfr\u00e9da Pra\u017e\u00e1ka Veronika \u017d\u00e1kov\u00e1.<\/p>\r\n<p><img loading=\"lazy\" src=\"https:\/\/www.praha7.cz\/wp-content\/uploads\/2023\/06\/stolperstein_DH_usazovani-1500x1000.jpg\" alt=\"\" width=\"640\" height=\"427\" class=\"alignnone size-large wp-image-67949\" srcset=\"https:\/\/www.praha7.cz\/wp-content\/uploads\/2023\/06\/stolperstein_DH_usazovani-1500x1000.jpg 1500w, https:\/\/www.praha7.cz\/wp-content\/uploads\/2023\/06\/stolperstein_DH_usazovani-600x400.jpg 600w, https:\/\/www.praha7.cz\/wp-content\/uploads\/2023\/06\/stolperstein_DH_usazovani-768x512.jpg 768w, https:\/\/www.praha7.cz\/wp-content\/uploads\/2023\/06\/stolperstein_DH_usazovani-1536x1024.jpg 1536w, https:\/\/www.praha7.cz\/wp-content\/uploads\/2023\/06\/stolperstein_DH_usazovani-2048x1365.jpg 2048w\" sizes=\"(max-width: 640px) 100vw, 640px\" \/><\/p>\r\n<p><img loading=\"lazy\" src=\"https:\/\/www.praha7.cz\/wp-content\/uploads\/2023\/06\/stolperstein_DH_VZ_kvety2-1232x1000.jpg\" alt=\"\" width=\"640\" height=\"519\" class=\"alignnone size-large wp-image-67950\" srcset=\"https:\/\/www.praha7.cz\/wp-content\/uploads\/2023\/06\/stolperstein_DH_VZ_kvety2-1232x1000.jpg 1232w, https:\/\/www.praha7.cz\/wp-content\/uploads\/2023\/06\/stolperstein_DH_VZ_kvety2-493x400.jpg 493w, https:\/\/www.praha7.cz\/wp-content\/uploads\/2023\/06\/stolperstein_DH_VZ_kvety2-768x623.jpg 768w, https:\/\/www.praha7.cz\/wp-content\/uploads\/2023\/06\/stolperstein_DH_VZ_kvety2-1536x1247.jpg 1536w, https:\/\/www.praha7.cz\/wp-content\/uploads\/2023\/06\/stolperstein_DH_VZ_kvety2-2048x1662.jpg 2048w\" sizes=\"(max-width: 640px) 100vw, 640px\" \/><\/p>\r\n<p>T\u0159et\u00edm m\u00edstem, kter\u00e9 p\u0159ipom\u00edn\u00e1 ob\u011bti nacion\u00e1ln\u00edho socialismu, je prostor p\u0159ed domem v&nbsp;ulici Nad \u0160tolou 384\/20.&nbsp;\u017dili zde Jana Luke\u0161ov\u00e1, roz. Winternitzov\u00e1, a&nbsp;Pavel Luke\u0161, roz. L\u00f6wit. Oba byli deportov\u00e1ni v&nbsp;roce 1941 do Terez\u00edna, v&nbsp;roce 1944 do Osv\u011btimi, kde byli zavra\u017ed\u011bni.<\/p>\r\n<p><img loading=\"lazy\" src=\"https:\/\/www.praha7.cz\/wp-content\/uploads\/2023\/06\/stolperstein_NS-1438x1000.jpg\" alt=\"\" width=\"640\" height=\"445\" class=\"alignnone size-large wp-image-67963\" srcset=\"https:\/\/www.praha7.cz\/wp-content\/uploads\/2023\/06\/stolperstein_NS-1438x1000.jpg 1438w, https:\/\/www.praha7.cz\/wp-content\/uploads\/2023\/06\/stolperstein_NS-575x400.jpg 575w, https:\/\/www.praha7.cz\/wp-content\/uploads\/2023\/06\/stolperstein_NS-768x534.jpg 768w, https:\/\/www.praha7.cz\/wp-content\/uploads\/2023\/06\/stolperstein_NS-1536x1068.jpg 1536w, https:\/\/www.praha7.cz\/wp-content\/uploads\/2023\/06\/stolperstein_NS-2048x1424.jpg 2048w\" sizes=\"(max-width: 640px) 100vw, 640px\" \/><\/p>\r\n<hr \/>\r\n<p><strong>V\u00edce o&nbsp;projektu stolpersteine najdete v\u010detn\u011b mapy najdete <a href=\"https:\/\/stolpersteinecz.cz\/\" target=\"_blank\" rel=\"noopener\">zde<\/a>.<\/strong><\/p>","protected":false},"excerpt":{"rendered":"[perex] Chodn\u00edky na t\u0159ech m\u00edstech Sedmi\u010dky ode dne\u0161ka p\u0159ipom\u00ednaj\u00ed deset ob\u011bt\u00ed nacistick\u00e9ho re\u017eimu. Na adres\u00e1ch Schnirchova 3, Dukelsk\u00fdch hrdin\u016f 27 a&nbsp;Nad \u0160tolou 20 byly do dla\u017eby vsazeny stolpersteine, doslova \u201ekameny, o&nbsp;kter\u00e9 je t\u0159eba klop\u00fdtnout\u201c (pohledem), dla\u017eebn\u00ed kostky s&nbsp;mosazn\u00fdm povrchem o&nbsp;rozm\u011bru 10 \u00d7 10 cm.\u00a0 [\/perex] T\u0159i stolpersteiny p\u0159ed domem Schnirchova 1253\/3 p\u0159ipom\u00ednaj\u00ed Annu Kahnovou, rozenou [&hellip;]","protected":false},"author":251,"featured_media":67948,"comment_status":"closed","ping_status":"open","sticky":false,"template":"","format":"standard","meta":[],"categories":[34],"tags":[],"_links":{"self":[{"href":"https:\/\/www.praha7.cz\/api\/wp\/v2\/posts\/67937"}],"collection":[{"href":"https:\/\/www.praha7.cz\/api\/wp\/v2\/posts"}],"about":[{"href":"https:\/\/www.praha7.cz\/api\/wp\/v2\/types\/post"}],"author":[{"embeddable":true,"href":"https:\/\/www.praha7.cz\/api\/wp\/v2\/users\/251"}],"replies":[{"embeddable":true,"href":"https:\/\/www.praha7.cz\/api\/wp\/v2\/comments?post=67937"}],"version-history":[{"count":4,"href":"https:\/\/www.praha7.cz\/api\/wp\/v2\/posts\/67937\/revisions"}],"predecessor-version":[{"id":67965,"href":"https:\/\/www.praha7.cz\/api\/wp\/v2\/posts\/67937\/revisions\/67965"}],"wp:featuredmedia":[{"embeddable":true,"href":"https:\/\/www.praha7.cz\/api\/wp\/v2\/media\/67948"}],"wp:attachment":[{"href":"https:\/\/www.praha7.cz\/api\/wp\/v2\/media?parent=67937"}],"wp:term":[{"taxonomy":"category","embeddable":true,"href":"https:\/\/www.praha7.cz\/api\/wp\/v2\/categories?post=67937"},{"taxonomy":"post_tag","embeddable":true,"href":"https:\/\/www.praha7.cz\/api\/wp\/v2\/tags?post=67937"}],"curies":[{"name":"wp","href":"https:\/\/api.w.org\/{rel}","templated":true}]}}