    
{"id":67887,"date":"2023-06-22T16:03:47","date_gmt":"2023-06-22T14:03:47","guid":{"rendered":"https:\/\/www.praha7.cz\/?p=67887"},"modified":"2023-06-22T16:09:54","modified_gmt":"2023-06-22T14:09:54","slug":"krizovatka-veletrzni-bubenska-bude-upravena-do-finalniho-stavu","status":"publish","type":"post","link":"https:\/\/www.praha7.cz\/krizovatka-veletrzni-bubenska-bude-upravena-do-finalniho-stavu\/","title":{"rendered":"K\u0159i\u017eovatka Veletr\u017en\u00ed\u2013Bubensk\u00e1 bude upravena do fin\u00e1ln\u00edho stavu"},"content":{"rendered":"<p>[perex]<\/p>\r\n<p>Od 2.&nbsp;poloviny kv\u011btna prob\u00edhaly \u00fapravy v\u00a0doln\u00ed \u010d\u00e1sti ul. Veletr\u017en\u00ed a&nbsp;v\u00a0k\u0159i\u017eovatce s\u00a0ul. Bubensk\u00e1. Krom\u011b rekonstrukce sv\u011bteln\u00e9ho signaliza\u010dn\u00edho za\u0159\u00edzen\u00ed zde do\u0161lo k\u00a0dal\u0161\u00edm zm\u011bn\u00e1m, kter\u00e9 se t\u00fdkaly zv\u00fd\u0161en\u00ed bezpe\u010dnosti a&nbsp;p\u0159ehlednosti k\u0159i\u017eovatek, zkr\u00e1cen\u00ed a&nbsp;zabezpe\u010den\u00ed p\u0159echod\u016f pro chodce, dopln\u011bn\u00ed opat\u0159en\u00ed pro cyklisty, zlep\u0161en\u00ed prostupnosti dot\u010den\u00e9 lokality (tak\u00e9 v&nbsp;n\u00e1vaznosti na p\u0159ipravovan\u00fd pr\u016fchod p\u0159es Bubny v&nbsp;ose ulic Veletr\u017en\u00ed \u2013 D\u011blnick\u00e1) a&nbsp;z\u0159\u00edzen\u00ed nov\u00fdch rychloobr\u00e1tkov\u00fdch parkovac\u00edch m\u00edst pro zaji\u0161t\u011bn\u00ed obsluhy okoln\u00edch dom\u016f a&nbsp;z\u00e1sobov\u00e1n\u00ed m\u00edstn\u00edch podnik\u016f.<\/p>\r\n<p><strong>V r\u00e1mci p\u0159eb\u00edr\u00e1n\u00ed dokon\u010den\u00fdch prac\u00ed v\u0161ak bylo zji\u0161t\u011bno, \u017ee n\u011bkter\u00e9 \u00fapravy nebyly provedeny a&nbsp;\u010d\u00e1st realizacce se odch\u00fdlila od navr\u017een\u00e9ho \u0159e\u0161en\u00ed. Dot\u010den\u00fd \u00fasek je nyn\u00ed otev\u0159en\u00fd a&nbsp;pr\u016fjezdn\u00fd, ale pr\u00e1ce se sem bohu\u017eel budou muset je\u0161t\u011b na \u010das vr\u00e1tit. M\u010c Praha&nbsp;7, kter\u00e1 nen\u00ed zadavatelem prac\u00ed, aktu\u00e1ln\u011b s&nbsp;vlastn\u00edkem komunikac\u00ed a&nbsp;realiz\u00e1tory dojedn\u00e1v\u00e1 rychlou n\u00e1pravu, aby zm\u011bny v&nbsp;\u0159e\u0161en\u00e9 lokalit\u011b co nejl\u00e9pe plnily sv\u016fj \u00fa\u010del pro v\u0161echy u\u017eivatele a&nbsp;\u00fa\u010dastn\u00edky silni\u010dn\u00edho provozu.<\/strong><\/p>\r\n<p>Omlouv\u00e1me se za komplikace a&nbsp;d\u011bkujeme za pochopen\u00ed.\u00a0\u00a0\u00a0<\/p>\r\n<p>[\/perex]<\/p>","protected":false},"excerpt":{"rendered":"[perex] Od 2.&nbsp;poloviny kv\u011btna prob\u00edhaly \u00fapravy v\u00a0doln\u00ed \u010d\u00e1sti ul. Veletr\u017en\u00ed a&nbsp;v\u00a0k\u0159i\u017eovatce s\u00a0ul. Bubensk\u00e1. Krom\u011b rekonstrukce sv\u011bteln\u00e9ho signaliza\u010dn\u00edho za\u0159\u00edzen\u00ed zde do\u0161lo k\u00a0dal\u0161\u00edm zm\u011bn\u00e1m, kter\u00e9 se t\u00fdkaly zv\u00fd\u0161en\u00ed bezpe\u010dnosti a&nbsp;p\u0159ehlednosti k\u0159i\u017eovatek, zkr\u00e1cen\u00ed a&nbsp;zabezpe\u010den\u00ed p\u0159echod\u016f pro chodce, dopln\u011bn\u00ed opat\u0159en\u00ed pro cyklisty, zlep\u0161en\u00ed prostupnosti dot\u010den\u00e9 lokality (tak\u00e9 v&nbsp;n\u00e1vaznosti na p\u0159ipravovan\u00fd pr\u016fchod p\u0159es Bubny v&nbsp;ose ulic Veletr\u017en\u00ed \u2013 D\u011blnick\u00e1) a&nbsp;z\u0159\u00edzen\u00ed [&hellip;]","protected":false},"author":5,"featured_media":67889,"comment_status":"closed","ping_status":"open","sticky":false,"template":"","format":"standard","meta":[],"categories":[34],"tags":[],"_links":{"self":[{"href":"https:\/\/www.praha7.cz\/api\/wp\/v2\/posts\/67887"}],"collection":[{"href":"https:\/\/www.praha7.cz\/api\/wp\/v2\/posts"}],"about":[{"href":"https:\/\/www.praha7.cz\/api\/wp\/v2\/types\/post"}],"author":[{"embeddable":true,"href":"https:\/\/www.praha7.cz\/api\/wp\/v2\/users\/5"}],"replies":[{"embeddable":true,"href":"https:\/\/www.praha7.cz\/api\/wp\/v2\/comments?post=67887"}],"version-history":[{"count":3,"href":"https:\/\/www.praha7.cz\/api\/wp\/v2\/posts\/67887\/revisions"}],"predecessor-version":[{"id":67892,"href":"https:\/\/www.praha7.cz\/api\/wp\/v2\/posts\/67887\/revisions\/67892"}],"wp:featuredmedia":[{"embeddable":true,"href":"https:\/\/www.praha7.cz\/api\/wp\/v2\/media\/67889"}],"wp:attachment":[{"href":"https:\/\/www.praha7.cz\/api\/wp\/v2\/media?parent=67887"}],"wp:term":[{"taxonomy":"category","embeddable":true,"href":"https:\/\/www.praha7.cz\/api\/wp\/v2\/categories?post=67887"},{"taxonomy":"post_tag","embeddable":true,"href":"https:\/\/www.praha7.cz\/api\/wp\/v2\/tags?post=67887"}],"curies":[{"name":"wp","href":"https:\/\/api.w.org\/{rel}","templated":true}]}}