    
{"id":67853,"date":"2023-07-18T12:29:56","date_gmt":"2023-07-18T10:29:56","guid":{"rendered":"https:\/\/www.praha7.cz\/?p=67853"},"modified":"2023-07-18T12:40:57","modified_gmt":"2023-07-18T10:40:57","slug":"maraton-emila-zatopka","status":"publish","type":"post","link":"https:\/\/www.praha7.cz\/maraton-emila-zatopka\/","title":{"rendered":"Maraton Emila Z\u00e1topka"},"content":{"rendered":"<p>[perex]<\/p>\r\n<p><a href=\"http:\/\/www.zlaty-tyden.cz\">Z\u00e1topk\u016fv zlat\u00fd t\u00fdden<\/a> je s\u00e9rie b\u011b\u017eeck\u00fdch z\u00e1vod\u016f, kter\u00e9 oslavuj\u00ed t\u0159i zlat\u00e9 medaile, je\u017e Emil Z\u00e1topek vyhr\u00e1l na letn\u00edch olympijsk\u00fdch hr\u00e1ch roku 1952 v&nbsp;Helsink\u00e1ch v&nbsp;b\u011bhu na 10&nbsp;000 m, 5&nbsp;000&nbsp;m a&nbsp;v&nbsp;maratonu. Tyto b\u011bhy se konaj\u00ed ka\u017ed\u00fd rok poka\u017ed\u00e9 ve stejn\u00fdch dnech, kter\u00e9 p\u0159ipom\u00ednaj\u00ed dny jeho olympijsk\u00e9ho triumfu (20.&nbsp;\u010dervence 10&nbsp;000 m, 24.&nbsp;\u010dervence 5&nbsp;000&nbsp;m a&nbsp;27.&nbsp;\u010dervence maraton). Prvn\u00ed dva z\u00e1vody prob\u00edhaj\u00ed na Atletick\u00e9m stadionu v&nbsp;Praze 4, maraton odstartuje ve \u010dtvrtek 27.&nbsp;\u010dervence 2023 na V\u00fdstavi\u0161ti v&nbsp;bl\u00edzkosti K\u0159i\u017e\u00edkov\u00fdch pavilon\u016f v&nbsp;15.30 hodin.<\/p>\r\n<p>[\/perex]<\/p>\r\n<p>Je mo\u017en\u00e9 se p\u0159ihl\u00e1sit i&nbsp;na krat\u0161\u00ed vzd\u00e1lenosti \u2013 p\u016flmaraton, b\u011bh na 10 km a&nbsp;b\u011bh na 4,2 km \u2013 nebo b\u00fdt \u010dlenem maratonsk\u00e9 (4\u00d7 10&nbsp;550&nbsp;m) \u010di p\u016flmaratonsk\u00e9 (4\u00d7 5&nbsp;275&nbsp;m) \u0161tafety. Veter\u00e1ni nad 70 let a&nbsp;maratonci s&nbsp;\u010dasy p\u0159ed p\u011bt hodin startuj\u00ed ve 13 hodin. Z\u00e1vody jsou p\u0159\u00edstupn\u00e9 pro <a href=\"https:\/\/www.zlaty-tyden.cz\/registrace\/\">registrovan\u00e9<\/a> i&nbsp;neregistrovan\u00e9 b\u011b\u017ece.<\/p>","protected":false},"excerpt":{"rendered":"[perex] Z\u00e1topk\u016fv zlat\u00fd t\u00fdden je s\u00e9rie b\u011b\u017eeck\u00fdch z\u00e1vod\u016f, kter\u00e9 oslavuj\u00ed t\u0159i zlat\u00e9 medaile, je\u017e Emil Z\u00e1topek vyhr\u00e1l na letn\u00edch olympijsk\u00fdch hr\u00e1ch roku 1952 v&nbsp;Helsink\u00e1ch v&nbsp;b\u011bhu na 10&nbsp;000 m, 5&nbsp;000&nbsp;m a&nbsp;v&nbsp;maratonu. Tyto b\u011bhy se konaj\u00ed ka\u017ed\u00fd rok poka\u017ed\u00e9 ve stejn\u00fdch dnech, kter\u00e9 p\u0159ipom\u00ednaj\u00ed dny jeho olympijsk\u00e9ho triumfu (20.&nbsp;\u010dervence 10&nbsp;000 m, 24.&nbsp;\u010dervence 5&nbsp;000&nbsp;m a&nbsp;27.&nbsp;\u010dervence maraton). Prvn\u00ed dva [&hellip;]","protected":false},"author":76,"featured_media":67854,"comment_status":"closed","ping_status":"open","sticky":false,"template":"","format":"standard","meta":[],"categories":[34],"tags":[],"_links":{"self":[{"href":"https:\/\/www.praha7.cz\/api\/wp\/v2\/posts\/67853"}],"collection":[{"href":"https:\/\/www.praha7.cz\/api\/wp\/v2\/posts"}],"about":[{"href":"https:\/\/www.praha7.cz\/api\/wp\/v2\/types\/post"}],"author":[{"embeddable":true,"href":"https:\/\/www.praha7.cz\/api\/wp\/v2\/users\/76"}],"replies":[{"embeddable":true,"href":"https:\/\/www.praha7.cz\/api\/wp\/v2\/comments?post=67853"}],"version-history":[{"count":4,"href":"https:\/\/www.praha7.cz\/api\/wp\/v2\/posts\/67853\/revisions"}],"predecessor-version":[{"id":68485,"href":"https:\/\/www.praha7.cz\/api\/wp\/v2\/posts\/67853\/revisions\/68485"}],"wp:featuredmedia":[{"embeddable":true,"href":"https:\/\/www.praha7.cz\/api\/wp\/v2\/media\/67854"}],"wp:attachment":[{"href":"https:\/\/www.praha7.cz\/api\/wp\/v2\/media?parent=67853"}],"wp:term":[{"taxonomy":"category","embeddable":true,"href":"https:\/\/www.praha7.cz\/api\/wp\/v2\/categories?post=67853"},{"taxonomy":"post_tag","embeddable":true,"href":"https:\/\/www.praha7.cz\/api\/wp\/v2\/tags?post=67853"}],"curies":[{"name":"wp","href":"https:\/\/api.w.org\/{rel}","templated":true}]}}