    
{"id":67831,"date":"2023-07-12T15:25:49","date_gmt":"2023-07-12T13:25:49","guid":{"rendered":"https:\/\/www.praha7.cz\/?p=67831"},"modified":"2023-07-12T15:25:49","modified_gmt":"2023-07-12T13:25:49","slug":"festival-za-dvermi-2","status":"publish","type":"post","link":"https:\/\/www.praha7.cz\/festival-za-dvermi-2\/","title":{"rendered":"Festival Za dve\u0159mi"},"content":{"rendered":"<p>[perex]<\/p>\r\n<p>Nechte se zl\u00e1kat a&nbsp;vstupte do sv\u011bta fantazie, p\u0159\u00edb\u011bh\u016f a&nbsp;nev\u0161edn\u00edch \u00fakaz\u016f, vstupte do sv\u011bta pouli\u010dn\u00edho divadla! Ve dnech 12.\u201318.&nbsp;\u010dervence 2023 se kon\u00e1 ji\u017e 15.&nbsp;ro\u010dn\u00edk <a href=\"http:\/\/www.zadvermi.cz\">festivalu pouli\u010dn\u00edho divadla Za dve\u0159mi<\/a>. I&nbsp;letos pro v\u00e1s organiz\u00e1to\u0159i p\u0159ipravili pestr\u00fd program v&nbsp;pod\u00e1n\u00ed zahrani\u010dn\u00edch i&nbsp;\u010desk\u00fdch um\u011blc\u016f. \u010cek\u00e1 v\u00e1s divadlo, nov\u00fd cirkus, koncerty, pohybov\u00e9 a&nbsp;v\u00fdtvarn\u00e9 d\u00edlny i&nbsp;divadeln\u00ed bar. P\u0159esto\u017ee festival zm\u011bnil hlavn\u00ed lokaci, z\u016fst\u00e1v\u00e1 v\u011brn\u00fd Praze 7: z&nbsp;V\u00fdstavi\u0161t\u011b se p\u0159esunul do Hole\u0161ovick\u00e9 tr\u017enice, program v&nbsp;n\u00ed naleznete n\u00ed\u017ee. Vstupn\u00e9 na v\u0161echna p\u0159edstaven\u00ed je dobrovoln\u00e9.\u00a0<\/p>\r\n<p>[\/perex]<\/p>\r\n<p><strong>St\u0159eda 12.&nbsp;7.<\/strong><\/p>\r\n<p>18.30 Cia. Manolo Alc\u00e1ntara \u2013 Ma\u00f1a (e)<\/p>\r\n<p>20.00 Kalle \u2013\u2060 koncert<\/p>\r\n<p>21.30 zahajovac\u00ed show<\/p>\r\n<hr \/>\r\n<p><strong>\u010ctvrtek 13.&nbsp;7.<\/strong><\/p>\r\n<p>18.30 Brat\u0159i v\u00a0tricku \u2013 Po\u0161\u0165\u00e1ci<\/p>\r\n<p>21.30 Blackout Paradox \u2013 Recombination<\/p>\r\n<hr \/>\r\n<p><strong>P\u00e1tek 14.&nbsp;7.<\/strong><\/p>\r\n<p>19.30 Cia. Manolo Alc\u00e1ntara \u2013 Ma\u00f1a (e)<\/p>\r\n<p>20.30 Celest &amp; Charles \u2013 koncert<\/p>\r\n<hr \/>\r\n<p><strong>Sobota 15.&nbsp;7.<\/strong><\/p>\r\n<p>16.00\u201319.00 Le Cabaret Nomade \u2013 Nidos<\/p>\r\n<p>17.00 Fakulta dramatick\u00fdch umen\u00ed Akad\u00e9mie umen\u00ed v&nbsp;Banskej Bystrici \u2013 Kde bolo tam bolo (sk)<\/p>\r\n<p>18.00 Johnny &amp; Jenny \u2013 J.O.E.<\/p>\r\n<p>20.00 Brat\u0159i v&nbsp;tricku \u2013 Brat\u0159\u00ed Speci\u00e1l a\u00a0hity brat\u0159\u00edch cest<\/p>\r\n<hr \/>\r\n<p><strong>Ned\u011ble 16.&nbsp;7.<\/strong><\/p>\r\n<p>Rodinn\u00fdm dnem prov\u00e1z\u00ed herec, loutk\u00e1\u0159 a\u00a0performer V\u00edtek Ma\u0161tal\u00ed\u0159<\/p>\r\n<p>16.00\u201319.00 Erika \u010ci\u010dmanov\u00e1 \u2013 v\u00fdtvarn\u00e1 d\u00edlna<\/p>\r\n<p>16.00\u201319.00 Long Vehicle Circus \u2013 ch\u016fda\u0159sk\u00e9 workshopy<\/p>\r\n<p>16.00\u201319.00 V.O.S.A. Theatre \u2013 Ryby<\/p>\r\n<p>16.30 \u201319.30 Le Cabaret Nomade \u2013 Nidos<\/p>\r\n<p>17.00 Te\u00e1tr Pavla \u0160m\u00edda \u2013 V\u011btrn\u00e1 poh\u00e1dka<\/p>\r\n<p>18.00 Airgym Art Company \u2013 \u0160erosv\u011bt<\/p>\r\n<p>19.00 Te\u00e1tr Pavla \u0160m\u00edda \u2013 Poh\u00e1dka z\u00a0bud\u00edku<\/p>\r\n<p>20.30 P\u00e9ro za kloboukem \u2013 koncert<\/p>\r\n<hr \/>\r\n<p><strong>Pond\u011bl\u00ed 17.&nbsp;7.<\/strong><\/p>\r\n<p>18.00 Cirkus Tety \u2013 Naru\u0161en\u00ed<\/p>\r\n<p>19.00 Chris Iris \u2013 Gap of 42 (de)<\/p>\r\n<p>20.00 Airgym Art Company \u2013 \u0160erosv\u011bt<\/p>\r\n<p>21.00 Hippana.Maleta \u2013 Tunnel (de+irl)<\/p>\r\n<hr \/>\r\n<p><strong>\u00dater\u00fd 18.&nbsp;7.<\/strong><\/p>\r\n<p>18.30 Chris Iris \u2013 Gap of 42 (de)<\/p>\r\n<p>19.30 Hippana.Maleta \u2013 Tunnel (de+irl)<\/p>\r\n<p>20.30 Peter \u0160avel &amp; kol. \u2013 Altalicious<br \/>\r\n<br \/>\r\n\u2192\u00a0<a href=\"http:\/\/www.zadvermi.cz\">www.zadvermi.cz<\/a><\/p>","protected":false},"excerpt":{"rendered":"[perex] Nechte se zl\u00e1kat a&nbsp;vstupte do sv\u011bta fantazie, p\u0159\u00edb\u011bh\u016f a&nbsp;nev\u0161edn\u00edch \u00fakaz\u016f, vstupte do sv\u011bta pouli\u010dn\u00edho divadla! Ve dnech 12.\u201318.&nbsp;\u010dervence 2023 se kon\u00e1 ji\u017e 15.&nbsp;ro\u010dn\u00edk festivalu pouli\u010dn\u00edho divadla Za dve\u0159mi. I&nbsp;letos pro v\u00e1s organiz\u00e1to\u0159i p\u0159ipravili pestr\u00fd program v&nbsp;pod\u00e1n\u00ed zahrani\u010dn\u00edch i&nbsp;\u010desk\u00fdch um\u011blc\u016f. \u010cek\u00e1 v\u00e1s divadlo, nov\u00fd cirkus, koncerty, pohybov\u00e9 a&nbsp;v\u00fdtvarn\u00e9 d\u00edlny i&nbsp;divadeln\u00ed bar. P\u0159esto\u017ee festival zm\u011bnil hlavn\u00ed [&hellip;]","protected":false},"author":76,"featured_media":68286,"comment_status":"closed","ping_status":"open","sticky":false,"template":"","format":"standard","meta":[],"categories":[34],"tags":[],"_links":{"self":[{"href":"https:\/\/www.praha7.cz\/api\/wp\/v2\/posts\/67831"}],"collection":[{"href":"https:\/\/www.praha7.cz\/api\/wp\/v2\/posts"}],"about":[{"href":"https:\/\/www.praha7.cz\/api\/wp\/v2\/types\/post"}],"author":[{"embeddable":true,"href":"https:\/\/www.praha7.cz\/api\/wp\/v2\/users\/76"}],"replies":[{"embeddable":true,"href":"https:\/\/www.praha7.cz\/api\/wp\/v2\/comments?post=67831"}],"version-history":[{"count":5,"href":"https:\/\/www.praha7.cz\/api\/wp\/v2\/posts\/67831\/revisions"}],"predecessor-version":[{"id":68288,"href":"https:\/\/www.praha7.cz\/api\/wp\/v2\/posts\/67831\/revisions\/68288"}],"wp:featuredmedia":[{"embeddable":true,"href":"https:\/\/www.praha7.cz\/api\/wp\/v2\/media\/68286"}],"wp:attachment":[{"href":"https:\/\/www.praha7.cz\/api\/wp\/v2\/media?parent=67831"}],"wp:term":[{"taxonomy":"category","embeddable":true,"href":"https:\/\/www.praha7.cz\/api\/wp\/v2\/categories?post=67831"},{"taxonomy":"post_tag","embeddable":true,"href":"https:\/\/www.praha7.cz\/api\/wp\/v2\/tags?post=67831"}],"curies":[{"name":"wp","href":"https:\/\/api.w.org\/{rel}","templated":true}]}}