    
{"id":67819,"date":"2023-07-17T13:53:52","date_gmt":"2023-07-17T11:53:52","guid":{"rendered":"https:\/\/www.praha7.cz\/?p=67819"},"modified":"2023-07-17T13:53:52","modified_gmt":"2023-07-17T11:53:52","slug":"hledame-snimek-ovenecke-ulice","status":"publish","type":"post","link":"https:\/\/www.praha7.cz\/hledame-snimek-ovenecke-ulice\/","title":{"rendered":"Hled\u00e1me sn\u00edmek Oveneck\u00e9 ulice"},"content":{"rendered":"<p>[perex]<\/p>\r\n<p>Pohlednice z&nbsp;druh\u00e9ho desetilet\u00ed 20.&nbsp;stolet\u00ed ukazuje pr\u016fhled Oveneckou ulic\u00ed. Pr\u00e1v\u011b odtamtud, kde bydlel jej\u00ed pisatel, jak n\u00e1m sd\u011bluje \u0161ipkou, mohl b\u00fdt velmi p\u011bkn\u00fd pohled na prot\u011bj\u0161\u00ed vilovou stranu ulice. Nem\u00e1te ve sv\u00fdch rodinn\u00fdch albech a&nbsp;archivech sn\u00edmky z\u00e1padn\u00ed strany Oveneck\u00e9 ulice?<\/p>\r\n<p>[\/perex]<\/p>\r\n<p><a href=\"http:\/\/www.muzeumprahy.cz\">Muzeum m\u011bsta Prahy<\/a> (MMP) v&nbsp;r\u00e1mci sv\u00e9 kni\u017en\u00ed \u0159ady o&nbsp;pra\u017esk\u00fdch historick\u00fdch p\u0159edm\u011bst\u00edch, dnes \u010dtvrt\u00edch \u0161ir\u0161\u00edho pra\u017esk\u00e9ho j\u00e1dra, chyst\u00e1 k&nbsp;vyd\u00e1n\u00ed knihu o&nbsp;Dejvic\u00edch a&nbsp;Buben\u010di. Autorka Kate\u0159ina Be\u010dkov\u00e1 ve spolupr\u00e1ci s&nbsp;MMP se na obyvatele Sedmi\u010dky obrac\u00ed s&nbsp;v\u00fdzvou ur\u010denou v\u0161em, kdo \u017eij\u00ed v&nbsp;oblasti Letn\u00e9 ji\u017e po n\u011bkolik\u00e1tou generaci.<\/p>\r\n<p>Nem\u00e1te ve sv\u00fdch rodinn\u00fdch albech a&nbsp;archivech sn\u00edmky z\u00e1padn\u00ed strany Oveneck\u00e9 ulice, kde je\u0161t\u011b ve dvac\u00e1t\u00fdch letech 20.&nbsp;stolet\u00ed st\u00e1ly jen vily? Prvn\u00ed z&nbsp;nich si zde p\u0159ed rokem 1870 postavil jak\u00fdsi Josef Zeman, m\u011bla bubene\u010dsk\u00e9 \u010d. p. 73 a&nbsp;\u0159\u00edkalo se j\u00ed Zemanka. \u0160iroko daleko kolem n\u00ed byla v&nbsp;t\u00e9 dob\u011b jen pole. V&nbsp;dal\u0161\u00edch desetilet\u00edch se \u0159ada vil rozrostla, zat\u00edmco v&nbsp;okol\u00ed se ji\u017e podle nov\u00e9ho regula\u010dn\u00edho pl\u00e1nu stav\u011bly vysok\u00e9 \u010din\u017eovn\u00ed domy. V&nbsp;pr\u016fb\u011bhu 20.&nbsp;stolet\u00ed i&nbsp;vilky na z\u00e1padn\u00ed stran\u011b Oveneck\u00e9 ulice postupn\u011b zanikly a&nbsp;byly nahrazeny novodobou z\u00e1stavbou. Fotografie vily Zemanky a&nbsp;jej\u00edch soused\u016f jsme bohu\u017eel ve ve\u0159ejn\u00fdch sb\u00edrk\u00e1ch nenalezli, ale zdr\u00e1h\u00e1me se uv\u011b\u0159it tomu, \u017ee by v\u016fbec \u017e\u00e1dn\u00e9 neexistovaly. Pokud o&nbsp;n\u011bjak\u00fdch v\u00edte nebo n\u011bjak\u00e9 m\u00e1te, dejte pros\u00edm v\u011bd\u011bt na e-mail <a href=\"mailto:beckova@muzeumprahy.cz\">beckova@muzeumprahy.cz<\/a> nebo na telefon 251&nbsp;106&nbsp;565.\u00a0<\/p>","protected":false},"excerpt":{"rendered":"[perex] Pohlednice z&nbsp;druh\u00e9ho desetilet\u00ed 20.&nbsp;stolet\u00ed ukazuje pr\u016fhled Oveneckou ulic\u00ed. Pr\u00e1v\u011b odtamtud, kde bydlel jej\u00ed pisatel, jak n\u00e1m sd\u011bluje \u0161ipkou, mohl b\u00fdt velmi p\u011bkn\u00fd pohled na prot\u011bj\u0161\u00ed vilovou stranu ulice. Nem\u00e1te ve sv\u00fdch rodinn\u00fdch albech a&nbsp;archivech sn\u00edmky z\u00e1padn\u00ed strany Oveneck\u00e9 ulice? [\/perex] Muzeum m\u011bsta Prahy (MMP) v&nbsp;r\u00e1mci sv\u00e9 kni\u017en\u00ed \u0159ady o&nbsp;pra\u017esk\u00fdch historick\u00fdch p\u0159edm\u011bst\u00edch, dnes \u010dtvrt\u00edch \u0161ir\u0161\u00edho [&hellip;]","protected":false},"author":76,"featured_media":67820,"comment_status":"closed","ping_status":"open","sticky":false,"template":"","format":"standard","meta":[],"categories":[34],"tags":[],"_links":{"self":[{"href":"https:\/\/www.praha7.cz\/api\/wp\/v2\/posts\/67819"}],"collection":[{"href":"https:\/\/www.praha7.cz\/api\/wp\/v2\/posts"}],"about":[{"href":"https:\/\/www.praha7.cz\/api\/wp\/v2\/types\/post"}],"author":[{"embeddable":true,"href":"https:\/\/www.praha7.cz\/api\/wp\/v2\/users\/76"}],"replies":[{"embeddable":true,"href":"https:\/\/www.praha7.cz\/api\/wp\/v2\/comments?post=67819"}],"version-history":[{"count":5,"href":"https:\/\/www.praha7.cz\/api\/wp\/v2\/posts\/67819\/revisions"}],"predecessor-version":[{"id":68429,"href":"https:\/\/www.praha7.cz\/api\/wp\/v2\/posts\/67819\/revisions\/68429"}],"wp:featuredmedia":[{"embeddable":true,"href":"https:\/\/www.praha7.cz\/api\/wp\/v2\/media\/67820"}],"wp:attachment":[{"href":"https:\/\/www.praha7.cz\/api\/wp\/v2\/media?parent=67819"}],"wp:term":[{"taxonomy":"category","embeddable":true,"href":"https:\/\/www.praha7.cz\/api\/wp\/v2\/categories?post=67819"},{"taxonomy":"post_tag","embeddable":true,"href":"https:\/\/www.praha7.cz\/api\/wp\/v2\/tags?post=67819"}],"curies":[{"name":"wp","href":"https:\/\/api.w.org\/{rel}","templated":true}]}}