    
{"id":67810,"date":"2023-06-22T09:48:48","date_gmt":"2023-06-22T07:48:48","guid":{"rendered":"https:\/\/www.praha7.cz\/?p=67810"},"modified":"2023-06-22T09:48:48","modified_gmt":"2023-06-22T07:48:48","slug":"mali-zahradnici","status":"publish","type":"post","link":"https:\/\/www.praha7.cz\/mali-zahradnici\/","title":{"rendered":"Mal\u00ed zahradn\u00edci"},"content":{"rendered":"<p>[perex]<\/p>\r\n<p>Prvn\u00ed sem\u00ednko projektu neziskov\u00e9 organizace <a href=\"https:\/\/zahonyproskolky.cz\/\">Z\u00e1hony pro \u0161kolky<\/a> bylo na Sedmi\u010dce zaseto v\u00a0roce 2015. Do projektu se tehdy zapojilo sedm na\u0161ich mate\u0159sk\u00fdch \u0161kol. N\u011bkter\u00e9 z\u00a0nich se nad\u00e1le aktivn\u011b \u00fa\u010dastn\u00ed, jin\u00e9 se p\u0159ipojily ned\u00e1vno a\u00a0ty dal\u0161\u00ed si ji\u017e sv\u016fj z\u00e1hon obhospoda\u0159uj\u00ed samy. Jak vlastn\u011b vypad\u00e1 \u0161koln\u00ed rok mal\u00fdch zahradn\u00edk\u016f?<\/p>\r\n<p style=\"text-align: left;\">[\/perex]<br \/>\r\n<br \/>\r\nMonika Mich\u00e1lkov\u00e1, p\u0159edsedkyn\u011b organizace Z\u00e1hony pro \u0161kolky, se inspirovala programem pro \u0161koly sv\u011btov\u00e9 environment\u00e1ln\u00ed organizace Slow Food zalo\u017een\u00e9 v\u00a0roce 1986 v\u00a0It\u00e1lii. Jej\u00edm c\u00edlem je vytvo\u0159en\u00ed sv\u011btov\u00e9 s\u00edt\u011b m\u00edstn\u00edch komunit, kter\u00e1 podporuje lok\u00e1ln\u00ed kulturu a\u00a0tradice spojen\u00e9 s\u00a0j\u00eddlem a\u00a0p\u016fsob\u00ed jako protip\u00f3l vzestupu rychl\u00e9ho stravov\u00e1n\u00ed, tzv. fast food. P\u0159evz\u00edt koncept z\u00a0proslun\u011bn\u00e9ho ji\u017en\u00edho st\u00e1tu v\u0161ak vy\u017eadovalo vytvo\u0159it vlastn\u00ed metodiku \u0161itou na m\u00edru m\u00edstn\u00edm podm\u00ednk\u00e1m, jeliko\u017e nen\u00ed p\u0159ekvapiv\u00e9, \u017ee u\u00a0n\u00e1s se p\u011bstuj\u00ed jin\u00e9 plodiny v\u00a0jin\u00fdch ro\u010dn\u00edch obdob\u00edch. Inovac\u00ed bylo za\u010d\u00edt s\u00a0radost\u00ed z\u00a0vlastn\u00edho p\u011bstov\u00e1n\u00ed ji\u017e v\u00a0p\u0159ed\u0161koln\u00edm v\u011bku. \u201eNa rozd\u00edl od Slow Food jsme se zam\u011b\u0159ili na p\u0159ed\u0161koln\u00ed d\u011bti, kter\u00e9 jsou nejotev\u0159en\u011bj\u0161\u00ed a\u00a0nejvn\u00edmav\u011bj\u0161\u00ed. A\u00a0i\u00a0proto, \u017ee tak\u0159ka v\u0161echny \u0161kolky maj\u00ed vlastn\u00ed zahrady a\u00a0voln\u011bj\u0161\u00ed osnovy. N\u00e1\u0161 projekt vych\u00e1z\u00ed z\u00a0p\u0159esv\u011bd\u010den\u00ed, \u017ee z\u00e1hon a\u00a0p\u00e9\u010de o\u00a0n\u011bj je jedna z\u00a0mo\u017en\u00fdch cest, a\u00a0sv\u00fdm zp\u016fsobem cesta jedine\u010dn\u00e1, jak d\u011btem v\u0161t\u00edpit p\u0159irozen\u00fdm zp\u016fsobem d\u016fle\u017eit\u00e9 a\u00a0u\u017eite\u010dn\u00e9 souvislosti t\u00fdkaj\u00edc\u00ed se kvality j\u00eddla a\u00a0stavu \u017eivotn\u00edho prost\u0159ed\u00ed, i\u00a0to, jak je mohou ovlivnit,\u201c dod\u00e1v\u00e1 Monika. Organizace ji\u017e zapustila sv\u00e9 ko\u0159eny do cca 90 \u0161kolek, p\u0159edev\u0161\u00edm v\u00a0Praze a\u00a0okol\u00ed.<\/p>\r\n<p style=\"text-align: left;\">Zapojen\u00fdm \u0161kolk\u00e1m dodaj\u00ed Z\u00e1hony pro \u0161kolky nejen praktickou zahradnickou v\u00fdbavu \u2013 vyv\u00fd\u0161en\u00fd z\u00e1hon, kompost\u00e9r, sadbu, osivo a\u00a0n\u00e1\u0159ad\u00ed\u010dko, ale i\u00a0didaktick\u00fd program. Cenn\u00fdm pr\u016fvodcem je pro d\u011bti Se\u0161it mal\u00e9ho zahradn\u00edka, interaktivn\u00ed omalov\u00e1nky, kter\u00e9 je prov\u00e1zej\u00ed v\u0161emi z\u00e1honkov\u00fdmi ud\u00e1lostmi a\u00a0n\u00e1m\u011bty\u00a0a\u00a0z\u016fstanou ka\u017ed\u00e9mu d\u00edt\u011bti jako osobn\u00ed z\u00e1pisn\u00edk i\u00a0na pozd\u011bji. Ani u\u010ditel\u00e9 nejsou ochuzeni. \u201eJak rozvinout jednotliv\u00e9 n\u00e1m\u011bty nejen na zahrad\u011b, ale i\u00a0ve t\u0159\u00edd\u011b, najdou v\u00a0p\u0159\u00edru\u010dce pro vyu\u010duj\u00edc\u00ed. V\u00a0n\u00ed je podrobn\u011b pops\u00e1no, co m\u011bs\u00edc po m\u011bs\u00edci na z\u00e1honku s\u00e1zet \u010di s\u00edt, p\u011bstovat, skl\u00edzet. Krom\u011b toho dostanou i\u00a0rady, jak z\u00e1hon rozvrhnout, jak ho chr\u00e1nit p\u0159ed \u0161k\u016fdci a\u00a0jak jej z\u00farod\u0148ovat, aby d\u011bti vid\u011bly zaslou\u017een\u00fd v\u00fdsledek sv\u00e9 pr\u00e1ce,\u201c l\u00ed\u010d\u00ed s\u00a0\u00fasm\u011bvem Monika. \u00davodem do celoro\u010dn\u00edho programu jsou hrav\u00e9 workshopy pro d\u011bti a\u00a0motiva\u010dn\u00ed semin\u00e1\u0159e pro vyu\u010duj\u00edc\u00ed.<\/p>\r\n<p style=\"text-align: left;\"><strong>Zabo\u0159it ruce do hl\u00edny<\/strong><br \/>\r\nZalo\u017een\u00edm z\u00e1honu v\u0161e za\u010d\u00edn\u00e1. Neodmysliteln\u011b k\u00a0n\u011bmu pat\u0159\u00ed i\u00a0kompost, do n\u011bj\u017e d\u011bti odkl\u00e1daj\u00ed nejen plevel ze zahrady, ale i\u00a0od\u0159ezky z\u00a0kuchyn\u011b. O\u00a0tom, \u017ee kompost je skute\u010dn\u00fdm pokladem zahradn\u00edka, se d\u011bti dozv\u011bd\u00ed na \u00favodn\u00edm workshopu u\u00a0z\u00e1honu. D\u00edky n\u011bmu hrav\u00fdm zp\u016fsobem zjist\u00ed, co je p\u016fda a\u00a0co se v\u00a0n\u00ed odehr\u00e1v\u00e1, jak prob\u00edh\u00e1 kolob\u011bh \u017eivin, a\u00a0sezn\u00e1m\u00ed se s\u00a0kr\u00e1lovnami p\u016fdy \u2013 \u017e\u00ed\u017ealami.<\/p>\r\n<p style=\"text-align: left;\">Na podzim u\u017e d\u011bti mohou sklidit prvn\u00ed \u00farodu, pomoci s\u00a0hrab\u00e1n\u00edm list\u00ed a\u00a0zbl\u00edzka pozorovat, jak se z\u00e1hon a\u00a0zahrada chystaj\u00ed k\u00a0zimn\u00edmu sp\u00e1nku. Zahradn\u00edk v\u00a0nich v\u0161ak nemus\u00ed ustrnout v\u00a0\u010dinnosti a\u00a0v\u00a0zim\u011b se m\u016f\u017eou starat o\u00a0pt\u00e1\u010dky. Hlavn\u00ed sezona mal\u00fdch zahradn\u00edk\u016f pak za\u010d\u00edn\u00e1 na ja\u0159e \u2013 poznaj\u00ed, \u017ee s\u00e1zen\u00ed, plen\u00ed a\u00a0zal\u00e9v\u00e1n\u00ed p\u0159in\u00e1\u0161\u00ed \u00farodu.<\/p>\r\n<p style=\"text-align: left;\">Konec \u0161koln\u00edho roku je zavr\u0161en sklizn\u00ed a\u00a0ochutn\u00e1vkou. Pr\u00e1v\u011b s\u00a0n\u00ed pracuje senzorick\u00fd workshop, p\u0159i n\u011bm\u017e se d\u011bti u\u010d\u00ed vn\u00edmat j\u00eddlo v\u0161emi smysly, a\u00a0rozli\u0161uj\u00ed tak jeho kvalitu. \u201eS\u00e1z\u00edme na hravou v\u00fdchovu, p\u0159i kter\u00e9 si d\u011bti p\u0159irozen\u00fdm zp\u016fsobem osvoj\u00ed vztah k\u00a0p\u0159\u00edrod\u011b a\u00a0\u017eivotn\u00edmu prost\u0159ed\u00ed, stejn\u011b jako dobr\u00e9 stravovac\u00ed n\u00e1vyky, jejich\u017e sou\u010d\u00e1st\u00ed je pr\u00e1v\u011b \u010derp\u00e1n\u00ed ze sezonn\u00edch, \u010derstv\u00fdch a\u00a0f\u00e9rov\u00fdch zdroj\u016f. Velk\u00fdm p\u0159\u00ednosem projektu je vytvo\u0159en\u00ed komunity d\u011bt\u00ed, vyu\u010duj\u00edc\u00edch, kucha\u0159ek a\u00a0rodi\u010d\u016f, kte\u0159\u00ed se zapojuj\u00ed formou brig\u00e1d na zahrad\u011b \u2013 p\u0159ehazov\u00e1n\u00ed kompostu, \u00faklid zahrady \u010di spole\u010dn\u00e9 s\u00e1zen\u00ed kv\u011btin nebo strom\u016f,\u201c dod\u00e1v\u00e1 Monika.<\/p>\r\n<p style=\"text-align: left;\">Zahradn\u00ed slavnost s&nbsp;ob\u010derstven\u00edm ze zahr\u00e1dky tradi\u010dn\u011b doprov\u00e1z\u00ed tak\u00e9 divadeln\u00ed p\u0159edstaven\u00ed Poh\u00e1dka o&nbsp;sem\u00ednku. Leto\u0161n\u00ed slavnost, kter\u00e1 se odehr\u00e1la 8.&nbsp;\u010dervna, pat\u0159ila d\u011btem ze \u0161kolek M\u0160 Na V\u00fd\u0161in\u00e1ch, M\u0160 Roz\u00e1rka a&nbsp;M\u0160 Kocour z&nbsp;Prahy&nbsp;7. Posledn\u00ed dv\u011b zm\u00edn\u011bn\u00e9 \u0161kolky se do programu zapojily a\u017e letos. Jin\u00e9 sedmi\u010dkov\u00e9 \u0161koly maj\u00ed sv\u016fj vlastn\u00ed z\u00e1hon, o&nbsp;kter\u00fd se staraj\u00ed, ale aktivn\u011b ji\u017e v&nbsp;programu nejsou. \u201eKa\u017ed\u00fd rok jsou nov\u00ed p\u0159ed\u0161kol\u00e1ci, pro kter\u00e9 je n\u00e1\u0161 program ur\u010den p\u0159edev\u0161\u00edm. Za ohromn\u00fd \u00fasp\u011bch ale pova\u017eujeme i&nbsp;nastartov\u00e1n\u00ed \u010dinnosti kolem z\u00e1honku ve \u0161kolk\u00e1ch a&nbsp;jejich samostatn\u00e9 pokra\u010dov\u00e1n\u00ed v&nbsp;p\u00e9\u010di o&nbsp;n\u011bj,\u201c zakon\u010duje s&nbsp;\u00fasm\u011bvem Monika.\u00a0<\/p>","protected":false},"excerpt":{"rendered":"[perex] Prvn\u00ed sem\u00ednko projektu neziskov\u00e9 organizace Z\u00e1hony pro \u0161kolky bylo na Sedmi\u010dce zaseto v\u00a0roce 2015. Do projektu se tehdy zapojilo sedm na\u0161ich mate\u0159sk\u00fdch \u0161kol. N\u011bkter\u00e9 z\u00a0nich se nad\u00e1le aktivn\u011b \u00fa\u010dastn\u00ed, jin\u00e9 se p\u0159ipojily ned\u00e1vno a\u00a0ty dal\u0161\u00ed si ji\u017e sv\u016fj z\u00e1hon obhospoda\u0159uj\u00ed samy. Jak vlastn\u011b vypad\u00e1 \u0161koln\u00ed rok mal\u00fdch zahradn\u00edk\u016f? [\/perex] Monika Mich\u00e1lkov\u00e1, p\u0159edsedkyn\u011b organizace Z\u00e1hony [&hellip;]","protected":false},"author":76,"featured_media":67811,"comment_status":"closed","ping_status":"open","sticky":false,"template":"","format":"standard","meta":[],"categories":[37],"tags":[],"_links":{"self":[{"href":"https:\/\/www.praha7.cz\/api\/wp\/v2\/posts\/67810"}],"collection":[{"href":"https:\/\/www.praha7.cz\/api\/wp\/v2\/posts"}],"about":[{"href":"https:\/\/www.praha7.cz\/api\/wp\/v2\/types\/post"}],"author":[{"embeddable":true,"href":"https:\/\/www.praha7.cz\/api\/wp\/v2\/users\/76"}],"replies":[{"embeddable":true,"href":"https:\/\/www.praha7.cz\/api\/wp\/v2\/comments?post=67810"}],"version-history":[{"count":1,"href":"https:\/\/www.praha7.cz\/api\/wp\/v2\/posts\/67810\/revisions"}],"predecessor-version":[{"id":67812,"href":"https:\/\/www.praha7.cz\/api\/wp\/v2\/posts\/67810\/revisions\/67812"}],"wp:featuredmedia":[{"embeddable":true,"href":"https:\/\/www.praha7.cz\/api\/wp\/v2\/media\/67811"}],"wp:attachment":[{"href":"https:\/\/www.praha7.cz\/api\/wp\/v2\/media?parent=67810"}],"wp:term":[{"taxonomy":"category","embeddable":true,"href":"https:\/\/www.praha7.cz\/api\/wp\/v2\/categories?post=67810"},{"taxonomy":"post_tag","embeddable":true,"href":"https:\/\/www.praha7.cz\/api\/wp\/v2\/tags?post=67810"}],"curies":[{"name":"wp","href":"https:\/\/api.w.org\/{rel}","templated":true}]}}