    
{"id":67807,"date":"2023-06-22T09:31:15","date_gmt":"2023-06-22T07:31:15","guid":{"rendered":"https:\/\/www.praha7.cz\/?p=67807"},"modified":"2023-06-22T09:31:15","modified_gmt":"2023-06-22T07:31:15","slug":"leto-ve-meste-zazemi-na-ostrove","status":"publish","type":"post","link":"https:\/\/www.praha7.cz\/leto-ve-meste-zazemi-na-ostrove\/","title":{"rendered":"L\u00e9to ve m\u011bst\u011b, z\u00e1zem\u00ed na ostrov\u011b"},"content":{"rendered":"<p>[perex]<\/p>\r\n<p>\u010cas p\u0159\u00edm\u011bstsk\u00fdch t\u00e1bor\u016f je tu. Na Sedmi\u010dce jich tradi\u010dn\u011b najdeme mnoho, ale jeden z\u00a0nich je p\u0159ece jen ojedin\u011bl\u00fd. <a href=\"https:\/\/www.facebook.com\/klubovnaF2stvanice\">Klubovna F2 \u0160tvanice<\/a> p\u0159ipravila na cel\u00e9 l\u00e9to tematick\u00e9 t\u00e1bory pro d\u011bti a\u00a0ml\u00e1de\u017e ve v\u011bku od 12 do 20 let zdarma. B\u011bhem nich se m\u016f\u017eete pono\u0159it do hudby, fotografov\u00e1n\u00ed, zahradni\u010den\u00ed nebo si osvojit z\u00e1kladn\u00ed manu\u00e1ln\u00ed zru\u010dnost. Nev\u00e1hejte a\u00a0vydejte se tam. \u010cas se toti\u017e kr\u00e1t\u00ed, v\u00fdjime\u010dn\u00e9 kulturn\u011b-komunitn\u00ed centrum koncem z\u00e1\u0159\u00ed z\u00a0mapy Sedmi\u010dky zmiz\u00ed.<\/p>\r\n<p>[\/perex]<br \/>\r\n<br \/>\r\nProjekt kulturn\u011b-komunitn\u00edho centra Klubovna F2 \u0160tvanice, kter\u00e9 s\u00eddl\u00ed v&nbsp;budov\u011b Fuchsu 2 u\u00a0Hl\u00e1vkova mostu, vznikl v\u00a0roce 2021 za podpory Evropsk\u00e9 unie, Magistr\u00e1tu hl. m. Prahy a\u00a0m\u011bstsk\u00e9 \u010d\u00e1sti Praha&nbsp;7. V\u00a0tu dobu bylo c\u00edlem zp\u0159\u00edstupnit prostor d\u011btem a\u00a0ml\u00e1de\u017ei co nejv\u00edce, optim\u00e1ln\u011b i\u00a0o\u00a0v\u00edkendu. Poskytnout jim bezpe\u010dn\u00e9 \u00fato\u010di\u0161t\u011b v\u00a0\u010dasech, kdy d\u011bti a\u00a0mlad\u00ed lid\u00e9 obecn\u011b \u010del\u00ed stresu zp\u016fsoben\u00e9mu pr\u00e1v\u011b chyb\u011bj\u00edc\u00edm z\u00e1zem\u00edm, kde by se mohli realizovat a\u00a0kvalitn\u011b tr\u00e1vit \u010das.<\/p>\r\n<p>Hlavn\u00ed zam\u011b\u0159en\u00ed centra je hudba a\u00a0pr\u00e1ce\u00a0s\u00a0n\u00ed, plus sportovn\u00ed aktivity jako dopl\u0148kov\u00fd fokus. Podstatou je, vedle poskytnut\u00ed z\u00e1zem\u00ed d\u011btem a\u00a0ml\u00e1de\u017ei v\u00a0soci\u00e1ln\u011b nep\u0159\u00edzniv\u00e9 situaci, vytvo\u0159en\u00ed bezpe\u010dn\u00e9ho prost\u0159ed\u00ed pro tr\u00e1ven\u00ed voln\u00e9ho \u010dasu a\u00a0z\u00e1rove\u0148 vzd\u011bl\u00e1v\u00e1n\u00ed prost\u0159ednictv\u00edm pravideln\u00fdch i\u00a0nepravideln\u00fdch aktivit, kter\u00e9 zahrnuj\u00ed hudebn\u00ed zku\u0161ebnu, nahr\u00e1vac\u00ed studio, fotokomoru, DJ pult, workshopy a\u00a0p\u0159edn\u00e1\u0161ky v\u011bnovan\u00e9 hudb\u011b, kulturn\u00edmu managementu a\u00a0produkci. Komunitn\u00ed centrum nab\u00edz\u00ed tak\u00e9 workshopy a\u00a0d\u00edlny s\u00a0extern\u00edmi lektory, kde si c\u00edlov\u00e1 skupina i\u00a0osoby z\u00a0\u0161ir\u0161\u00ed komunity mohou osvojit z\u00e1kladn\u00ed manu\u00e1ln\u00ed zru\u010dnost, sezn\u00e1mit se nap\u0159\u00edklad se sv\u00e1\u0159en\u00edm apod. Pro v\u0161echny druhy aktivit jsou v\u00a0centru\u00a0k\u00a0dispozici samostatn\u00e9 za\u0159\u00edzen\u00e9 m\u00edstnosti. Mezi dopl\u0148uj\u00edc\u00ed aktivity Klubovny F2 \u0160tvanice pat\u0159\u00ed cyklistika, environment\u00e1ln\u00ed v\u00fdchova aj. T\u0159et\u00ed podstatnou sou\u010d\u00e1st\u00ed zdej\u0161\u00ed \u010dinnosti je soci\u00e1ln\u00ed poradenstv\u00ed pro ml\u00e1de\u017e.<\/p>\r\n<p><strong>T\u00e9mata vze\u0161l\u00e1 z\u00a0n\u00e1s<\/strong><br \/>\r\nNa l\u00e9to Klubovna F2 p\u0159ichystala p\u0159\u00edm\u011bstsk\u00e9 t\u00e1bory, kter\u00e9 jsou rozd\u011bleny podle t\u00e9mat. V&nbsp;pr\u016fb\u011bhu ka\u017ed\u00e9ho t\u00fddne se konaj\u00ed lekce hudebn\u00ed, fotografick\u00e9, um\u011bleck\u00e9, sv\u00e1\u0159e\u010dsk\u00e9 a&nbsp;zahradnick\u00e9, mimoto i&nbsp;sportovn\u00ed a&nbsp;volno\u010dasov\u00e9 aktivity, p\u0159edn\u00e1\u0161ky o&nbsp;zdrav\u00ed \u010di soci\u00e1ln\u00ed problematice. T\u00fdden v\u017edy vyvrchol\u00ed v\u00fdstupem formou koncertu \u010di v\u00fdstavy a&nbsp;venkovn\u00ed z\u00e1bavy, kter\u00fd spole\u010dn\u011b zorganizuj\u00ed d\u011bti\/ml\u00e1de\u017e a&nbsp;pracovn\u00edci kulturn\u011b-komunitn\u00edho centra. \u201eV\u0161echna n\u00e1mi nab\u00edzen\u00e1 t\u00e9mata se vlastn\u011b dot\u00fdkaj\u00ed ka\u017ed\u00e9ho z&nbsp;n\u00e1s. T\u00e9ma Urban jsme zvolili kv\u016fli m\u011bstu a&nbsp;budov\u011b Fuchs2, ve kter\u00e9 s\u00eddl\u00edme, jeliko\u017e skr\u00fdv\u00e1 mnoho kr\u00e1s a&nbsp;historie, kter\u00e9 \u010dlov\u011bk na prvn\u00ed pohled ani nevid\u00ed a&nbsp;nevn\u00edm\u00e1. Nature t\u00e9ma je op\u011bt nav\u00e1zan\u00e9 na budovu Fuchsu, kter\u00e1 i\u00a0p\u0159esto, \u017ee se nach\u00e1z\u00ed v\u00a0centru m\u011bsta, stoj\u00ed na ostrov\u011b, kter\u00fd disponuje bohatou p\u0159\u00edrodou. Z\u00e1rove\u0148 je ostrov \u0160tvanice vhodn\u00fdm p\u0159\u00edkladem pro synergii mezi p\u0159\u00edrodou a\u00a0m\u011bstem i\u00a0z\u00a0pohledu ekologie \u2013 V\u010dely \u0161tvanice, komunitn\u00ed zahr\u00e1dka, Vlna \u0160tvanice. T\u00e9ma Oldschool bylo jasnou volbou. Jeliko\u017e zn\u00e1t historii a\u00a0p\u016fvod je obecn\u011b d\u016fle\u017eit\u00e9, abychom si mohli v\u00e1\u017eit v\u011bc\u00ed, kter\u00e9 v\u00a0ka\u017edodenn\u00edm \u017eivot\u011b pou\u017e\u00edv\u00e1me a\u00a0jsou pro n\u00e1s u\u017e zcela b\u011b\u017en\u00e9. Proto se na\u0161e workshopy v\u00a0tomto t\u00e9matu zab\u00fdvaj\u00ed histori\u00ed um\u011bleck\u00fdch, fotografick\u00fdch a\u00a0hudebn\u00edch technik. T\u00e9ma Futurismus n\u00e1m naopak uk\u00e1\u017ee, kam a\u017e se nejen v\u00a0um\u011bleck\u00fdch sf\u00e9r\u00e1ch m\u016f\u017eeme dostat. Ka\u017ed\u00fd z\u00a0n\u00e1s toti\u017e p\u0159em\u00fd\u0161l\u00ed nad t\u00edm, co bude v\u00a0budoucnu, proto chceme p\u0159edstavit techniky, kter\u00e9 budou jednou sou\u010d\u00e1st\u00ed na\u0161eho ka\u017edodenn\u00edho \u017eivota,\u201c up\u0159es\u0148uje Ksenia Usacheva, vedouc\u00ed Klubovny F2.<\/p>\r\n<p><strong>Tr\u00e1vit \u010das plnohodnotn\u011b<\/strong><br \/>\r\nMy\u0161lenka t\u00fddenn\u00edch t\u00e1bor\u016f se zrodila ji\u017e v\u00a0minul\u00e9m roce, kdy Klubovna uspo\u0159\u00e1dala podobn\u00fd koncept. \u201eL\u00e9to a\u00a0pr\u00e1zdniny znamenaj\u00ed pro d\u011bti a\u00a0ml\u00e1de\u017e spousty voln\u00e9ho \u010dasu, a\u017e \u010dasto nev\u011bd\u00ed, jak ho vyplnit. Jako\u017eto komunitn\u00ed centrum disponujeme prostory a\u00a0lektory, kter\u00e9 d\u011btem a\u00a0mlad\u00fdm lidem m\u016f\u017eeme nab\u00eddnout, a\u00a0pomoci jim tak z\u00e1bavn\u011b a\u00a0plnohodnotn\u011b vyplnit voln\u00fd \u010das. A\u00a0pr\u00e1v\u011b proto jsme p\u0159i\u0161li s\u00a0t\u00edmto n\u00e1padem. B\u011bhem \u0161koln\u00edho roku k\u00a0n\u00e1m n\u00e1v\u0161t\u011bvn\u00edci doch\u00e1zej\u00ed na pravideln\u00e9 lekce, kter\u00e9 se v\u011bt\u0161inou konaj\u00ed jednou t\u00fddn\u011b nebo jednou m\u011bs\u00ed\u010dn\u011b. T\u00fddenn\u00ed t\u00e1borov\u00fd program pak umo\u017e\u0148uje intenzivn\u011bj\u0161\u00ed a\u00a0komplexn\u011bj\u0161\u00ed pozn\u00e1n\u00ed n\u00e1mi nab\u00edzen\u00fdch aktivit,\u201c dod\u00e1v\u00e1 Ksenia.<\/p>\r\n<p>Klubovna F2 \u0160tvanice m\u00e1 vlastn\u00ed t\u00fdm st\u00e1l\u00fdch lektor\u016f, kte\u0159\u00ed jsou sou\u010d\u00e1st\u00ed pra\u017esk\u00e9 kulturn\u00ed sc\u00e9ny. Um\u011bn\u00ed se v\u011bnuj\u00ed naplno jak v\u00a0osobn\u00ed, tak ve studijn\u00ed sf\u00e9\u0159e. Pr\u00e1v\u011b oni povedou v\u011bt\u0161inu lekc\u00ed. \u201eZ\u00e1rove\u0148 velmi r\u00e1di spolupracujeme\u00a0s\u00a0extern\u00edmi lektory, kte\u0159\u00ed jsou spojeni s\u00a0na\u0161\u00ed budovou a\u00a0komunitou a\u00a0v\u011bnuj\u00ed se jin\u00fdm aktivit\u00e1m, ne\u017e na\u0161i st\u00e1l\u00ed lekto\u0159i, jako je nap\u0159\u00edklad sv\u00e1\u0159e\u010dsk\u00e1 d\u00edlna nebo cyklod\u00edlna BikeKitchen. V\u00a0r\u00e1mci p\u0159edn\u00e1\u0161ek jsme se propojili se soci\u00e1ln\u00edmi organizacemi, kter\u00e9 budou hovo\u0159it o\u00a0t\u00e9matech jako nap\u0159\u00edklad AIDS, drogov\u00e1 problematika apod. Vn\u00edm\u00e1me, \u017ee je d\u016fle\u017eit\u00e9 o\u00a0t\u011bchto t\u00e9matech mluvit nahlas a\u00a0p\u0159ed\u00e1vat je mlad\u0161\u00edm generac\u00edm,\u201c l\u00ed\u010d\u00ed Ksenia.<\/p>\r\n<p><strong>\u010cas se kr\u00e1t\u00ed<\/strong><br \/>\r\nKdy\u017e jsem polo\u017eila ot\u00e1zku, na co se m\u016f\u017eeme t\u011b\u0161it po pr\u00e1zdnin\u00e1ch, o\u010dek\u00e1vala jsem dal\u0161\u00ed smr\u0161\u0165 aktivit, ale dostalo se mi nemil\u00e9 zpr\u00e1vy. \u201eN\u00e1\u0161 projekt je financov\u00e1n z&nbsp;fondu Evropsk\u00e9 struktur\u00e1ln\u00ed a&nbsp;investi\u010dn\u00ed fondy OP Praha \u2013 p\u00f3l r\u016fstu \u010cR spole\u010dn\u011b s&nbsp;podporou z&nbsp;Magistr\u00e1tu hl. m. Prahy a&nbsp;funguje na vyhrazenou dobu dvou let. Na konci m\u011bs\u00edce z\u00e1\u0159\u00ed tak Klubovna F2 \u0160tvanice jako\u017eto kulturn\u011b-komunitn\u00ed centrum kon\u010d\u00ed, dal\u0161\u00ed fungov\u00e1n\u00ed se je\u0161t\u011b pl\u00e1nuje. V&nbsp;posledn\u00edm m\u011bs\u00edci projektu chceme ur\u010dit\u011b je\u0161t\u011b naposledy co nejv\u00edce vyu\u017e\u00edt na\u0161e mo\u017enosti a&nbsp;uspo\u0159\u00e1dat exkluzivn\u00ed workshopy s&nbsp;r\u016fzn\u00fdmi lektory a&nbsp;tr\u00e1vit s&nbsp;d\u011btmi \u010das. Proto nev\u00e1hejte a&nbsp;vyu\u017eijte mo\u017enost z\u00fa\u010dastnit se aktivit, kter\u00e9 v\u00e1m nab\u00edz\u00edme, do posledn\u00ed chv\u00edle,\u201c uzav\u00edr\u00e1 Elisabeth Tothov\u00e1, projektov\u00e1 mana\u017eerka kulturn\u011b-komunitn\u00edho centra Klubovna F2 \u0160tvanice.<\/p>\r\n<hr \/>\r\n<p>T\u00fddenn\u00ed letn\u00ed p\u0159\u00edm\u011bstsk\u00fd program pro mlad\u00e9 lidi od 12 do 20 let v&nbsp;kulturn\u011b- -komunitn\u00edm centru Klubovna F2 \u0160tvanice je zcela zdarma. Je tak\u00e9 vhodn\u00fd pro jakoukoliv jazykovou skupinu, Klubovna v&nbsp;p\u0159\u00edpad\u011b pot\u0159eby zajist\u00ed doprovod i&nbsp;tlumo\u010den\u00ed. Kapacita v&nbsp;jednom t\u00fddnu je maxim\u00e1ln\u011b 20 \u00fa\u010dastn\u00edk\u016f. Registra\u010dn\u00ed formul\u00e1\u0159 najdete na webov\u00e9 str\u00e1nce <a href=\"http:\/\/www.fuchs2.cz\/about-1\">www.fuchs2.cz\/about-1<\/a>.<\/p>\r\n<p><strong>T\u00e9mata t\u00e1bor\u016f<br \/>\r\n<\/strong>Urban (10.\u201314.&nbsp;7.&nbsp;a\u00a07.\u201311.&nbsp;8.)<\/p>\r\n<ul>\r\n\t<li>progresivn\u00ed hudba, fotografov\u00e1n\u00ed \u2013 architektura a\u00a0m\u011bsto, street art a\u00a0DIY workshopy, p\u0159edn\u00e1\u0161ky souvisej\u00edc\u00ed se soci\u00e1ln\u00ed problematikou<\/li>\r\n<\/ul>\r\n<p>Nature (17.\u201321.&nbsp;7.&nbsp;a\u00a014.\u201318.&nbsp;8.)<\/p>\r\n<ul>\r\n\t<li>etnick\u00e1 a\u00a0ambientn\u00ed hudba, p\u0159\u00edrodn\u00ed um\u011bleck\u00e9 techniky, workshopy a\u00a0p\u0159edn\u00e1\u0161ky o\u00a0p\u0159\u00edrod\u011b, zdrav\u00ed a\u00a0komunitn\u00edch projektech<\/li>\r\n<\/ul>\r\n<p>Oldschool (24.\u201328.&nbsp;7.&nbsp;a\u00a021.\u201325.&nbsp;8.)<\/p>\r\n<ul>\r\n\t<li>analogov\u00e1 a\u00a0hip-hop hudba, analogov\u00e9 fotografick\u00e9 techniky, tradi\u010dn\u00ed um\u011bleck\u00e9 techniky, p\u0159edn\u00e1\u0161ky a\u00a0workshopy o\u00a0historii hudby, fotografie a\u00a0m\u011bsta<\/li>\r\n<\/ul>\r\n<p>Futurism (31.&nbsp;7.\u20134.&nbsp;8.&nbsp;a\u00a028.&nbsp;8.\u20131.&nbsp;9.)<\/p>\r\n<ul>\r\n\t<li>sou\u010dasn\u00e1 neo hudba, digit\u00e1ln\u00ed fotografick\u00e9 techniky, technick\u00e9 workshopy a&nbsp;p\u0159edn\u00e1\u0161ky \u2013 sv\u011bteln\u00e9 projekce, um\u011bn\u00ed v&nbsp;budoucnosti apod.<\/li>\r\n<\/ul>\r\n<hr \/>\r\n<p><strong>Harmonogram dne v\u00a0l\u00e9t\u011b<\/strong><\/p>\r\n<p><strong>po\u2013\u010dt 10\u201315 hodin<\/strong><\/p>\r\n<p>10.00\u201310.30 program dne (rozd\u011blen\u00ed do skupin)<\/p>\r\n<p>10.30\u201311.00 spole\u010dn\u00e1 j\u00f3ga\/gymnastika nebo spole\u010dn\u00e1 hra\/sport<\/p>\r\n<p>11.00\u201314.30 lekce \u2013 fotokomora, hudebn\u00ed studio, um\u011bleck\u00fd krou\u017eek<\/p>\r\n<p>14.30\u201315.00 spole\u010dn\u00e1 beseda<\/p>\r\n<hr \/>\r\n<p><strong>p\u00e1 11\u201314 hodin<\/strong><\/p>\r\n<p>11.00 program dne (rozd\u011blen\u00ed do skupin)<\/p>\r\n<p>11.00\u201312.00 p\u0159\u00edprava a\u00a0organizace prostoru pro spole\u010dn\u00fd z\u00e1v\u011bre\u010dn\u00fd v\u00fdstup akce<\/p>\r\n<p>12.00\u201313.45 v\u00fdstup \u2013 v\u00fdstava\/koncert\/p\u0159edstaven\u00ed<\/p>\r\n<p>13.45\u201314.00 ukon\u010den\u00ed<\/p>","protected":false},"excerpt":{"rendered":"[perex] \u010cas p\u0159\u00edm\u011bstsk\u00fdch t\u00e1bor\u016f je tu. Na Sedmi\u010dce jich tradi\u010dn\u011b najdeme mnoho, ale jeden z\u00a0nich je p\u0159ece jen ojedin\u011bl\u00fd. Klubovna F2 \u0160tvanice p\u0159ipravila na cel\u00e9 l\u00e9to tematick\u00e9 t\u00e1bory pro d\u011bti a\u00a0ml\u00e1de\u017e ve v\u011bku od 12 do 20 let zdarma. B\u011bhem nich se m\u016f\u017eete pono\u0159it do hudby, fotografov\u00e1n\u00ed, zahradni\u010den\u00ed nebo si osvojit z\u00e1kladn\u00ed manu\u00e1ln\u00ed zru\u010dnost. Nev\u00e1hejte [&hellip;]","protected":false},"author":76,"featured_media":67808,"comment_status":"closed","ping_status":"open","sticky":false,"template":"","format":"standard","meta":[],"categories":[37],"tags":[],"_links":{"self":[{"href":"https:\/\/www.praha7.cz\/api\/wp\/v2\/posts\/67807"}],"collection":[{"href":"https:\/\/www.praha7.cz\/api\/wp\/v2\/posts"}],"about":[{"href":"https:\/\/www.praha7.cz\/api\/wp\/v2\/types\/post"}],"author":[{"embeddable":true,"href":"https:\/\/www.praha7.cz\/api\/wp\/v2\/users\/76"}],"replies":[{"embeddable":true,"href":"https:\/\/www.praha7.cz\/api\/wp\/v2\/comments?post=67807"}],"version-history":[{"count":1,"href":"https:\/\/www.praha7.cz\/api\/wp\/v2\/posts\/67807\/revisions"}],"predecessor-version":[{"id":67809,"href":"https:\/\/www.praha7.cz\/api\/wp\/v2\/posts\/67807\/revisions\/67809"}],"wp:featuredmedia":[{"embeddable":true,"href":"https:\/\/www.praha7.cz\/api\/wp\/v2\/media\/67808"}],"wp:attachment":[{"href":"https:\/\/www.praha7.cz\/api\/wp\/v2\/media?parent=67807"}],"wp:term":[{"taxonomy":"category","embeddable":true,"href":"https:\/\/www.praha7.cz\/api\/wp\/v2\/categories?post=67807"},{"taxonomy":"post_tag","embeddable":true,"href":"https:\/\/www.praha7.cz\/api\/wp\/v2\/tags?post=67807"}],"curies":[{"name":"wp","href":"https:\/\/api.w.org\/{rel}","templated":true}]}}