    
{"id":67790,"date":"2023-06-22T09:11:36","date_gmt":"2023-06-22T07:11:36","guid":{"rendered":"https:\/\/www.praha7.cz\/?p=67790"},"modified":"2023-06-22T09:11:36","modified_gmt":"2023-06-22T07:11:36","slug":"lekar-jako-komunikacni-most","status":"publish","type":"post","link":"https:\/\/www.praha7.cz\/lekar-jako-komunikacni-most\/","title":{"rendered":"L\u00e9ka\u0159 jako komunika\u010dn\u00ed most"},"content":{"rendered":"<p>Do za\u010d\u00e1tku v\u00e1lky na Ukrajin\u011b byla pan\u00ed doktorka Halyna Shchepankevych praktickou l\u00e9ka\u0159kou v\u00a0Kyjev\u011b. D\u00edky 15let\u00e9 praxi pracovala ve dvou zdravotnick\u00fdch za\u0159\u00edzen\u00edch na pozici prim\u00e1\u0159ky a\u00a0praktick\u00e9 l\u00e9ka\u0159ky. Kdy\u017e p\u0159ijela do Prahy, rychle se pustila do studia \u010desk\u00e9ho jazyka a\u00a0intenzivn\u011b komunikovala s\u00a0l\u00e9ka\u0159i z\u00a0Ukrajiny, kte\u0159\u00ed se jako ona ne\u010dekan\u011b ocitli v\u00a0na\u0161\u00ed zemi. Jednoho dne na\u0161la na internetu ve skupin\u011b l\u00e9ka\u0159\u016f ozn\u00e1men\u00ed, \u017ee pan\u00ed doktorka Hana Skalov\u00e1 z\u00a0Prahy&nbsp;7 hled\u00e1 l\u00e9ka\u0159e do sv\u00e9 ordinace. \u201e\u0160la jsem na pohovor a\u00a0dopadlo to dob\u0159e. Pr\u00e1v\u011b pan\u00ed Hana a\u00a0jej\u00ed rodina m\u011b a\u00a0moji rodinu od za\u010d\u00e1tku velmi podporovaly, co\u017e mi dalo p\u0159\u00edle\u017eitost c\u00edtit se jako doma nejen v\u00a0pr\u00e1ci, ale i\u00a0v\u00a0ka\u017edodenn\u00edm \u017eivot\u011b. Podporu jsem v\u0161ak c\u00edtila tak\u00e9 od ostatn\u00edch koleg\u016f z\u00a0ordinace a\u00a0pod\u011bkov\u00e1n\u00ed si zaslou\u017e\u00ed t\u00e9\u017e pacienti a\u00a0lid\u00e9, kte\u0159\u00ed m\u011b mor\u00e1ln\u011b i\u00a0materi\u00e1ln\u011b podporovali a\u00a0nad\u00e1le v\u00a0tom pokra\u010duj\u00ed.\u201c<\/p>\r\n<p>Od dubna minul\u00e9ho roku jste tak pan\u00ed doktorku Haly mohli potk\u00e1vat v\u00a0ordinaci Senecio v\u00a0Tusarov\u011b ulici, kde za\u010dala pracovat v\u00a0r\u00e1mci programu podpory Spole\u010dnosti v\u0161eobecn\u00e9ho l\u00e9ka\u0159stv\u00ed p\u0159i zaji\u0161\u0165ov\u00e1n\u00ed pr\u00e1ce pro ukrajinsk\u00e9 l\u00e9ka\u0159e \u2013 s\u00a0c\u00edlem zlep\u0161it komunikaci s\u00a0ukrajinsk\u00fdmi uprchl\u00edky ve vztahu pacient a\u00a0l\u00e9ka\u0159. D\u00edky tomu ve spolupr\u00e1ci se v\u0161emi l\u00e9ka\u0159i v\u00a0ordinaci a\u00a0s\u00a0odborem soci\u00e1ln\u00edho za\u010dle\u0148ov\u00e1n\u00ed M\u010c Praha&nbsp;7 konzultovali a\u00a0poskytovali pomoc 53 uprchl\u00edk\u016fm. \u201eKdy\u017e nezn\u00e1te jazyk, jste ve stresuj\u00edc\u00edm stavu, nemocn\u00ed a\u00a0nevyzn\u00e1te se ve zdej\u0161\u00edm syst\u00e9mu zdravotn\u00ed p\u00e9\u010de, je to skute\u010dn\u011b t\u011b\u017ek\u00e9. Stala jsem se pro n\u011b komunika\u010dn\u00edm mostem.\u201c Pan\u00ed Haly se v\u0161ak nestarala jen o\u00a0ukrajinsk\u00e9 pacienty, ale zapojila se i\u00a0do ka\u017edodenn\u00edho fungov\u00e1n\u00ed ordinace a\u00a0preventivn\u00ed p\u00e9\u010de. Velkou m\u011brou pomohla dohnat covidov\u00fd dluh ve zdravotn\u00ed p\u00e9\u010di \u2013 od kv\u011btna minul\u00e9ho roku kup\u0159\u00edkladu spole\u010dn\u011b s\u00a0doktorkou Skalovou provedly 1265 preventivn\u00edch prohl\u00eddek. \u201eV\u011b\u0159\u00edm, \u017ee to, co jsem se tady v\u00a0praxi nau\u010dila, pln\u011b vyu\u017eiji\u00a0i\u00a0po sv\u00e9m n\u00e1vratu dom\u016f. Nap\u0159\u00edklad rehabilitace a\u00a0pe\u010dovatelsk\u00e9 slu\u017eby jsou v\u00a0Praze 7 na vysok\u00e9 \u00farovni, je co se u\u010dit.\u201c<\/p>\r\n<p>Od za\u010d\u00e1tku spolupr\u00e1ce bylo domluveno, \u017ee se pan\u00ed Haly vr\u00e1t\u00ed dom\u016f, a\u017e v\u00e1lka skon\u010d\u00ed. Ta ale bohu\u017eel nekon\u010d\u00ed. \u201eKa\u017ed\u00fdm dnem se situace m\u011bn\u00ed, ne v\u0161ak k\u00a0lep\u0161\u00edmu. Nau\u010dila jsem se proto \u017e\u00edt ze dne na den, bez pl\u00e1n\u016f. A\u017e do doby, kdy Rusko p\u0159estane bombardovat na\u0161e m\u011bsta.\u201c I\u00a0navzdory p\u0159etrv\u00e1vaj\u00edc\u00edmu v\u00e1le\u010dn\u00e9mu stavu pan\u00ed Haly ordinaci s\u00a0posledn\u00edm kv\u011btnov\u00fdm dnem opustila. Pro to, aby mohla svoji pr\u00e1ci vykon\u00e1vat jako samostatn\u00e1 l\u00e9ka\u0159ka, nem\u00e1 aprobaci, kterou \u010desk\u00fd z\u00e1kon po\u017eaduje. \u201ePokud se nebudu moci brzy vr\u00e1tit dom\u016f, za\u010dnu hledat novou pr\u00e1ci a\u00a0na podzim si ud\u011bl\u00e1m aproba\u010dn\u00ed zkou\u0161ky, abych zde mohla z\u016fstat. V\u011b\u0159\u00edm ale, \u017ee po \u010dern\u00e9m pruhu n\u00e1sleduje b\u00edl\u00fd a\u00a0brzy p\u0159ijde nov\u00fd za\u010d\u00e1tek. Ne v\u0161ak bez pot\u0159ebn\u00e9 pomoci, proto\u017ee zlo dok\u00e1\u017eeme p\u0159ekonat jen spole\u010dn\u011b. P\u0159eji v\u0161em \u010cech\u016fm, aby se c\u00edtili jako svobodn\u00ed a\u00a0\u0161\u0165astn\u00ed lid\u00e9 a\u00a0byli dlouho zdrav\u00ed.\u201c<\/p>","protected":false},"excerpt":{"rendered":"Do za\u010d\u00e1tku v\u00e1lky na Ukrajin\u011b byla pan\u00ed doktorka Halyna Shchepankevych praktickou l\u00e9ka\u0159kou v\u00a0Kyjev\u011b. D\u00edky 15let\u00e9 praxi pracovala ve dvou zdravotnick\u00fdch za\u0159\u00edzen\u00edch na pozici prim\u00e1\u0159ky a\u00a0praktick\u00e9 l\u00e9ka\u0159ky. Kdy\u017e p\u0159ijela do Prahy, rychle se pustila do studia \u010desk\u00e9ho jazyka a\u00a0intenzivn\u011b komunikovala s\u00a0l\u00e9ka\u0159i z\u00a0Ukrajiny, kte\u0159\u00ed se jako ona ne\u010dekan\u011b ocitli v\u00a0na\u0161\u00ed zemi. Jednoho dne na\u0161la na internetu ve [&hellip;]","protected":false},"author":76,"featured_media":67791,"comment_status":"closed","ping_status":"open","sticky":false,"template":"","format":"standard","meta":[],"categories":[37],"tags":[],"_links":{"self":[{"href":"https:\/\/www.praha7.cz\/api\/wp\/v2\/posts\/67790"}],"collection":[{"href":"https:\/\/www.praha7.cz\/api\/wp\/v2\/posts"}],"about":[{"href":"https:\/\/www.praha7.cz\/api\/wp\/v2\/types\/post"}],"author":[{"embeddable":true,"href":"https:\/\/www.praha7.cz\/api\/wp\/v2\/users\/76"}],"replies":[{"embeddable":true,"href":"https:\/\/www.praha7.cz\/api\/wp\/v2\/comments?post=67790"}],"version-history":[{"count":1,"href":"https:\/\/www.praha7.cz\/api\/wp\/v2\/posts\/67790\/revisions"}],"predecessor-version":[{"id":67792,"href":"https:\/\/www.praha7.cz\/api\/wp\/v2\/posts\/67790\/revisions\/67792"}],"wp:featuredmedia":[{"embeddable":true,"href":"https:\/\/www.praha7.cz\/api\/wp\/v2\/media\/67791"}],"wp:attachment":[{"href":"https:\/\/www.praha7.cz\/api\/wp\/v2\/media?parent=67790"}],"wp:term":[{"taxonomy":"category","embeddable":true,"href":"https:\/\/www.praha7.cz\/api\/wp\/v2\/categories?post=67790"},{"taxonomy":"post_tag","embeddable":true,"href":"https:\/\/www.praha7.cz\/api\/wp\/v2\/tags?post=67790"}],"curies":[{"name":"wp","href":"https:\/\/api.w.org\/{rel}","templated":true}]}}